{"id":2674,"date":"2023-12-24T21:02:49","date_gmt":"2023-12-24T20:02:49","guid":{"rendered":"https:\/\/oase-gronau-losser.org\/nl\/?p=2674"},"modified":"2023-12-24T21:02:49","modified_gmt":"2023-12-24T20:02:49","slug":"kerstmis","status":"publish","type":"post","link":"https:\/\/oase-gronau-losser.org\/nl\/2023\/kerstmis\/","title":{"rendered":"Kerstmis"},"content":{"rendered":"<p>Die Kerze<\/p>\n<p>Welch ein geheimnisvoller Schimmer<\/p>\n<p>Geht von einer Kerze aus.<\/p>\n<p>Ihr Schein bringt Licht in jedes Zimmer und<\/p>\n<p>Herzensw\u00e4rme uns ins Haus.<\/p>\n<p>&nbsp;<\/p>\n<p>Die kleine Flamme flackert still,<\/p>\n<p>wirft ihren Schatten an die Wand.<\/p>\n<p>Ich glaub`, dass sie uns sagen will:<\/p>\n<p>\u201eHaltet Frieden hier im Land.\u201c<\/p>\n<p>&nbsp;<\/p>\n<p>Im Fenster spiegelt sich ihr Strahl,<\/p>\n<p>in ihrer N\u00e4he niemand friert.<\/p>\n<p>Und du sp\u00fcrst mit einem Mal,<\/p>\n<p>wie es auch in dir Weihnacht wird.<\/p>\n<p>(J. Weingartmair)<\/p>\n<p><strong>\u00a0<\/strong><\/p>\n<p><em>Liebe Mitglieder und Freunde der Oase,<\/em><\/p>\n<p>Anfang des Jahres hatten wir recht arbeitsreiche Wochen. Auf dem Gel\u00e4nde der Oase wurden zwei Wohncontainer aufgestellt und eingerichtet. Drum herum konnten wir eine Hecke anpflanzen.<\/p>\n<p>Mit dem Ostergottesdienst begann die Oasesaison mit einigen Veranstaltungen \u2013 bis hin zum gut besuchten Fr\u00fcchtefest zu Erntedank. Wir sind froh, dass es auf der Oase weiterging.<\/p>\n<p>Im Namen des ganzen Teams m\u00f6chte ich mich f\u00fcr die Unterst\u00fctzung bedanken und w\u00fcnsche Ihnen und Euch frohe und besinnliche Weihnachten und ein gesundes, gl\u00fcckliches neues Jahr.<\/p>\n<p>M\u00f6ge das Friedenslicht etwas dazu beitragen, die Welt friedvoller und freundlicher zu gestalten.<\/p>\n<p>&nbsp;<\/p>\n<p>&nbsp;<\/p>\n","protected":false},"excerpt":{"rendered":"<p>Die Kerze Welch ein geheimnisvoller Schimmer Geht von einer Kerze aus. Ihr Schein bringt Licht in jedes Zimmer und Herzensw\u00e4rme uns ins Haus. &nbsp; Die kleine Flamme flackert still, wirft ihren Schatten an die Wand. Ich glaub`, dass sie uns sagen will: \u201eHaltet Frieden hier im Land.\u201c &nbsp; Im Fenster [&hellip;]<\/p>\n","protected":false},"author":2,"featured_media":0,"comment_status":"closed","ping_status":"open","sticky":false,"template":"","format":"standard","meta":{"_acf_changed":false,"footnotes":""},"categories":[1],"tags":[],"class_list":["post-2674","post","type-post","status-publish","format-standard","hentry","category-allgemein"],"acf":[],"yoast_head":"<!-- This site is optimized with the Yoast SEO plugin v27.5 - https:\/\/yoast.com\/product\/yoast-seo-wordpress\/ -->\n<title>Kerstmis - Oecumenische Kerkentuin OASE<\/title>\n<meta name=\"robots\" content=\"index, follow, max-snippet:-1, max-image-preview:large, max-video-preview:-1\" \/>\n<link rel=\"canonical\" href=\"https:\/\/oase-gronau-losser.org\/nl\/2023\/kerstmis\/\" \/>\n<meta property=\"og:locale\" content=\"nl_NL\" \/>\n<meta property=\"og:type\" content=\"article\" \/>\n<meta property=\"og:title\" content=\"Kerstmis - Oecumenische Kerkentuin OASE\" \/>\n<meta property=\"og:description\" content=\"Die Kerze Welch ein geheimnisvoller Schimmer Geht von einer Kerze aus. Ihr Schein bringt Licht in jedes Zimmer und Herzensw\u00e4rme uns ins Haus. &nbsp; Die kleine Flamme flackert still, wirft ihren Schatten an die Wand. Ich glaub`, dass sie uns sagen will: \u201eHaltet Frieden hier im Land.\u201c &nbsp; Im Fenster [&hellip;]\" \/>\n<meta property=\"og:url\" content=\"https:\/\/oase-gronau-losser.org\/nl\/2023\/kerstmis\/\" \/>\n<meta property=\"og:site_name\" content=\"Oecumenische Kerkentuin OASE\" \/>\n<meta property=\"article:published_time\" content=\"2023-12-24T20:02:49+00:00\" \/>\n<meta name=\"author\" content=\"Marlies Gartmann\" \/>\n<meta name=\"twitter:card\" content=\"summary_large_image\" \/>\n<meta name=\"twitter:label1\" content=\"Geschreven door\" \/>\n\t<meta name=\"twitter:data1\" content=\"Marlies Gartmann\" \/>\n\t<meta name=\"twitter:label2\" content=\"Geschatte leestijd\" \/>\n\t<meta name=\"twitter:data2\" content=\"1 minuut\" \/>\n<script type=\"application\/ld+json\" class=\"yoast-schema-graph\">{\"@context\":\"https:\\\/\\\/schema.org\",\"@graph\":[{\"@type\":\"Article\",\"@id\":\"https:\\\/\\\/oase-gronau-losser.org\\\/nl\\\/2023\\\/kerstmis\\\/#article\",\"isPartOf\":{\"@id\":\"https:\\\/\\\/oase-gronau-losser.org\\\/nl\\\/2023\\\/kerstmis\\\/\"},\"author\":{\"name\":\"Marlies Gartmann\",\"@id\":\"https:\\\/\\\/oase-gronau-losser.org\\\/nl\\\/#\\\/schema\\\/person\\\/9380b6b869112d87ee8b88736ef26ab4\"},\"headline\":\"Kerstmis\",\"datePublished\":\"2023-12-24T20:02:49+00:00\",\"mainEntityOfPage\":{\"@id\":\"https:\\\/\\\/oase-gronau-losser.org\\\/nl\\\/2023\\\/kerstmis\\\/\"},\"wordCount\":186,\"articleSection\":[\"Allgemein\"],\"inLanguage\":\"nl-NL\"},{\"@type\":\"WebPage\",\"@id\":\"https:\\\/\\\/oase-gronau-losser.org\\\/nl\\\/2023\\\/kerstmis\\\/\",\"url\":\"https:\\\/\\\/oase-gronau-losser.org\\\/nl\\\/2023\\\/kerstmis\\\/\",\"name\":\"Kerstmis - Oecumenische Kerkentuin OASE\",\"isPartOf\":{\"@id\":\"https:\\\/\\\/oase-gronau-losser.org\\\/nl\\\/#website\"},\"datePublished\":\"2023-12-24T20:02:49+00:00\",\"author\":{\"@id\":\"https:\\\/\\\/oase-gronau-losser.org\\\/nl\\\/#\\\/schema\\\/person\\\/9380b6b869112d87ee8b88736ef26ab4\"},\"breadcrumb\":{\"@id\":\"https:\\\/\\\/oase-gronau-losser.org\\\/nl\\\/2023\\\/kerstmis\\\/#breadcrumb\"},\"inLanguage\":\"nl-NL\",\"potentialAction\":[{\"@type\":\"ReadAction\",\"target\":[\"https:\\\/\\\/oase-gronau-losser.org\\\/nl\\\/2023\\\/kerstmis\\\/\"]}]},{\"@type\":\"BreadcrumbList\",\"@id\":\"https:\\\/\\\/oase-gronau-losser.org\\\/nl\\\/2023\\\/kerstmis\\\/#breadcrumb\",\"itemListElement\":[{\"@type\":\"ListItem\",\"position\":1,\"name\":\"Home\",\"item\":\"https:\\\/\\\/oase-gronau-losser.org\\\/nl\\\/\"},{\"@type\":\"ListItem\",\"position\":2,\"name\":\"Kerstmis\"}]},{\"@type\":\"WebSite\",\"@id\":\"https:\\\/\\\/oase-gronau-losser.org\\\/nl\\\/#website\",\"url\":\"https:\\\/\\\/oase-gronau-losser.org\\\/nl\\\/\",\"name\":\"Oecumenische Kerkentuin OASE\",\"description\":\"\u00d6kumenischer Kirchengarten OASE \u2013 Christenen aan de grens\",\"potentialAction\":[{\"@type\":\"SearchAction\",\"target\":{\"@type\":\"EntryPoint\",\"urlTemplate\":\"https:\\\/\\\/oase-gronau-losser.org\\\/nl\\\/?s={search_term_string}\"},\"query-input\":{\"@type\":\"PropertyValueSpecification\",\"valueRequired\":true,\"valueName\":\"search_term_string\"}}],\"inLanguage\":\"nl-NL\"},{\"@type\":\"Person\",\"@id\":\"https:\\\/\\\/oase-gronau-losser.org\\\/nl\\\/#\\\/schema\\\/person\\\/9380b6b869112d87ee8b88736ef26ab4\",\"name\":\"Marlies Gartmann\",\"url\":\"https:\\\/\\\/oase-gronau-losser.org\\\/nl\\\/author\\\/marlies\\\/\"}]}<\/script>\n<!-- \/ Yoast SEO plugin. -->","yoast_head_json":{"title":"Kerstmis - Oecumenische Kerkentuin OASE","robots":{"index":"index","follow":"follow","max-snippet":"max-snippet:-1","max-image-preview":"max-image-preview:large","max-video-preview":"max-video-preview:-1"},"canonical":"https:\/\/oase-gronau-losser.org\/nl\/2023\/kerstmis\/","og_locale":"nl_NL","og_type":"article","og_title":"Kerstmis - Oecumenische Kerkentuin OASE","og_description":"Die Kerze Welch ein geheimnisvoller Schimmer Geht von einer Kerze aus. Ihr Schein bringt Licht in jedes Zimmer und Herzensw\u00e4rme uns ins Haus. &nbsp; Die kleine Flamme flackert still, wirft ihren Schatten an die Wand. Ich glaub`, dass sie uns sagen will: \u201eHaltet Frieden hier im Land.\u201c &nbsp; Im Fenster [&hellip;]","og_url":"https:\/\/oase-gronau-losser.org\/nl\/2023\/kerstmis\/","og_site_name":"Oecumenische Kerkentuin OASE","article_published_time":"2023-12-24T20:02:49+00:00","author":"Marlies Gartmann","twitter_card":"summary_large_image","twitter_misc":{"Geschreven door":"Marlies Gartmann","Geschatte leestijd":"1 minuut"},"schema":{"@context":"https:\/\/schema.org","@graph":[{"@type":"Article","@id":"https:\/\/oase-gronau-losser.org\/nl\/2023\/kerstmis\/#article","isPartOf":{"@id":"https:\/\/oase-gronau-losser.org\/nl\/2023\/kerstmis\/"},"author":{"name":"Marlies Gartmann","@id":"https:\/\/oase-gronau-losser.org\/nl\/#\/schema\/person\/9380b6b869112d87ee8b88736ef26ab4"},"headline":"Kerstmis","datePublished":"2023-12-24T20:02:49+00:00","mainEntityOfPage":{"@id":"https:\/\/oase-gronau-losser.org\/nl\/2023\/kerstmis\/"},"wordCount":186,"articleSection":["Allgemein"],"inLanguage":"nl-NL"},{"@type":"WebPage","@id":"https:\/\/oase-gronau-losser.org\/nl\/2023\/kerstmis\/","url":"https:\/\/oase-gronau-losser.org\/nl\/2023\/kerstmis\/","name":"Kerstmis - Oecumenische Kerkentuin OASE","isPartOf":{"@id":"https:\/\/oase-gronau-losser.org\/nl\/#website"},"datePublished":"2023-12-24T20:02:49+00:00","author":{"@id":"https:\/\/oase-gronau-losser.org\/nl\/#\/schema\/person\/9380b6b869112d87ee8b88736ef26ab4"},"breadcrumb":{"@id":"https:\/\/oase-gronau-losser.org\/nl\/2023\/kerstmis\/#breadcrumb"},"inLanguage":"nl-NL","potentialAction":[{"@type":"ReadAction","target":["https:\/\/oase-gronau-losser.org\/nl\/2023\/kerstmis\/"]}]},{"@type":"BreadcrumbList","@id":"https:\/\/oase-gronau-losser.org\/nl\/2023\/kerstmis\/#breadcrumb","itemListElement":[{"@type":"ListItem","position":1,"name":"Home","item":"https:\/\/oase-gronau-losser.org\/nl\/"},{"@type":"ListItem","position":2,"name":"Kerstmis"}]},{"@type":"WebSite","@id":"https:\/\/oase-gronau-losser.org\/nl\/#website","url":"https:\/\/oase-gronau-losser.org\/nl\/","name":"Oecumenische Kerkentuin OASE","description":"\u00d6kumenischer Kirchengarten OASE \u2013 Christenen aan de grens","potentialAction":[{"@type":"SearchAction","target":{"@type":"EntryPoint","urlTemplate":"https:\/\/oase-gronau-losser.org\/nl\/?s={search_term_string}"},"query-input":{"@type":"PropertyValueSpecification","valueRequired":true,"valueName":"search_term_string"}}],"inLanguage":"nl-NL"},{"@type":"Person","@id":"https:\/\/oase-gronau-losser.org\/nl\/#\/schema\/person\/9380b6b869112d87ee8b88736ef26ab4","name":"Marlies Gartmann","url":"https:\/\/oase-gronau-losser.org\/nl\/author\/marlies\/"}]}},"_links":{"self":[{"href":"https:\/\/oase-gronau-losser.org\/nl\/wp-json\/wp\/v2\/posts\/2674","targetHints":{"allow":["GET"]}}],"collection":[{"href":"https:\/\/oase-gronau-losser.org\/nl\/wp-json\/wp\/v2\/posts"}],"about":[{"href":"https:\/\/oase-gronau-losser.org\/nl\/wp-json\/wp\/v2\/types\/post"}],"author":[{"embeddable":true,"href":"https:\/\/oase-gronau-losser.org\/nl\/wp-json\/wp\/v2\/users\/2"}],"replies":[{"embeddable":true,"href":"https:\/\/oase-gronau-losser.org\/nl\/wp-json\/wp\/v2\/comments?post=2674"}],"version-history":[{"count":1,"href":"https:\/\/oase-gronau-losser.org\/nl\/wp-json\/wp\/v2\/posts\/2674\/revisions"}],"predecessor-version":[{"id":2675,"href":"https:\/\/oase-gronau-losser.org\/nl\/wp-json\/wp\/v2\/posts\/2674\/revisions\/2675"}],"wp:attachment":[{"href":"https:\/\/oase-gronau-losser.org\/nl\/wp-json\/wp\/v2\/media?parent=2674"}],"wp:term":[{"taxonomy":"category","embeddable":true,"href":"https:\/\/oase-gronau-losser.org\/nl\/wp-json\/wp\/v2\/categories?post=2674"},{"taxonomy":"post_tag","embeddable":true,"href":"https:\/\/oase-gronau-losser.org\/nl\/wp-json\/wp\/v2\/tags?post=2674"}],"curies":[{"name":"wp","href":"https:\/\/api.w.org\/{rel}","templated":true}]}}