{"id":5123,"date":"2026-09-01T10:44:17","date_gmt":"2026-09-01T08:44:17","guid":{"rendered":"https:\/\/oase-gronau-losser.org\/de\/?p=5123"},"modified":"2026-09-01T10:44:17","modified_gmt":"2026-09-01T08:44:17","slug":"oasefeuer-am-4-september-2026","status":"publish","type":"post","link":"https:\/\/oase-gronau-losser.org\/de\/2026\/oasefeuer-am-4-september-2026\/","title":{"rendered":"Oasefeuer am 4. SEptember 2026"},"content":{"rendered":"<p>Carla Berbee erz\u00e4hlt auf der\u00a0 Oase \u00fcber die Pilgerreise nach Schweden!<br \/>\nFreitag, 4. September von 19:00 &#8211; 20:00 Uhr<br \/>\nDie \u201aTochtgenoten\u2018 von St. Franziskus bilden eine internationale, \u00f6kumenische Friedens- und Pilgerbewegung. Jedes Jahr organisieren wir irgendwo in Europa eine Fu\u00dfwanderung. Dieses Jahr in Schweden. In verschiedenen Altersgruppen mit jeweils etwa 20 Teilnehmenden aus vielen europ\u00e4ischen L\u00e4ndern wandern wir neun Tage lang im Geiste von Franz von Assisi durch die Natur, bereiten gemeinsam unsere Mahlzeiten zu, \u00fcbernachten in sehr einfachen Unterk\u00fcnften und teilen unseren Glauben. Unterwegs sprechen wir \u00fcber unsere Verantwortung in der Gesellschaft und f\u00fcr die Umwelt, \u00fcber Frieden und Gerechtigkeit und alles, was uns am Herzen liegt.<br \/>\nSpielen, lachen und Abenteuer d\u00fcrfen auch nicht fehlen. Auf diese Weise versuchen wir \u2013 schon seit \u00fcber 90 Jahren \u2013 mehr gegenseitiges Verst\u00e4ndnis und Toleranz zu erreichen und dies in unserem t\u00e4glichen Leben umzusetzen.<\/p>\n","protected":false},"excerpt":{"rendered":"<p>Carla Berbee erz\u00e4hlt auf der\u00a0 Oase \u00fcber die Pilgerreise nach Schweden! Freitag, 4. September von 19:00 &#8211; 20:00 Uhr Die \u201aTochtgenoten\u2018 von St. Franziskus bilden eine internationale, \u00f6kumenische Friedens- und Pilgerbewegung. Jedes Jahr organisieren wir irgendwo in Europa eine Fu\u00dfwanderung. Dieses Jahr in Schweden. In verschiedenen Altersgruppen mit jeweils etwa [&hellip;]<\/p>\n","protected":false},"author":2,"featured_media":0,"comment_status":"closed","ping_status":"closed","sticky":false,"template":"","format":"standard","meta":{"_acf_changed":false,"footnotes":""},"categories":[1],"tags":[],"class_list":["post-5123","post","type-post","status-publish","format-standard","hentry","category-allgemein"],"acf":[],"yoast_head":"<!-- This site is optimized with the Yoast SEO plugin v28.4 - https:\/\/yoast.com\/product\/yoast-seo-wordpress\/ -->\n<title>Oasefeuer am 4. SEptember 2026 - \u00d6kumenischer Kirchengarten OASE<\/title>\n<meta name=\"robots\" content=\"index, follow, max-snippet:-1, max-image-preview:large, max-video-preview:-1\" \/>\n<link rel=\"canonical\" href=\"https:\/\/oase-gronau-losser.org\/de\/2026\/oasefeuer-am-4-september-2026\/\" \/>\n<meta property=\"og:locale\" content=\"de_DE\" \/>\n<meta property=\"og:type\" content=\"article\" \/>\n<meta property=\"og:title\" content=\"Oasefeuer am 4. SEptember 2026 - \u00d6kumenischer Kirchengarten OASE\" \/>\n<meta property=\"og:description\" content=\"Carla Berbee erz\u00e4hlt auf der\u00a0 Oase \u00fcber die Pilgerreise nach Schweden! Freitag, 4. September von 19:00 &#8211; 20:00 Uhr Die \u201aTochtgenoten\u2018 von St. Franziskus bilden eine internationale, \u00f6kumenische Friedens- und Pilgerbewegung. Jedes Jahr organisieren wir irgendwo in Europa eine Fu\u00dfwanderung. Dieses Jahr in Schweden. In verschiedenen Altersgruppen mit jeweils etwa [&hellip;]\" \/>\n<meta property=\"og:url\" content=\"https:\/\/oase-gronau-losser.org\/de\/2026\/oasefeuer-am-4-september-2026\/\" \/>\n<meta property=\"og:site_name\" content=\"\u00d6kumenischer Kirchengarten OASE\" \/>\n<meta property=\"article:published_time\" content=\"2026-09-01T08:44:17+00:00\" \/>\n<meta name=\"author\" content=\"Marlies Gartmann\" \/>\n<meta name=\"twitter:card\" content=\"summary_large_image\" \/>\n<meta name=\"twitter:label1\" content=\"Verfasst von\" \/>\n\t<meta name=\"twitter:data1\" content=\"Marlies Gartmann\" \/>\n\t<meta name=\"twitter:label2\" content=\"Gesch\u00e4tzte Lesezeit\" \/>\n\t<meta name=\"twitter:data2\" content=\"1\u00a0Minute\" \/>\n<script type=\"application\/ld+json\" class=\"yoast-schema-graph\">{\"@context\":\"https:\\\/\\\/schema.org\",\"@graph\":[{\"@type\":\"Article\",\"@id\":\"https:\\\/\\\/oase-gronau-losser.org\\\/de\\\/2026\\\/oasefeuer-am-4-september-2026\\\/#article\",\"isPartOf\":{\"@id\":\"https:\\\/\\\/oase-gronau-losser.org\\\/de\\\/2026\\\/oasefeuer-am-4-september-2026\\\/\"},\"author\":{\"name\":\"Marlies Gartmann\",\"@id\":\"https:\\\/\\\/oase-gronau-losser.org\\\/de\\\/#\\\/schema\\\/person\\\/9380b6b869112d87ee8b88736ef26ab4\"},\"headline\":\"Oasefeuer am 4. SEptember 2026\",\"datePublished\":\"2026-09-01T08:44:17+00:00\",\"mainEntityOfPage\":{\"@id\":\"https:\\\/\\\/oase-gronau-losser.org\\\/de\\\/2026\\\/oasefeuer-am-4-september-2026\\\/\"},\"wordCount\":147,\"inLanguage\":\"de\"},{\"@type\":\"WebPage\",\"@id\":\"https:\\\/\\\/oase-gronau-losser.org\\\/de\\\/2026\\\/oasefeuer-am-4-september-2026\\\/\",\"url\":\"https:\\\/\\\/oase-gronau-losser.org\\\/de\\\/2026\\\/oasefeuer-am-4-september-2026\\\/\",\"name\":\"Oasefeuer am 4. SEptember 2026 - \u00d6kumenischer Kirchengarten OASE\",\"isPartOf\":{\"@id\":\"https:\\\/\\\/oase-gronau-losser.org\\\/de\\\/#website\"},\"datePublished\":\"2026-09-01T08:44:17+00:00\",\"author\":{\"@id\":\"https:\\\/\\\/oase-gronau-losser.org\\\/de\\\/#\\\/schema\\\/person\\\/9380b6b869112d87ee8b88736ef26ab4\"},\"breadcrumb\":{\"@id\":\"https:\\\/\\\/oase-gronau-losser.org\\\/de\\\/2026\\\/oasefeuer-am-4-september-2026\\\/#breadcrumb\"},\"inLanguage\":\"de\",\"potentialAction\":[{\"@type\":\"ReadAction\",\"target\":[\"https:\\\/\\\/oase-gronau-losser.org\\\/de\\\/2026\\\/oasefeuer-am-4-september-2026\\\/\"]}]},{\"@type\":\"BreadcrumbList\",\"@id\":\"https:\\\/\\\/oase-gronau-losser.org\\\/de\\\/2026\\\/oasefeuer-am-4-september-2026\\\/#breadcrumb\",\"itemListElement\":[{\"@type\":\"ListItem\",\"position\":1,\"name\":\"Home\",\"item\":\"https:\\\/\\\/oase-gronau-losser.org\\\/de\\\/\"},{\"@type\":\"ListItem\",\"position\":2,\"name\":\"Oasefeuer am 4. SEptember 2026\"}]},{\"@type\":\"WebSite\",\"@id\":\"https:\\\/\\\/oase-gronau-losser.org\\\/de\\\/#website\",\"url\":\"https:\\\/\\\/oase-gronau-losser.org\\\/de\\\/\",\"name\":\"\u00d6kumenischer Kirchengarten OASE\",\"description\":\"Oecumenische Kerkentuin OASE \u2013 Christenen aan de grens\",\"potentialAction\":[{\"@type\":\"SearchAction\",\"target\":{\"@type\":\"EntryPoint\",\"urlTemplate\":\"https:\\\/\\\/oase-gronau-losser.org\\\/de\\\/?s={search_term_string}\"},\"query-input\":{\"@type\":\"PropertyValueSpecification\",\"valueRequired\":true,\"valueName\":\"search_term_string\"}}],\"inLanguage\":\"de\"},{\"@type\":\"Person\",\"@id\":\"https:\\\/\\\/oase-gronau-losser.org\\\/de\\\/#\\\/schema\\\/person\\\/9380b6b869112d87ee8b88736ef26ab4\",\"name\":\"Marlies Gartmann\",\"image\":{\"@type\":\"ImageObject\",\"inLanguage\":\"de\",\"@id\":\"https:\\\/\\\/secure.gravatar.com\\\/avatar\\\/9aac36f1080be8aa4435935bb591e486d3d6a8d130803f68c707d7948b29569f?s=96&d=mm&r=g\",\"url\":\"https:\\\/\\\/secure.gravatar.com\\\/avatar\\\/9aac36f1080be8aa4435935bb591e486d3d6a8d130803f68c707d7948b29569f?s=96&d=mm&r=g\",\"contentUrl\":\"https:\\\/\\\/secure.gravatar.com\\\/avatar\\\/9aac36f1080be8aa4435935bb591e486d3d6a8d130803f68c707d7948b29569f?s=96&d=mm&r=g\",\"caption\":\"Marlies Gartmann\"},\"url\":\"https:\\\/\\\/oase-gronau-losser.org\\\/de\\\/author\\\/marlies\\\/\"}]}<\/script>\n<!-- \/ Yoast SEO plugin. -->","yoast_head_json":{"title":"Oasefeuer am 4. SEptember 2026 - \u00d6kumenischer Kirchengarten OASE","robots":{"index":"index","follow":"follow","max-snippet":"max-snippet:-1","max-image-preview":"max-image-preview:large","max-video-preview":"max-video-preview:-1"},"canonical":"https:\/\/oase-gronau-losser.org\/de\/2026\/oasefeuer-am-4-september-2026\/","og_locale":"de_DE","og_type":"article","og_title":"Oasefeuer am 4. SEptember 2026 - \u00d6kumenischer Kirchengarten OASE","og_description":"Carla Berbee erz\u00e4hlt auf der\u00a0 Oase \u00fcber die Pilgerreise nach Schweden! Freitag, 4. September von 19:00 &#8211; 20:00 Uhr Die \u201aTochtgenoten\u2018 von St. Franziskus bilden eine internationale, \u00f6kumenische Friedens- und Pilgerbewegung. Jedes Jahr organisieren wir irgendwo in Europa eine Fu\u00dfwanderung. Dieses Jahr in Schweden. In verschiedenen Altersgruppen mit jeweils etwa [&hellip;]","og_url":"https:\/\/oase-gronau-losser.org\/de\/2026\/oasefeuer-am-4-september-2026\/","og_site_name":"\u00d6kumenischer Kirchengarten OASE","article_published_time":"2026-09-01T08:44:17+00:00","author":"Marlies Gartmann","twitter_card":"summary_large_image","twitter_misc":{"Verfasst von":"Marlies Gartmann","Gesch\u00e4tzte Lesezeit":"1\u00a0Minute"},"schema":{"@context":"https:\/\/schema.org","@graph":[{"@type":"Article","@id":"https:\/\/oase-gronau-losser.org\/de\/2026\/oasefeuer-am-4-september-2026\/#article","isPartOf":{"@id":"https:\/\/oase-gronau-losser.org\/de\/2026\/oasefeuer-am-4-september-2026\/"},"author":{"name":"Marlies Gartmann","@id":"https:\/\/oase-gronau-losser.org\/de\/#\/schema\/person\/9380b6b869112d87ee8b88736ef26ab4"},"headline":"Oasefeuer am 4. SEptember 2026","datePublished":"2026-09-01T08:44:17+00:00","mainEntityOfPage":{"@id":"https:\/\/oase-gronau-losser.org\/de\/2026\/oasefeuer-am-4-september-2026\/"},"wordCount":147,"inLanguage":"de"},{"@type":"WebPage","@id":"https:\/\/oase-gronau-losser.org\/de\/2026\/oasefeuer-am-4-september-2026\/","url":"https:\/\/oase-gronau-losser.org\/de\/2026\/oasefeuer-am-4-september-2026\/","name":"Oasefeuer am 4. SEptember 2026 - \u00d6kumenischer Kirchengarten OASE","isPartOf":{"@id":"https:\/\/oase-gronau-losser.org\/de\/#website"},"datePublished":"2026-09-01T08:44:17+00:00","author":{"@id":"https:\/\/oase-gronau-losser.org\/de\/#\/schema\/person\/9380b6b869112d87ee8b88736ef26ab4"},"breadcrumb":{"@id":"https:\/\/oase-gronau-losser.org\/de\/2026\/oasefeuer-am-4-september-2026\/#breadcrumb"},"inLanguage":"de","potentialAction":[{"@type":"ReadAction","target":["https:\/\/oase-gronau-losser.org\/de\/2026\/oasefeuer-am-4-september-2026\/"]}]},{"@type":"BreadcrumbList","@id":"https:\/\/oase-gronau-losser.org\/de\/2026\/oasefeuer-am-4-september-2026\/#breadcrumb","itemListElement":[{"@type":"ListItem","position":1,"name":"Home","item":"https:\/\/oase-gronau-losser.org\/de\/"},{"@type":"ListItem","position":2,"name":"Oasefeuer am 4. SEptember 2026"}]},{"@type":"WebSite","@id":"https:\/\/oase-gronau-losser.org\/de\/#website","url":"https:\/\/oase-gronau-losser.org\/de\/","name":"\u00d6kumenischer Kirchengarten OASE","description":"Oecumenische Kerkentuin OASE \u2013 Christenen aan de grens","potentialAction":[{"@type":"SearchAction","target":{"@type":"EntryPoint","urlTemplate":"https:\/\/oase-gronau-losser.org\/de\/?s={search_term_string}"},"query-input":{"@type":"PropertyValueSpecification","valueRequired":true,"valueName":"search_term_string"}}],"inLanguage":"de"},{"@type":"Person","@id":"https:\/\/oase-gronau-losser.org\/de\/#\/schema\/person\/9380b6b869112d87ee8b88736ef26ab4","name":"Marlies Gartmann","image":{"@type":"ImageObject","inLanguage":"de","@id":"https:\/\/secure.gravatar.com\/avatar\/9aac36f1080be8aa4435935bb591e486d3d6a8d130803f68c707d7948b29569f?s=96&d=mm&r=g","url":"https:\/\/secure.gravatar.com\/avatar\/9aac36f1080be8aa4435935bb591e486d3d6a8d130803f68c707d7948b29569f?s=96&d=mm&r=g","contentUrl":"https:\/\/secure.gravatar.com\/avatar\/9aac36f1080be8aa4435935bb591e486d3d6a8d130803f68c707d7948b29569f?s=96&d=mm&r=g","caption":"Marlies Gartmann"},"url":"https:\/\/oase-gronau-losser.org\/de\/author\/marlies\/"}]}},"_links":{"self":[{"href":"https:\/\/oase-gronau-losser.org\/de\/wp-json\/wp\/v2\/posts\/5123","targetHints":{"allow":["GET"]}}],"collection":[{"href":"https:\/\/oase-gronau-losser.org\/de\/wp-json\/wp\/v2\/posts"}],"about":[{"href":"https:\/\/oase-gronau-losser.org\/de\/wp-json\/wp\/v2\/types\/post"}],"author":[{"embeddable":true,"href":"https:\/\/oase-gronau-losser.org\/de\/wp-json\/wp\/v2\/users\/2"}],"replies":[{"embeddable":true,"href":"https:\/\/oase-gronau-losser.org\/de\/wp-json\/wp\/v2\/comments?post=5123"}],"version-history":[{"count":1,"href":"https:\/\/oase-gronau-losser.org\/de\/wp-json\/wp\/v2\/posts\/5123\/revisions"}],"predecessor-version":[{"id":5124,"href":"https:\/\/oase-gronau-losser.org\/de\/wp-json\/wp\/v2\/posts\/5123\/revisions\/5124"}],"wp:attachment":[{"href":"https:\/\/oase-gronau-losser.org\/de\/wp-json\/wp\/v2\/media?parent=5123"}],"wp:term":[{"taxonomy":"category","embeddable":true,"href":"https:\/\/oase-gronau-losser.org\/de\/wp-json\/wp\/v2\/categories?post=5123"},{"taxonomy":"post_tag","embeddable":true,"href":"https:\/\/oase-gronau-losser.org\/de\/wp-json\/wp\/v2\/tags?post=5123"}],"curies":[{"name":"wp","href":"https:\/\/api.w.org\/{rel}","templated":true}]}}