{"id":5080,"date":"2026-04-28T09:01:36","date_gmt":"2026-04-28T07:01:36","guid":{"rendered":"https:\/\/oase-gronau-losser.org\/de\/?p=5080"},"modified":"2026-04-28T09:01:36","modified_gmt":"2026-04-28T07:01:36","slug":"oasefeuer-am-1-mai","status":"publish","type":"post","link":"https:\/\/oase-gronau-losser.org\/de\/2026\/oasefeuer-am-1-mai\/","title":{"rendered":"Oasefeuer am 1. Mai"},"content":{"rendered":"<p>Ein Gedicht w\u00e4hrend des OaseFeuer in der Oase.<br \/>\nAm Freitag, den 1. Mai, von 19:00 bis 20:30 Uhr besteht die M\u00f6glichkeit, mitgebrachte Gedichte vorzulesen oder ihnen zuzuh\u00f6ren.<br \/>\nOft begegnet man wundersch\u00f6nen Gedichten, die Gef\u00fchle, Zust\u00e4nde, Ereignisse, Ideen oder Beobachtungen beschreiben. Sie k\u00f6nnen Kopf und Herz ber\u00fchren.<br \/>\nBei Kaffee \/ Tee und einem Br\u00f6tchen k\u00f6nnen wir anschlie\u00dfend miteinander ins Gespr\u00e4ch kommen.<br \/>\nAlle sind herzlich willkommen.<\/p>\n<p>&nbsp;<\/p>\n","protected":false},"excerpt":{"rendered":"<p>Ein Gedicht w\u00e4hrend des OaseFeuer in der Oase. Am Freitag, den 1. Mai, von 19:00 bis 20:30 Uhr besteht die M\u00f6glichkeit, mitgebrachte Gedichte vorzulesen oder ihnen zuzuh\u00f6ren. Oft begegnet man wundersch\u00f6nen Gedichten, die Gef\u00fchle, Zust\u00e4nde, Ereignisse, Ideen oder Beobachtungen beschreiben. Sie k\u00f6nnen Kopf und Herz ber\u00fchren. Bei Kaffee \/ Tee [&hellip;]<\/p>\n","protected":false},"author":2,"featured_media":0,"comment_status":"closed","ping_status":"closed","sticky":false,"template":"","format":"standard","meta":{"_acf_changed":false,"footnotes":""},"categories":[1],"tags":[],"class_list":["post-5080","post","type-post","status-publish","format-standard","hentry","category-allgemein"],"acf":[],"yoast_head":"<!-- This site is optimized with the Yoast SEO plugin v27.5 - https:\/\/yoast.com\/product\/yoast-seo-wordpress\/ -->\n<title>Oasefeuer am 1. Mai - \u00d6kumenischer Kirchengarten OASE<\/title>\n<meta name=\"robots\" content=\"index, follow, max-snippet:-1, max-image-preview:large, max-video-preview:-1\" \/>\n<link rel=\"canonical\" href=\"https:\/\/oase-gronau-losser.org\/de\/2026\/oasefeuer-am-1-mai\/\" \/>\n<meta property=\"og:locale\" content=\"de_DE\" \/>\n<meta property=\"og:type\" content=\"article\" \/>\n<meta property=\"og:title\" content=\"Oasefeuer am 1. Mai - \u00d6kumenischer Kirchengarten OASE\" \/>\n<meta property=\"og:description\" content=\"Ein Gedicht w\u00e4hrend des OaseFeuer in der Oase. Am Freitag, den 1. Mai, von 19:00 bis 20:30 Uhr besteht die M\u00f6glichkeit, mitgebrachte Gedichte vorzulesen oder ihnen zuzuh\u00f6ren. Oft begegnet man wundersch\u00f6nen Gedichten, die Gef\u00fchle, Zust\u00e4nde, Ereignisse, Ideen oder Beobachtungen beschreiben. Sie k\u00f6nnen Kopf und Herz ber\u00fchren. Bei Kaffee \/ Tee [&hellip;]\" \/>\n<meta property=\"og:url\" content=\"https:\/\/oase-gronau-losser.org\/de\/2026\/oasefeuer-am-1-mai\/\" \/>\n<meta property=\"og:site_name\" content=\"\u00d6kumenischer Kirchengarten OASE\" \/>\n<meta property=\"article:published_time\" content=\"2026-04-28T07:01:36+00:00\" \/>\n<meta name=\"author\" content=\"Marlies Gartmann\" \/>\n<meta name=\"twitter:card\" content=\"summary_large_image\" \/>\n<meta name=\"twitter:label1\" content=\"Verfasst von\" \/>\n\t<meta name=\"twitter:data1\" content=\"Marlies Gartmann\" \/>\n\t<meta name=\"twitter:label2\" content=\"Gesch\u00e4tzte Lesezeit\" \/>\n\t<meta name=\"twitter:data2\" content=\"1\u00a0Minute\" \/>\n<script type=\"application\/ld+json\" class=\"yoast-schema-graph\">{\"@context\":\"https:\\\/\\\/schema.org\",\"@graph\":[{\"@type\":\"Article\",\"@id\":\"https:\\\/\\\/oase-gronau-losser.org\\\/de\\\/2026\\\/oasefeuer-am-1-mai\\\/#article\",\"isPartOf\":{\"@id\":\"https:\\\/\\\/oase-gronau-losser.org\\\/de\\\/2026\\\/oasefeuer-am-1-mai\\\/\"},\"author\":{\"name\":\"Marlies Gartmann\",\"@id\":\"https:\\\/\\\/oase-gronau-losser.org\\\/de\\\/#\\\/schema\\\/person\\\/9380b6b869112d87ee8b88736ef26ab4\"},\"headline\":\"Oasefeuer am 1. Mai\",\"datePublished\":\"2026-04-28T07:01:36+00:00\",\"mainEntityOfPage\":{\"@id\":\"https:\\\/\\\/oase-gronau-losser.org\\\/de\\\/2026\\\/oasefeuer-am-1-mai\\\/\"},\"wordCount\":76,\"inLanguage\":\"de\"},{\"@type\":\"WebPage\",\"@id\":\"https:\\\/\\\/oase-gronau-losser.org\\\/de\\\/2026\\\/oasefeuer-am-1-mai\\\/\",\"url\":\"https:\\\/\\\/oase-gronau-losser.org\\\/de\\\/2026\\\/oasefeuer-am-1-mai\\\/\",\"name\":\"Oasefeuer am 1. Mai - \u00d6kumenischer Kirchengarten OASE\",\"isPartOf\":{\"@id\":\"https:\\\/\\\/oase-gronau-losser.org\\\/de\\\/#website\"},\"datePublished\":\"2026-04-28T07:01:36+00:00\",\"author\":{\"@id\":\"https:\\\/\\\/oase-gronau-losser.org\\\/de\\\/#\\\/schema\\\/person\\\/9380b6b869112d87ee8b88736ef26ab4\"},\"breadcrumb\":{\"@id\":\"https:\\\/\\\/oase-gronau-losser.org\\\/de\\\/2026\\\/oasefeuer-am-1-mai\\\/#breadcrumb\"},\"inLanguage\":\"de\",\"potentialAction\":[{\"@type\":\"ReadAction\",\"target\":[\"https:\\\/\\\/oase-gronau-losser.org\\\/de\\\/2026\\\/oasefeuer-am-1-mai\\\/\"]}]},{\"@type\":\"BreadcrumbList\",\"@id\":\"https:\\\/\\\/oase-gronau-losser.org\\\/de\\\/2026\\\/oasefeuer-am-1-mai\\\/#breadcrumb\",\"itemListElement\":[{\"@type\":\"ListItem\",\"position\":1,\"name\":\"Home\",\"item\":\"https:\\\/\\\/oase-gronau-losser.org\\\/de\\\/\"},{\"@type\":\"ListItem\",\"position\":2,\"name\":\"Oasefeuer am 1. Mai\"}]},{\"@type\":\"WebSite\",\"@id\":\"https:\\\/\\\/oase-gronau-losser.org\\\/de\\\/#website\",\"url\":\"https:\\\/\\\/oase-gronau-losser.org\\\/de\\\/\",\"name\":\"\u00d6kumenischer Kirchengarten OASE\",\"description\":\"Oecumenische Kerkentuin OASE \u2013 Christenen aan de grens\",\"potentialAction\":[{\"@type\":\"SearchAction\",\"target\":{\"@type\":\"EntryPoint\",\"urlTemplate\":\"https:\\\/\\\/oase-gronau-losser.org\\\/de\\\/?s={search_term_string}\"},\"query-input\":{\"@type\":\"PropertyValueSpecification\",\"valueRequired\":true,\"valueName\":\"search_term_string\"}}],\"inLanguage\":\"de\"},{\"@type\":\"Person\",\"@id\":\"https:\\\/\\\/oase-gronau-losser.org\\\/de\\\/#\\\/schema\\\/person\\\/9380b6b869112d87ee8b88736ef26ab4\",\"name\":\"Marlies Gartmann\",\"image\":{\"@type\":\"ImageObject\",\"inLanguage\":\"de\",\"@id\":\"https:\\\/\\\/secure.gravatar.com\\\/avatar\\\/9aac36f1080be8aa4435935bb591e486d3d6a8d130803f68c707d7948b29569f?s=96&d=mm&r=g\",\"url\":\"https:\\\/\\\/secure.gravatar.com\\\/avatar\\\/9aac36f1080be8aa4435935bb591e486d3d6a8d130803f68c707d7948b29569f?s=96&d=mm&r=g\",\"contentUrl\":\"https:\\\/\\\/secure.gravatar.com\\\/avatar\\\/9aac36f1080be8aa4435935bb591e486d3d6a8d130803f68c707d7948b29569f?s=96&d=mm&r=g\",\"caption\":\"Marlies Gartmann\"},\"url\":\"https:\\\/\\\/oase-gronau-losser.org\\\/de\\\/author\\\/marlies\\\/\"}]}<\/script>\n<!-- \/ Yoast SEO plugin. -->","yoast_head_json":{"title":"Oasefeuer am 1. Mai - \u00d6kumenischer Kirchengarten OASE","robots":{"index":"index","follow":"follow","max-snippet":"max-snippet:-1","max-image-preview":"max-image-preview:large","max-video-preview":"max-video-preview:-1"},"canonical":"https:\/\/oase-gronau-losser.org\/de\/2026\/oasefeuer-am-1-mai\/","og_locale":"de_DE","og_type":"article","og_title":"Oasefeuer am 1. Mai - \u00d6kumenischer Kirchengarten OASE","og_description":"Ein Gedicht w\u00e4hrend des OaseFeuer in der Oase. Am Freitag, den 1. Mai, von 19:00 bis 20:30 Uhr besteht die M\u00f6glichkeit, mitgebrachte Gedichte vorzulesen oder ihnen zuzuh\u00f6ren. Oft begegnet man wundersch\u00f6nen Gedichten, die Gef\u00fchle, Zust\u00e4nde, Ereignisse, Ideen oder Beobachtungen beschreiben. Sie k\u00f6nnen Kopf und Herz ber\u00fchren. Bei Kaffee \/ Tee [&hellip;]","og_url":"https:\/\/oase-gronau-losser.org\/de\/2026\/oasefeuer-am-1-mai\/","og_site_name":"\u00d6kumenischer Kirchengarten OASE","article_published_time":"2026-04-28T07:01:36+00:00","author":"Marlies Gartmann","twitter_card":"summary_large_image","twitter_misc":{"Verfasst von":"Marlies Gartmann","Gesch\u00e4tzte Lesezeit":"1\u00a0Minute"},"schema":{"@context":"https:\/\/schema.org","@graph":[{"@type":"Article","@id":"https:\/\/oase-gronau-losser.org\/de\/2026\/oasefeuer-am-1-mai\/#article","isPartOf":{"@id":"https:\/\/oase-gronau-losser.org\/de\/2026\/oasefeuer-am-1-mai\/"},"author":{"name":"Marlies Gartmann","@id":"https:\/\/oase-gronau-losser.org\/de\/#\/schema\/person\/9380b6b869112d87ee8b88736ef26ab4"},"headline":"Oasefeuer am 1. Mai","datePublished":"2026-04-28T07:01:36+00:00","mainEntityOfPage":{"@id":"https:\/\/oase-gronau-losser.org\/de\/2026\/oasefeuer-am-1-mai\/"},"wordCount":76,"inLanguage":"de"},{"@type":"WebPage","@id":"https:\/\/oase-gronau-losser.org\/de\/2026\/oasefeuer-am-1-mai\/","url":"https:\/\/oase-gronau-losser.org\/de\/2026\/oasefeuer-am-1-mai\/","name":"Oasefeuer am 1. Mai - \u00d6kumenischer Kirchengarten OASE","isPartOf":{"@id":"https:\/\/oase-gronau-losser.org\/de\/#website"},"datePublished":"2026-04-28T07:01:36+00:00","author":{"@id":"https:\/\/oase-gronau-losser.org\/de\/#\/schema\/person\/9380b6b869112d87ee8b88736ef26ab4"},"breadcrumb":{"@id":"https:\/\/oase-gronau-losser.org\/de\/2026\/oasefeuer-am-1-mai\/#breadcrumb"},"inLanguage":"de","potentialAction":[{"@type":"ReadAction","target":["https:\/\/oase-gronau-losser.org\/de\/2026\/oasefeuer-am-1-mai\/"]}]},{"@type":"BreadcrumbList","@id":"https:\/\/oase-gronau-losser.org\/de\/2026\/oasefeuer-am-1-mai\/#breadcrumb","itemListElement":[{"@type":"ListItem","position":1,"name":"Home","item":"https:\/\/oase-gronau-losser.org\/de\/"},{"@type":"ListItem","position":2,"name":"Oasefeuer am 1. Mai"}]},{"@type":"WebSite","@id":"https:\/\/oase-gronau-losser.org\/de\/#website","url":"https:\/\/oase-gronau-losser.org\/de\/","name":"\u00d6kumenischer Kirchengarten OASE","description":"Oecumenische Kerkentuin OASE \u2013 Christenen aan de grens","potentialAction":[{"@type":"SearchAction","target":{"@type":"EntryPoint","urlTemplate":"https:\/\/oase-gronau-losser.org\/de\/?s={search_term_string}"},"query-input":{"@type":"PropertyValueSpecification","valueRequired":true,"valueName":"search_term_string"}}],"inLanguage":"de"},{"@type":"Person","@id":"https:\/\/oase-gronau-losser.org\/de\/#\/schema\/person\/9380b6b869112d87ee8b88736ef26ab4","name":"Marlies Gartmann","image":{"@type":"ImageObject","inLanguage":"de","@id":"https:\/\/secure.gravatar.com\/avatar\/9aac36f1080be8aa4435935bb591e486d3d6a8d130803f68c707d7948b29569f?s=96&d=mm&r=g","url":"https:\/\/secure.gravatar.com\/avatar\/9aac36f1080be8aa4435935bb591e486d3d6a8d130803f68c707d7948b29569f?s=96&d=mm&r=g","contentUrl":"https:\/\/secure.gravatar.com\/avatar\/9aac36f1080be8aa4435935bb591e486d3d6a8d130803f68c707d7948b29569f?s=96&d=mm&r=g","caption":"Marlies Gartmann"},"url":"https:\/\/oase-gronau-losser.org\/de\/author\/marlies\/"}]}},"_links":{"self":[{"href":"https:\/\/oase-gronau-losser.org\/de\/wp-json\/wp\/v2\/posts\/5080","targetHints":{"allow":["GET"]}}],"collection":[{"href":"https:\/\/oase-gronau-losser.org\/de\/wp-json\/wp\/v2\/posts"}],"about":[{"href":"https:\/\/oase-gronau-losser.org\/de\/wp-json\/wp\/v2\/types\/post"}],"author":[{"embeddable":true,"href":"https:\/\/oase-gronau-losser.org\/de\/wp-json\/wp\/v2\/users\/2"}],"replies":[{"embeddable":true,"href":"https:\/\/oase-gronau-losser.org\/de\/wp-json\/wp\/v2\/comments?post=5080"}],"version-history":[{"count":1,"href":"https:\/\/oase-gronau-losser.org\/de\/wp-json\/wp\/v2\/posts\/5080\/revisions"}],"predecessor-version":[{"id":5081,"href":"https:\/\/oase-gronau-losser.org\/de\/wp-json\/wp\/v2\/posts\/5080\/revisions\/5081"}],"wp:attachment":[{"href":"https:\/\/oase-gronau-losser.org\/de\/wp-json\/wp\/v2\/media?parent=5080"}],"wp:term":[{"taxonomy":"category","embeddable":true,"href":"https:\/\/oase-gronau-losser.org\/de\/wp-json\/wp\/v2\/categories?post=5080"},{"taxonomy":"post_tag","embeddable":true,"href":"https:\/\/oase-gronau-losser.org\/de\/wp-json\/wp\/v2\/tags?post=5080"}],"curies":[{"name":"wp","href":"https:\/\/api.w.org\/{rel}","templated":true}]}}