{"id":4870,"date":"2025-04-29T19:08:31","date_gmt":"2025-04-29T17:08:31","guid":{"rendered":"https:\/\/oase-gronau-losser.org\/de\/?p=4870"},"modified":"2025-04-29T19:08:31","modified_gmt":"2025-04-29T17:08:31","slug":"erstes-oasefeuer-2","status":"publish","type":"post","link":"https:\/\/oase-gronau-losser.org\/de\/2025\/erstes-oasefeuer-2\/","title":{"rendered":"Erstes Oasefeuer"},"content":{"rendered":"<p>Am 2. Mai findet das erste Mal in diesem Jahr wieder ein Oasefeuer statt. Es beginnt um \u00a019.00 Uhr auf dem Gel\u00e4nde der Oase am Ende der Dinkelstra\u00dfe. Wir besch\u00e4ftigen uns mit dem Jahresthema der Oase: \u201eKraft der Liebe\u201c. Es gibt eine kurze Einleitung. Danach wollen wir gemeinsam bei Wein und Brot \u00fcberlegen, was das f\u00fcr unseren Alltag bedeutet. Alle sind dazu eingeladen.<\/p>\n","protected":false},"excerpt":{"rendered":"<p>Am 2. Mai findet das erste Mal in diesem Jahr wieder ein Oasefeuer statt. Es beginnt um \u00a019.00 Uhr auf dem Gel\u00e4nde der Oase am Ende der Dinkelstra\u00dfe. Wir besch\u00e4ftigen uns mit dem Jahresthema der Oase: \u201eKraft der Liebe\u201c. Es gibt eine kurze Einleitung. Danach wollen wir gemeinsam bei Wein [&hellip;]<\/p>\n","protected":false},"author":2,"featured_media":0,"comment_status":"closed","ping_status":"closed","sticky":false,"template":"","format":"standard","meta":{"_acf_changed":false,"footnotes":""},"categories":[1],"tags":[],"class_list":["post-4870","post","type-post","status-publish","format-standard","hentry","category-allgemein"],"acf":[],"yoast_head":"<!-- This site is optimized with the Yoast SEO plugin v27.5 - https:\/\/yoast.com\/product\/yoast-seo-wordpress\/ -->\n<title>Erstes Oasefeuer - \u00d6kumenischer Kirchengarten OASE<\/title>\n<meta name=\"robots\" content=\"index, follow, max-snippet:-1, max-image-preview:large, max-video-preview:-1\" \/>\n<link rel=\"canonical\" href=\"https:\/\/oase-gronau-losser.org\/de\/2025\/erstes-oasefeuer-2\/\" \/>\n<meta property=\"og:locale\" content=\"de_DE\" \/>\n<meta property=\"og:type\" content=\"article\" \/>\n<meta property=\"og:title\" content=\"Erstes Oasefeuer - \u00d6kumenischer Kirchengarten OASE\" \/>\n<meta property=\"og:description\" content=\"Am 2. Mai findet das erste Mal in diesem Jahr wieder ein Oasefeuer statt. Es beginnt um \u00a019.00 Uhr auf dem Gel\u00e4nde der Oase am Ende der Dinkelstra\u00dfe. Wir besch\u00e4ftigen uns mit dem Jahresthema der Oase: \u201eKraft der Liebe\u201c. Es gibt eine kurze Einleitung. Danach wollen wir gemeinsam bei Wein [&hellip;]\" \/>\n<meta property=\"og:url\" content=\"https:\/\/oase-gronau-losser.org\/de\/2025\/erstes-oasefeuer-2\/\" \/>\n<meta property=\"og:site_name\" content=\"\u00d6kumenischer Kirchengarten OASE\" \/>\n<meta property=\"article:published_time\" content=\"2025-04-29T17:08:31+00:00\" \/>\n<meta name=\"author\" content=\"Marlies Gartmann\" \/>\n<meta name=\"twitter:card\" content=\"summary_large_image\" \/>\n<meta name=\"twitter:label1\" content=\"Verfasst von\" \/>\n\t<meta name=\"twitter:data1\" content=\"Marlies Gartmann\" \/>\n\t<meta name=\"twitter:label2\" content=\"Gesch\u00e4tzte Lesezeit\" \/>\n\t<meta name=\"twitter:data2\" content=\"1\u00a0Minute\" \/>\n<script type=\"application\/ld+json\" class=\"yoast-schema-graph\">{\"@context\":\"https:\\\/\\\/schema.org\",\"@graph\":[{\"@type\":\"Article\",\"@id\":\"https:\\\/\\\/oase-gronau-losser.org\\\/de\\\/2025\\\/erstes-oasefeuer-2\\\/#article\",\"isPartOf\":{\"@id\":\"https:\\\/\\\/oase-gronau-losser.org\\\/de\\\/2025\\\/erstes-oasefeuer-2\\\/\"},\"author\":{\"name\":\"Marlies Gartmann\",\"@id\":\"https:\\\/\\\/oase-gronau-losser.org\\\/de\\\/#\\\/schema\\\/person\\\/9380b6b869112d87ee8b88736ef26ab4\"},\"headline\":\"Erstes Oasefeuer\",\"datePublished\":\"2025-04-29T17:08:31+00:00\",\"mainEntityOfPage\":{\"@id\":\"https:\\\/\\\/oase-gronau-losser.org\\\/de\\\/2025\\\/erstes-oasefeuer-2\\\/\"},\"wordCount\":67,\"inLanguage\":\"de\"},{\"@type\":\"WebPage\",\"@id\":\"https:\\\/\\\/oase-gronau-losser.org\\\/de\\\/2025\\\/erstes-oasefeuer-2\\\/\",\"url\":\"https:\\\/\\\/oase-gronau-losser.org\\\/de\\\/2025\\\/erstes-oasefeuer-2\\\/\",\"name\":\"Erstes Oasefeuer - \u00d6kumenischer Kirchengarten OASE\",\"isPartOf\":{\"@id\":\"https:\\\/\\\/oase-gronau-losser.org\\\/de\\\/#website\"},\"datePublished\":\"2025-04-29T17:08:31+00:00\",\"author\":{\"@id\":\"https:\\\/\\\/oase-gronau-losser.org\\\/de\\\/#\\\/schema\\\/person\\\/9380b6b869112d87ee8b88736ef26ab4\"},\"breadcrumb\":{\"@id\":\"https:\\\/\\\/oase-gronau-losser.org\\\/de\\\/2025\\\/erstes-oasefeuer-2\\\/#breadcrumb\"},\"inLanguage\":\"de\",\"potentialAction\":[{\"@type\":\"ReadAction\",\"target\":[\"https:\\\/\\\/oase-gronau-losser.org\\\/de\\\/2025\\\/erstes-oasefeuer-2\\\/\"]}]},{\"@type\":\"BreadcrumbList\",\"@id\":\"https:\\\/\\\/oase-gronau-losser.org\\\/de\\\/2025\\\/erstes-oasefeuer-2\\\/#breadcrumb\",\"itemListElement\":[{\"@type\":\"ListItem\",\"position\":1,\"name\":\"Home\",\"item\":\"https:\\\/\\\/oase-gronau-losser.org\\\/de\\\/\"},{\"@type\":\"ListItem\",\"position\":2,\"name\":\"Erstes Oasefeuer\"}]},{\"@type\":\"WebSite\",\"@id\":\"https:\\\/\\\/oase-gronau-losser.org\\\/de\\\/#website\",\"url\":\"https:\\\/\\\/oase-gronau-losser.org\\\/de\\\/\",\"name\":\"\u00d6kumenischer Kirchengarten OASE\",\"description\":\"Oecumenische Kerkentuin OASE \u2013 Christenen aan de grens\",\"potentialAction\":[{\"@type\":\"SearchAction\",\"target\":{\"@type\":\"EntryPoint\",\"urlTemplate\":\"https:\\\/\\\/oase-gronau-losser.org\\\/de\\\/?s={search_term_string}\"},\"query-input\":{\"@type\":\"PropertyValueSpecification\",\"valueRequired\":true,\"valueName\":\"search_term_string\"}}],\"inLanguage\":\"de\"},{\"@type\":\"Person\",\"@id\":\"https:\\\/\\\/oase-gronau-losser.org\\\/de\\\/#\\\/schema\\\/person\\\/9380b6b869112d87ee8b88736ef26ab4\",\"name\":\"Marlies Gartmann\",\"image\":{\"@type\":\"ImageObject\",\"inLanguage\":\"de\",\"@id\":\"https:\\\/\\\/secure.gravatar.com\\\/avatar\\\/9aac36f1080be8aa4435935bb591e486d3d6a8d130803f68c707d7948b29569f?s=96&d=mm&r=g\",\"url\":\"https:\\\/\\\/secure.gravatar.com\\\/avatar\\\/9aac36f1080be8aa4435935bb591e486d3d6a8d130803f68c707d7948b29569f?s=96&d=mm&r=g\",\"contentUrl\":\"https:\\\/\\\/secure.gravatar.com\\\/avatar\\\/9aac36f1080be8aa4435935bb591e486d3d6a8d130803f68c707d7948b29569f?s=96&d=mm&r=g\",\"caption\":\"Marlies Gartmann\"},\"url\":\"https:\\\/\\\/oase-gronau-losser.org\\\/de\\\/author\\\/marlies\\\/\"}]}<\/script>\n<!-- \/ Yoast SEO plugin. -->","yoast_head_json":{"title":"Erstes Oasefeuer - \u00d6kumenischer Kirchengarten OASE","robots":{"index":"index","follow":"follow","max-snippet":"max-snippet:-1","max-image-preview":"max-image-preview:large","max-video-preview":"max-video-preview:-1"},"canonical":"https:\/\/oase-gronau-losser.org\/de\/2025\/erstes-oasefeuer-2\/","og_locale":"de_DE","og_type":"article","og_title":"Erstes Oasefeuer - \u00d6kumenischer Kirchengarten OASE","og_description":"Am 2. Mai findet das erste Mal in diesem Jahr wieder ein Oasefeuer statt. Es beginnt um \u00a019.00 Uhr auf dem Gel\u00e4nde der Oase am Ende der Dinkelstra\u00dfe. Wir besch\u00e4ftigen uns mit dem Jahresthema der Oase: \u201eKraft der Liebe\u201c. Es gibt eine kurze Einleitung. Danach wollen wir gemeinsam bei Wein [&hellip;]","og_url":"https:\/\/oase-gronau-losser.org\/de\/2025\/erstes-oasefeuer-2\/","og_site_name":"\u00d6kumenischer Kirchengarten OASE","article_published_time":"2025-04-29T17:08:31+00:00","author":"Marlies Gartmann","twitter_card":"summary_large_image","twitter_misc":{"Verfasst von":"Marlies Gartmann","Gesch\u00e4tzte Lesezeit":"1\u00a0Minute"},"schema":{"@context":"https:\/\/schema.org","@graph":[{"@type":"Article","@id":"https:\/\/oase-gronau-losser.org\/de\/2025\/erstes-oasefeuer-2\/#article","isPartOf":{"@id":"https:\/\/oase-gronau-losser.org\/de\/2025\/erstes-oasefeuer-2\/"},"author":{"name":"Marlies Gartmann","@id":"https:\/\/oase-gronau-losser.org\/de\/#\/schema\/person\/9380b6b869112d87ee8b88736ef26ab4"},"headline":"Erstes Oasefeuer","datePublished":"2025-04-29T17:08:31+00:00","mainEntityOfPage":{"@id":"https:\/\/oase-gronau-losser.org\/de\/2025\/erstes-oasefeuer-2\/"},"wordCount":67,"inLanguage":"de"},{"@type":"WebPage","@id":"https:\/\/oase-gronau-losser.org\/de\/2025\/erstes-oasefeuer-2\/","url":"https:\/\/oase-gronau-losser.org\/de\/2025\/erstes-oasefeuer-2\/","name":"Erstes Oasefeuer - \u00d6kumenischer Kirchengarten OASE","isPartOf":{"@id":"https:\/\/oase-gronau-losser.org\/de\/#website"},"datePublished":"2025-04-29T17:08:31+00:00","author":{"@id":"https:\/\/oase-gronau-losser.org\/de\/#\/schema\/person\/9380b6b869112d87ee8b88736ef26ab4"},"breadcrumb":{"@id":"https:\/\/oase-gronau-losser.org\/de\/2025\/erstes-oasefeuer-2\/#breadcrumb"},"inLanguage":"de","potentialAction":[{"@type":"ReadAction","target":["https:\/\/oase-gronau-losser.org\/de\/2025\/erstes-oasefeuer-2\/"]}]},{"@type":"BreadcrumbList","@id":"https:\/\/oase-gronau-losser.org\/de\/2025\/erstes-oasefeuer-2\/#breadcrumb","itemListElement":[{"@type":"ListItem","position":1,"name":"Home","item":"https:\/\/oase-gronau-losser.org\/de\/"},{"@type":"ListItem","position":2,"name":"Erstes Oasefeuer"}]},{"@type":"WebSite","@id":"https:\/\/oase-gronau-losser.org\/de\/#website","url":"https:\/\/oase-gronau-losser.org\/de\/","name":"\u00d6kumenischer Kirchengarten OASE","description":"Oecumenische Kerkentuin OASE \u2013 Christenen aan de grens","potentialAction":[{"@type":"SearchAction","target":{"@type":"EntryPoint","urlTemplate":"https:\/\/oase-gronau-losser.org\/de\/?s={search_term_string}"},"query-input":{"@type":"PropertyValueSpecification","valueRequired":true,"valueName":"search_term_string"}}],"inLanguage":"de"},{"@type":"Person","@id":"https:\/\/oase-gronau-losser.org\/de\/#\/schema\/person\/9380b6b869112d87ee8b88736ef26ab4","name":"Marlies Gartmann","image":{"@type":"ImageObject","inLanguage":"de","@id":"https:\/\/secure.gravatar.com\/avatar\/9aac36f1080be8aa4435935bb591e486d3d6a8d130803f68c707d7948b29569f?s=96&d=mm&r=g","url":"https:\/\/secure.gravatar.com\/avatar\/9aac36f1080be8aa4435935bb591e486d3d6a8d130803f68c707d7948b29569f?s=96&d=mm&r=g","contentUrl":"https:\/\/secure.gravatar.com\/avatar\/9aac36f1080be8aa4435935bb591e486d3d6a8d130803f68c707d7948b29569f?s=96&d=mm&r=g","caption":"Marlies Gartmann"},"url":"https:\/\/oase-gronau-losser.org\/de\/author\/marlies\/"}]}},"_links":{"self":[{"href":"https:\/\/oase-gronau-losser.org\/de\/wp-json\/wp\/v2\/posts\/4870","targetHints":{"allow":["GET"]}}],"collection":[{"href":"https:\/\/oase-gronau-losser.org\/de\/wp-json\/wp\/v2\/posts"}],"about":[{"href":"https:\/\/oase-gronau-losser.org\/de\/wp-json\/wp\/v2\/types\/post"}],"author":[{"embeddable":true,"href":"https:\/\/oase-gronau-losser.org\/de\/wp-json\/wp\/v2\/users\/2"}],"replies":[{"embeddable":true,"href":"https:\/\/oase-gronau-losser.org\/de\/wp-json\/wp\/v2\/comments?post=4870"}],"version-history":[{"count":1,"href":"https:\/\/oase-gronau-losser.org\/de\/wp-json\/wp\/v2\/posts\/4870\/revisions"}],"predecessor-version":[{"id":4871,"href":"https:\/\/oase-gronau-losser.org\/de\/wp-json\/wp\/v2\/posts\/4870\/revisions\/4871"}],"wp:attachment":[{"href":"https:\/\/oase-gronau-losser.org\/de\/wp-json\/wp\/v2\/media?parent=4870"}],"wp:term":[{"taxonomy":"category","embeddable":true,"href":"https:\/\/oase-gronau-losser.org\/de\/wp-json\/wp\/v2\/categories?post=4870"},{"taxonomy":"post_tag","embeddable":true,"href":"https:\/\/oase-gronau-losser.org\/de\/wp-json\/wp\/v2\/tags?post=4870"}],"curies":[{"name":"wp","href":"https:\/\/api.w.org\/{rel}","templated":true}]}}