{"id":4868,"date":"2025-04-29T18:47:20","date_gmt":"2025-04-29T16:47:20","guid":{"rendered":"https:\/\/oase-gronau-losser.org\/de\/?p=4868"},"modified":"2025-04-29T18:47:20","modified_gmt":"2025-04-29T16:47:20","slug":"ostermorgen-auf-der-oase","status":"publish","type":"post","link":"https:\/\/oase-gronau-losser.org\/de\/2025\/ostermorgen-auf-der-oase\/","title":{"rendered":"Ostermorgen auf der Oase"},"content":{"rendered":"<p>&nbsp;<\/p>\n<p>Ostermorgen auf der Oase<\/p>\n<p>Ostersonntag, halb sechs Uhr morgens. Der Mond steht wie eine halbe Mandarine in seinem letzten Viertel am Himmel und die ersten V\u00f6gel beginnen zu zwitschern. Auf dem Gel\u00e4nde der Oase versammelt sich eine Gruppe von Menschen, um mit einem Fest der Auferstehung Jesu Christi zu gedenken. Der stimmungsvolle, mit Lichtern beleuchtete Weg f\u00fchrt zum Zelt und unter dem Baldachin wird der Altar aufgebaut. Die Feier, geleitet von Pfarrerin Carla Berbee und musikalisch begleitet von Wilma Budde, beginnt mit den drei Rufen \u201eLumen Christi \u2013 Gott sei ewig Dank\u201c und dem Anz\u00fcnden der Osterkerze am gesegneten Feuer in der Schale. Anschlie\u00dfend wird aus dem Alten Testament gelesen: Genesis 1,1\u201318, und nach einer Stille Genesis 2,5\u20138. Nach dem Gebet wird die Geschichte von der Auferstehung Jesu Christi vorgelesen und das Lied \u201eWir wollen allen fr\u00f6hlich sein\u201c gesungen. Eine moderne Version des Glaubensbekenntnisses wird im Stehen gesprochen, gefolgt von \u201eHallelujah von Taize\u201c. Anschlie\u00dfend folgt eine kurze Reflexion des Pfarrers. Nun singen alle das Lied \u201eDir sei die Ehre\u201c und mit Gebeten f\u00fcr die Welt und dem Vaterunser endet die Feier. Nach dem Segen w\u00fcnschen sich alle gegenseitig frohe Ostern. F\u00fcr ein leckeres Fr\u00fchst\u00fcck mit Kaffee, Tee und allerlei Leckereien sorgten die Mitarbeiter der Oase. Auf dem Heimweg ist die Sonne aufgegangen und scheint mit einem wundersch\u00f6nen Schein durch den aufsteigenden Bodennebel. Es wird ein wundersch\u00f6ner Tag. Irene Geerligs.<\/p>\n","protected":false},"excerpt":{"rendered":"<p>&nbsp; Ostermorgen auf der Oase Ostersonntag, halb sechs Uhr morgens. Der Mond steht wie eine halbe Mandarine in seinem letzten Viertel am Himmel und die ersten V\u00f6gel beginnen zu zwitschern. Auf dem Gel\u00e4nde der Oase versammelt sich eine Gruppe von Menschen, um mit einem Fest der Auferstehung Jesu Christi zu [&hellip;]<\/p>\n","protected":false},"author":2,"featured_media":0,"comment_status":"closed","ping_status":"closed","sticky":false,"template":"","format":"standard","meta":{"_acf_changed":false,"footnotes":""},"categories":[1],"tags":[],"class_list":["post-4868","post","type-post","status-publish","format-standard","hentry","category-allgemein"],"acf":[],"yoast_head":"<!-- This site is optimized with the Yoast SEO plugin v27.5 - https:\/\/yoast.com\/product\/yoast-seo-wordpress\/ -->\n<title>Ostermorgen auf der Oase - \u00d6kumenischer Kirchengarten OASE<\/title>\n<meta name=\"robots\" content=\"index, follow, max-snippet:-1, max-image-preview:large, max-video-preview:-1\" \/>\n<link rel=\"canonical\" href=\"https:\/\/oase-gronau-losser.org\/de\/2025\/ostermorgen-auf-der-oase\/\" \/>\n<meta property=\"og:locale\" content=\"de_DE\" \/>\n<meta property=\"og:type\" content=\"article\" \/>\n<meta property=\"og:title\" content=\"Ostermorgen auf der Oase - \u00d6kumenischer Kirchengarten OASE\" \/>\n<meta property=\"og:description\" content=\"&nbsp; Ostermorgen auf der Oase Ostersonntag, halb sechs Uhr morgens. Der Mond steht wie eine halbe Mandarine in seinem letzten Viertel am Himmel und die ersten V\u00f6gel beginnen zu zwitschern. Auf dem Gel\u00e4nde der Oase versammelt sich eine Gruppe von Menschen, um mit einem Fest der Auferstehung Jesu Christi zu [&hellip;]\" \/>\n<meta property=\"og:url\" content=\"https:\/\/oase-gronau-losser.org\/de\/2025\/ostermorgen-auf-der-oase\/\" \/>\n<meta property=\"og:site_name\" content=\"\u00d6kumenischer Kirchengarten OASE\" \/>\n<meta property=\"article:published_time\" content=\"2025-04-29T16:47:20+00:00\" \/>\n<meta name=\"author\" content=\"Marlies Gartmann\" \/>\n<meta name=\"twitter:card\" content=\"summary_large_image\" \/>\n<meta name=\"twitter:label1\" content=\"Verfasst von\" \/>\n\t<meta name=\"twitter:data1\" content=\"Marlies Gartmann\" \/>\n\t<meta name=\"twitter:label2\" content=\"Gesch\u00e4tzte Lesezeit\" \/>\n\t<meta name=\"twitter:data2\" content=\"2\u00a0Minuten\" \/>\n<script type=\"application\/ld+json\" class=\"yoast-schema-graph\">{\"@context\":\"https:\\\/\\\/schema.org\",\"@graph\":[{\"@type\":\"Article\",\"@id\":\"https:\\\/\\\/oase-gronau-losser.org\\\/de\\\/2025\\\/ostermorgen-auf-der-oase\\\/#article\",\"isPartOf\":{\"@id\":\"https:\\\/\\\/oase-gronau-losser.org\\\/de\\\/2025\\\/ostermorgen-auf-der-oase\\\/\"},\"author\":{\"name\":\"Marlies Gartmann\",\"@id\":\"https:\\\/\\\/oase-gronau-losser.org\\\/de\\\/#\\\/schema\\\/person\\\/9380b6b869112d87ee8b88736ef26ab4\"},\"headline\":\"Ostermorgen auf der Oase\",\"datePublished\":\"2025-04-29T16:47:20+00:00\",\"mainEntityOfPage\":{\"@id\":\"https:\\\/\\\/oase-gronau-losser.org\\\/de\\\/2025\\\/ostermorgen-auf-der-oase\\\/\"},\"wordCount\":245,\"inLanguage\":\"de\"},{\"@type\":\"WebPage\",\"@id\":\"https:\\\/\\\/oase-gronau-losser.org\\\/de\\\/2025\\\/ostermorgen-auf-der-oase\\\/\",\"url\":\"https:\\\/\\\/oase-gronau-losser.org\\\/de\\\/2025\\\/ostermorgen-auf-der-oase\\\/\",\"name\":\"Ostermorgen auf der Oase - \u00d6kumenischer Kirchengarten OASE\",\"isPartOf\":{\"@id\":\"https:\\\/\\\/oase-gronau-losser.org\\\/de\\\/#website\"},\"datePublished\":\"2025-04-29T16:47:20+00:00\",\"author\":{\"@id\":\"https:\\\/\\\/oase-gronau-losser.org\\\/de\\\/#\\\/schema\\\/person\\\/9380b6b869112d87ee8b88736ef26ab4\"},\"breadcrumb\":{\"@id\":\"https:\\\/\\\/oase-gronau-losser.org\\\/de\\\/2025\\\/ostermorgen-auf-der-oase\\\/#breadcrumb\"},\"inLanguage\":\"de\",\"potentialAction\":[{\"@type\":\"ReadAction\",\"target\":[\"https:\\\/\\\/oase-gronau-losser.org\\\/de\\\/2025\\\/ostermorgen-auf-der-oase\\\/\"]}]},{\"@type\":\"BreadcrumbList\",\"@id\":\"https:\\\/\\\/oase-gronau-losser.org\\\/de\\\/2025\\\/ostermorgen-auf-der-oase\\\/#breadcrumb\",\"itemListElement\":[{\"@type\":\"ListItem\",\"position\":1,\"name\":\"Home\",\"item\":\"https:\\\/\\\/oase-gronau-losser.org\\\/de\\\/\"},{\"@type\":\"ListItem\",\"position\":2,\"name\":\"Ostermorgen auf der Oase\"}]},{\"@type\":\"WebSite\",\"@id\":\"https:\\\/\\\/oase-gronau-losser.org\\\/de\\\/#website\",\"url\":\"https:\\\/\\\/oase-gronau-losser.org\\\/de\\\/\",\"name\":\"\u00d6kumenischer Kirchengarten OASE\",\"description\":\"Oecumenische Kerkentuin OASE \u2013 Christenen aan de grens\",\"potentialAction\":[{\"@type\":\"SearchAction\",\"target\":{\"@type\":\"EntryPoint\",\"urlTemplate\":\"https:\\\/\\\/oase-gronau-losser.org\\\/de\\\/?s={search_term_string}\"},\"query-input\":{\"@type\":\"PropertyValueSpecification\",\"valueRequired\":true,\"valueName\":\"search_term_string\"}}],\"inLanguage\":\"de\"},{\"@type\":\"Person\",\"@id\":\"https:\\\/\\\/oase-gronau-losser.org\\\/de\\\/#\\\/schema\\\/person\\\/9380b6b869112d87ee8b88736ef26ab4\",\"name\":\"Marlies Gartmann\",\"image\":{\"@type\":\"ImageObject\",\"inLanguage\":\"de\",\"@id\":\"https:\\\/\\\/secure.gravatar.com\\\/avatar\\\/9aac36f1080be8aa4435935bb591e486d3d6a8d130803f68c707d7948b29569f?s=96&d=mm&r=g\",\"url\":\"https:\\\/\\\/secure.gravatar.com\\\/avatar\\\/9aac36f1080be8aa4435935bb591e486d3d6a8d130803f68c707d7948b29569f?s=96&d=mm&r=g\",\"contentUrl\":\"https:\\\/\\\/secure.gravatar.com\\\/avatar\\\/9aac36f1080be8aa4435935bb591e486d3d6a8d130803f68c707d7948b29569f?s=96&d=mm&r=g\",\"caption\":\"Marlies Gartmann\"},\"url\":\"https:\\\/\\\/oase-gronau-losser.org\\\/de\\\/author\\\/marlies\\\/\"}]}<\/script>\n<!-- \/ Yoast SEO plugin. -->","yoast_head_json":{"title":"Ostermorgen auf der Oase - \u00d6kumenischer Kirchengarten OASE","robots":{"index":"index","follow":"follow","max-snippet":"max-snippet:-1","max-image-preview":"max-image-preview:large","max-video-preview":"max-video-preview:-1"},"canonical":"https:\/\/oase-gronau-losser.org\/de\/2025\/ostermorgen-auf-der-oase\/","og_locale":"de_DE","og_type":"article","og_title":"Ostermorgen auf der Oase - \u00d6kumenischer Kirchengarten OASE","og_description":"&nbsp; Ostermorgen auf der Oase Ostersonntag, halb sechs Uhr morgens. Der Mond steht wie eine halbe Mandarine in seinem letzten Viertel am Himmel und die ersten V\u00f6gel beginnen zu zwitschern. Auf dem Gel\u00e4nde der Oase versammelt sich eine Gruppe von Menschen, um mit einem Fest der Auferstehung Jesu Christi zu [&hellip;]","og_url":"https:\/\/oase-gronau-losser.org\/de\/2025\/ostermorgen-auf-der-oase\/","og_site_name":"\u00d6kumenischer Kirchengarten OASE","article_published_time":"2025-04-29T16:47:20+00:00","author":"Marlies Gartmann","twitter_card":"summary_large_image","twitter_misc":{"Verfasst von":"Marlies Gartmann","Gesch\u00e4tzte Lesezeit":"2\u00a0Minuten"},"schema":{"@context":"https:\/\/schema.org","@graph":[{"@type":"Article","@id":"https:\/\/oase-gronau-losser.org\/de\/2025\/ostermorgen-auf-der-oase\/#article","isPartOf":{"@id":"https:\/\/oase-gronau-losser.org\/de\/2025\/ostermorgen-auf-der-oase\/"},"author":{"name":"Marlies Gartmann","@id":"https:\/\/oase-gronau-losser.org\/de\/#\/schema\/person\/9380b6b869112d87ee8b88736ef26ab4"},"headline":"Ostermorgen auf der Oase","datePublished":"2025-04-29T16:47:20+00:00","mainEntityOfPage":{"@id":"https:\/\/oase-gronau-losser.org\/de\/2025\/ostermorgen-auf-der-oase\/"},"wordCount":245,"inLanguage":"de"},{"@type":"WebPage","@id":"https:\/\/oase-gronau-losser.org\/de\/2025\/ostermorgen-auf-der-oase\/","url":"https:\/\/oase-gronau-losser.org\/de\/2025\/ostermorgen-auf-der-oase\/","name":"Ostermorgen auf der Oase - \u00d6kumenischer Kirchengarten OASE","isPartOf":{"@id":"https:\/\/oase-gronau-losser.org\/de\/#website"},"datePublished":"2025-04-29T16:47:20+00:00","author":{"@id":"https:\/\/oase-gronau-losser.org\/de\/#\/schema\/person\/9380b6b869112d87ee8b88736ef26ab4"},"breadcrumb":{"@id":"https:\/\/oase-gronau-losser.org\/de\/2025\/ostermorgen-auf-der-oase\/#breadcrumb"},"inLanguage":"de","potentialAction":[{"@type":"ReadAction","target":["https:\/\/oase-gronau-losser.org\/de\/2025\/ostermorgen-auf-der-oase\/"]}]},{"@type":"BreadcrumbList","@id":"https:\/\/oase-gronau-losser.org\/de\/2025\/ostermorgen-auf-der-oase\/#breadcrumb","itemListElement":[{"@type":"ListItem","position":1,"name":"Home","item":"https:\/\/oase-gronau-losser.org\/de\/"},{"@type":"ListItem","position":2,"name":"Ostermorgen auf der Oase"}]},{"@type":"WebSite","@id":"https:\/\/oase-gronau-losser.org\/de\/#website","url":"https:\/\/oase-gronau-losser.org\/de\/","name":"\u00d6kumenischer Kirchengarten OASE","description":"Oecumenische Kerkentuin OASE \u2013 Christenen aan de grens","potentialAction":[{"@type":"SearchAction","target":{"@type":"EntryPoint","urlTemplate":"https:\/\/oase-gronau-losser.org\/de\/?s={search_term_string}"},"query-input":{"@type":"PropertyValueSpecification","valueRequired":true,"valueName":"search_term_string"}}],"inLanguage":"de"},{"@type":"Person","@id":"https:\/\/oase-gronau-losser.org\/de\/#\/schema\/person\/9380b6b869112d87ee8b88736ef26ab4","name":"Marlies Gartmann","image":{"@type":"ImageObject","inLanguage":"de","@id":"https:\/\/secure.gravatar.com\/avatar\/9aac36f1080be8aa4435935bb591e486d3d6a8d130803f68c707d7948b29569f?s=96&d=mm&r=g","url":"https:\/\/secure.gravatar.com\/avatar\/9aac36f1080be8aa4435935bb591e486d3d6a8d130803f68c707d7948b29569f?s=96&d=mm&r=g","contentUrl":"https:\/\/secure.gravatar.com\/avatar\/9aac36f1080be8aa4435935bb591e486d3d6a8d130803f68c707d7948b29569f?s=96&d=mm&r=g","caption":"Marlies Gartmann"},"url":"https:\/\/oase-gronau-losser.org\/de\/author\/marlies\/"}]}},"_links":{"self":[{"href":"https:\/\/oase-gronau-losser.org\/de\/wp-json\/wp\/v2\/posts\/4868","targetHints":{"allow":["GET"]}}],"collection":[{"href":"https:\/\/oase-gronau-losser.org\/de\/wp-json\/wp\/v2\/posts"}],"about":[{"href":"https:\/\/oase-gronau-losser.org\/de\/wp-json\/wp\/v2\/types\/post"}],"author":[{"embeddable":true,"href":"https:\/\/oase-gronau-losser.org\/de\/wp-json\/wp\/v2\/users\/2"}],"replies":[{"embeddable":true,"href":"https:\/\/oase-gronau-losser.org\/de\/wp-json\/wp\/v2\/comments?post=4868"}],"version-history":[{"count":1,"href":"https:\/\/oase-gronau-losser.org\/de\/wp-json\/wp\/v2\/posts\/4868\/revisions"}],"predecessor-version":[{"id":4869,"href":"https:\/\/oase-gronau-losser.org\/de\/wp-json\/wp\/v2\/posts\/4868\/revisions\/4869"}],"wp:attachment":[{"href":"https:\/\/oase-gronau-losser.org\/de\/wp-json\/wp\/v2\/media?parent=4868"}],"wp:term":[{"taxonomy":"category","embeddable":true,"href":"https:\/\/oase-gronau-losser.org\/de\/wp-json\/wp\/v2\/categories?post=4868"},{"taxonomy":"post_tag","embeddable":true,"href":"https:\/\/oase-gronau-losser.org\/de\/wp-json\/wp\/v2\/tags?post=4868"}],"curies":[{"name":"wp","href":"https:\/\/api.w.org\/{rel}","templated":true}]}}