{"id":4728,"date":"2024-06-25T17:20:31","date_gmt":"2024-06-25T15:20:31","guid":{"rendered":"https:\/\/oase-gronau-losser.org\/de\/?p=4728"},"modified":"2024-06-25T17:20:31","modified_gmt":"2024-06-25T15:20:31","slug":"oasefeuer-am-freitag-28-juni-2023","status":"publish","type":"post","link":"https:\/\/oase-gronau-losser.org\/de\/2024\/oasefeuer-am-freitag-28-juni-2023\/","title":{"rendered":"Oasefeuer am Freitag 28. Juni 2023"},"content":{"rendered":"<p>Klangschalen und deren Bedeutung f\u00fcr die Menschheit<\/p>\n<p>In den Sch\u00f6pfungsberichten \u00fcberall in der Welt trifft man auf den Klang als Quelle aller sichtbaren<\/p>\n<p>und unsichtbaren Dinge. Und dieser Klang ist in den Dingen erhalten geblieben. So haben alle<\/p>\n<p>Elemente der Sch\u00f6pfung ihren eigenen Ton, singen ihr eigenes Lied.<\/p>\n<p>Ursprung der Dinge, klingende Steine, spr\u00fchende Schalen, Klang- und Opferschalen, Essgeschirr.<\/p>\n<p>Anerkennen und Frieden hei\u00dft h\u00f6ren und verstehen.<\/p>\n<p>Es gibt nichts auf der Welt, das nicht zu uns spricht. Jeder und alles offenbart st\u00e4ndig seine Natur,<\/p>\n<p>seinen Charakter, seine Geheimnisse. Je mehr wir unsere inneren Sinnesorgane \u00f6ffnen, desto besser<\/p>\n<p>sind wir imstande, die Stimme von allem aufzunehmen. ( Hazrat Inayat Khan )<\/p>\n<p>J\u00fcrgen Ebert wird \u00fcber die Klangschalen informieren Alle sind dazu recht herzlich eingeladen.<\/p>\n","protected":false},"excerpt":{"rendered":"<p>Klangschalen und deren Bedeutung f\u00fcr die Menschheit In den Sch\u00f6pfungsberichten \u00fcberall in der Welt trifft man auf den Klang als Quelle aller sichtbaren und unsichtbaren Dinge. Und dieser Klang ist in den Dingen erhalten geblieben. So haben alle Elemente der Sch\u00f6pfung ihren eigenen Ton, singen ihr eigenes Lied. Ursprung der [&hellip;]<\/p>\n","protected":false},"author":2,"featured_media":0,"comment_status":"closed","ping_status":"open","sticky":false,"template":"","format":"standard","meta":{"_acf_changed":false,"footnotes":""},"categories":[1],"tags":[],"class_list":["post-4728","post","type-post","status-publish","format-standard","hentry","category-allgemein"],"acf":[],"yoast_head":"<!-- This site is optimized with the Yoast SEO plugin v27.5 - https:\/\/yoast.com\/product\/yoast-seo-wordpress\/ -->\n<title>Oasefeuer am Freitag 28. Juni 2023 - \u00d6kumenischer Kirchengarten OASE<\/title>\n<meta name=\"robots\" content=\"index, follow, max-snippet:-1, max-image-preview:large, max-video-preview:-1\" \/>\n<link rel=\"canonical\" href=\"https:\/\/oase-gronau-losser.org\/de\/2024\/oasefeuer-am-freitag-28-juni-2023\/\" \/>\n<meta property=\"og:locale\" content=\"de_DE\" \/>\n<meta property=\"og:type\" content=\"article\" \/>\n<meta property=\"og:title\" content=\"Oasefeuer am Freitag 28. Juni 2023 - \u00d6kumenischer Kirchengarten OASE\" \/>\n<meta property=\"og:description\" content=\"Klangschalen und deren Bedeutung f\u00fcr die Menschheit In den Sch\u00f6pfungsberichten \u00fcberall in der Welt trifft man auf den Klang als Quelle aller sichtbaren und unsichtbaren Dinge. Und dieser Klang ist in den Dingen erhalten geblieben. So haben alle Elemente der Sch\u00f6pfung ihren eigenen Ton, singen ihr eigenes Lied. Ursprung der [&hellip;]\" \/>\n<meta property=\"og:url\" content=\"https:\/\/oase-gronau-losser.org\/de\/2024\/oasefeuer-am-freitag-28-juni-2023\/\" \/>\n<meta property=\"og:site_name\" content=\"\u00d6kumenischer Kirchengarten OASE\" \/>\n<meta property=\"article:published_time\" content=\"2024-06-25T15:20:31+00:00\" \/>\n<meta name=\"author\" content=\"Marlies Gartmann\" \/>\n<meta name=\"twitter:card\" content=\"summary_large_image\" \/>\n<meta name=\"twitter:label1\" content=\"Verfasst von\" \/>\n\t<meta name=\"twitter:data1\" content=\"Marlies Gartmann\" \/>\n\t<meta name=\"twitter:label2\" content=\"Gesch\u00e4tzte Lesezeit\" \/>\n\t<meta name=\"twitter:data2\" content=\"1\u00a0Minute\" \/>\n<script type=\"application\/ld+json\" class=\"yoast-schema-graph\">{\"@context\":\"https:\\\/\\\/schema.org\",\"@graph\":[{\"@type\":\"Article\",\"@id\":\"https:\\\/\\\/oase-gronau-losser.org\\\/de\\\/2024\\\/oasefeuer-am-freitag-28-juni-2023\\\/#article\",\"isPartOf\":{\"@id\":\"https:\\\/\\\/oase-gronau-losser.org\\\/de\\\/2024\\\/oasefeuer-am-freitag-28-juni-2023\\\/\"},\"author\":{\"name\":\"Marlies Gartmann\",\"@id\":\"https:\\\/\\\/oase-gronau-losser.org\\\/de\\\/#\\\/schema\\\/person\\\/9380b6b869112d87ee8b88736ef26ab4\"},\"headline\":\"Oasefeuer am Freitag 28. Juni 2023\",\"datePublished\":\"2024-06-25T15:20:31+00:00\",\"mainEntityOfPage\":{\"@id\":\"https:\\\/\\\/oase-gronau-losser.org\\\/de\\\/2024\\\/oasefeuer-am-freitag-28-juni-2023\\\/\"},\"wordCount\":133,\"inLanguage\":\"de\"},{\"@type\":\"WebPage\",\"@id\":\"https:\\\/\\\/oase-gronau-losser.org\\\/de\\\/2024\\\/oasefeuer-am-freitag-28-juni-2023\\\/\",\"url\":\"https:\\\/\\\/oase-gronau-losser.org\\\/de\\\/2024\\\/oasefeuer-am-freitag-28-juni-2023\\\/\",\"name\":\"Oasefeuer am Freitag 28. Juni 2023 - \u00d6kumenischer Kirchengarten OASE\",\"isPartOf\":{\"@id\":\"https:\\\/\\\/oase-gronau-losser.org\\\/de\\\/#website\"},\"datePublished\":\"2024-06-25T15:20:31+00:00\",\"author\":{\"@id\":\"https:\\\/\\\/oase-gronau-losser.org\\\/de\\\/#\\\/schema\\\/person\\\/9380b6b869112d87ee8b88736ef26ab4\"},\"breadcrumb\":{\"@id\":\"https:\\\/\\\/oase-gronau-losser.org\\\/de\\\/2024\\\/oasefeuer-am-freitag-28-juni-2023\\\/#breadcrumb\"},\"inLanguage\":\"de\",\"potentialAction\":[{\"@type\":\"ReadAction\",\"target\":[\"https:\\\/\\\/oase-gronau-losser.org\\\/de\\\/2024\\\/oasefeuer-am-freitag-28-juni-2023\\\/\"]}]},{\"@type\":\"BreadcrumbList\",\"@id\":\"https:\\\/\\\/oase-gronau-losser.org\\\/de\\\/2024\\\/oasefeuer-am-freitag-28-juni-2023\\\/#breadcrumb\",\"itemListElement\":[{\"@type\":\"ListItem\",\"position\":1,\"name\":\"Home\",\"item\":\"https:\\\/\\\/oase-gronau-losser.org\\\/de\\\/\"},{\"@type\":\"ListItem\",\"position\":2,\"name\":\"Oasefeuer am Freitag 28. Juni 2023\"}]},{\"@type\":\"WebSite\",\"@id\":\"https:\\\/\\\/oase-gronau-losser.org\\\/de\\\/#website\",\"url\":\"https:\\\/\\\/oase-gronau-losser.org\\\/de\\\/\",\"name\":\"\u00d6kumenischer Kirchengarten OASE\",\"description\":\"Oecumenische Kerkentuin OASE \u2013 Christenen aan de grens\",\"potentialAction\":[{\"@type\":\"SearchAction\",\"target\":{\"@type\":\"EntryPoint\",\"urlTemplate\":\"https:\\\/\\\/oase-gronau-losser.org\\\/de\\\/?s={search_term_string}\"},\"query-input\":{\"@type\":\"PropertyValueSpecification\",\"valueRequired\":true,\"valueName\":\"search_term_string\"}}],\"inLanguage\":\"de\"},{\"@type\":\"Person\",\"@id\":\"https:\\\/\\\/oase-gronau-losser.org\\\/de\\\/#\\\/schema\\\/person\\\/9380b6b869112d87ee8b88736ef26ab4\",\"name\":\"Marlies Gartmann\",\"image\":{\"@type\":\"ImageObject\",\"inLanguage\":\"de\",\"@id\":\"https:\\\/\\\/secure.gravatar.com\\\/avatar\\\/9aac36f1080be8aa4435935bb591e486d3d6a8d130803f68c707d7948b29569f?s=96&d=mm&r=g\",\"url\":\"https:\\\/\\\/secure.gravatar.com\\\/avatar\\\/9aac36f1080be8aa4435935bb591e486d3d6a8d130803f68c707d7948b29569f?s=96&d=mm&r=g\",\"contentUrl\":\"https:\\\/\\\/secure.gravatar.com\\\/avatar\\\/9aac36f1080be8aa4435935bb591e486d3d6a8d130803f68c707d7948b29569f?s=96&d=mm&r=g\",\"caption\":\"Marlies Gartmann\"},\"url\":\"https:\\\/\\\/oase-gronau-losser.org\\\/de\\\/author\\\/marlies\\\/\"}]}<\/script>\n<!-- \/ Yoast SEO plugin. -->","yoast_head_json":{"title":"Oasefeuer am Freitag 28. Juni 2023 - \u00d6kumenischer Kirchengarten OASE","robots":{"index":"index","follow":"follow","max-snippet":"max-snippet:-1","max-image-preview":"max-image-preview:large","max-video-preview":"max-video-preview:-1"},"canonical":"https:\/\/oase-gronau-losser.org\/de\/2024\/oasefeuer-am-freitag-28-juni-2023\/","og_locale":"de_DE","og_type":"article","og_title":"Oasefeuer am Freitag 28. Juni 2023 - \u00d6kumenischer Kirchengarten OASE","og_description":"Klangschalen und deren Bedeutung f\u00fcr die Menschheit In den Sch\u00f6pfungsberichten \u00fcberall in der Welt trifft man auf den Klang als Quelle aller sichtbaren und unsichtbaren Dinge. Und dieser Klang ist in den Dingen erhalten geblieben. So haben alle Elemente der Sch\u00f6pfung ihren eigenen Ton, singen ihr eigenes Lied. Ursprung der [&hellip;]","og_url":"https:\/\/oase-gronau-losser.org\/de\/2024\/oasefeuer-am-freitag-28-juni-2023\/","og_site_name":"\u00d6kumenischer Kirchengarten OASE","article_published_time":"2024-06-25T15:20:31+00:00","author":"Marlies Gartmann","twitter_card":"summary_large_image","twitter_misc":{"Verfasst von":"Marlies Gartmann","Gesch\u00e4tzte Lesezeit":"1\u00a0Minute"},"schema":{"@context":"https:\/\/schema.org","@graph":[{"@type":"Article","@id":"https:\/\/oase-gronau-losser.org\/de\/2024\/oasefeuer-am-freitag-28-juni-2023\/#article","isPartOf":{"@id":"https:\/\/oase-gronau-losser.org\/de\/2024\/oasefeuer-am-freitag-28-juni-2023\/"},"author":{"name":"Marlies Gartmann","@id":"https:\/\/oase-gronau-losser.org\/de\/#\/schema\/person\/9380b6b869112d87ee8b88736ef26ab4"},"headline":"Oasefeuer am Freitag 28. Juni 2023","datePublished":"2024-06-25T15:20:31+00:00","mainEntityOfPage":{"@id":"https:\/\/oase-gronau-losser.org\/de\/2024\/oasefeuer-am-freitag-28-juni-2023\/"},"wordCount":133,"inLanguage":"de"},{"@type":"WebPage","@id":"https:\/\/oase-gronau-losser.org\/de\/2024\/oasefeuer-am-freitag-28-juni-2023\/","url":"https:\/\/oase-gronau-losser.org\/de\/2024\/oasefeuer-am-freitag-28-juni-2023\/","name":"Oasefeuer am Freitag 28. Juni 2023 - \u00d6kumenischer Kirchengarten OASE","isPartOf":{"@id":"https:\/\/oase-gronau-losser.org\/de\/#website"},"datePublished":"2024-06-25T15:20:31+00:00","author":{"@id":"https:\/\/oase-gronau-losser.org\/de\/#\/schema\/person\/9380b6b869112d87ee8b88736ef26ab4"},"breadcrumb":{"@id":"https:\/\/oase-gronau-losser.org\/de\/2024\/oasefeuer-am-freitag-28-juni-2023\/#breadcrumb"},"inLanguage":"de","potentialAction":[{"@type":"ReadAction","target":["https:\/\/oase-gronau-losser.org\/de\/2024\/oasefeuer-am-freitag-28-juni-2023\/"]}]},{"@type":"BreadcrumbList","@id":"https:\/\/oase-gronau-losser.org\/de\/2024\/oasefeuer-am-freitag-28-juni-2023\/#breadcrumb","itemListElement":[{"@type":"ListItem","position":1,"name":"Home","item":"https:\/\/oase-gronau-losser.org\/de\/"},{"@type":"ListItem","position":2,"name":"Oasefeuer am Freitag 28. Juni 2023"}]},{"@type":"WebSite","@id":"https:\/\/oase-gronau-losser.org\/de\/#website","url":"https:\/\/oase-gronau-losser.org\/de\/","name":"\u00d6kumenischer Kirchengarten OASE","description":"Oecumenische Kerkentuin OASE \u2013 Christenen aan de grens","potentialAction":[{"@type":"SearchAction","target":{"@type":"EntryPoint","urlTemplate":"https:\/\/oase-gronau-losser.org\/de\/?s={search_term_string}"},"query-input":{"@type":"PropertyValueSpecification","valueRequired":true,"valueName":"search_term_string"}}],"inLanguage":"de"},{"@type":"Person","@id":"https:\/\/oase-gronau-losser.org\/de\/#\/schema\/person\/9380b6b869112d87ee8b88736ef26ab4","name":"Marlies Gartmann","image":{"@type":"ImageObject","inLanguage":"de","@id":"https:\/\/secure.gravatar.com\/avatar\/9aac36f1080be8aa4435935bb591e486d3d6a8d130803f68c707d7948b29569f?s=96&d=mm&r=g","url":"https:\/\/secure.gravatar.com\/avatar\/9aac36f1080be8aa4435935bb591e486d3d6a8d130803f68c707d7948b29569f?s=96&d=mm&r=g","contentUrl":"https:\/\/secure.gravatar.com\/avatar\/9aac36f1080be8aa4435935bb591e486d3d6a8d130803f68c707d7948b29569f?s=96&d=mm&r=g","caption":"Marlies Gartmann"},"url":"https:\/\/oase-gronau-losser.org\/de\/author\/marlies\/"}]}},"_links":{"self":[{"href":"https:\/\/oase-gronau-losser.org\/de\/wp-json\/wp\/v2\/posts\/4728","targetHints":{"allow":["GET"]}}],"collection":[{"href":"https:\/\/oase-gronau-losser.org\/de\/wp-json\/wp\/v2\/posts"}],"about":[{"href":"https:\/\/oase-gronau-losser.org\/de\/wp-json\/wp\/v2\/types\/post"}],"author":[{"embeddable":true,"href":"https:\/\/oase-gronau-losser.org\/de\/wp-json\/wp\/v2\/users\/2"}],"replies":[{"embeddable":true,"href":"https:\/\/oase-gronau-losser.org\/de\/wp-json\/wp\/v2\/comments?post=4728"}],"version-history":[{"count":1,"href":"https:\/\/oase-gronau-losser.org\/de\/wp-json\/wp\/v2\/posts\/4728\/revisions"}],"predecessor-version":[{"id":4729,"href":"https:\/\/oase-gronau-losser.org\/de\/wp-json\/wp\/v2\/posts\/4728\/revisions\/4729"}],"wp:attachment":[{"href":"https:\/\/oase-gronau-losser.org\/de\/wp-json\/wp\/v2\/media?parent=4728"}],"wp:term":[{"taxonomy":"category","embeddable":true,"href":"https:\/\/oase-gronau-losser.org\/de\/wp-json\/wp\/v2\/categories?post=4728"},{"taxonomy":"post_tag","embeddable":true,"href":"https:\/\/oase-gronau-losser.org\/de\/wp-json\/wp\/v2\/tags?post=4728"}],"curies":[{"name":"wp","href":"https:\/\/api.w.org\/{rel}","templated":true}]}}