{"id":4596,"date":"2023-02-08T22:08:40","date_gmt":"2023-02-08T21:08:40","guid":{"rendered":"https:\/\/oase-gronau-losser.org\/de\/?p=4596"},"modified":"2023-02-08T22:08:40","modified_gmt":"2023-02-08T21:08:40","slug":"bericht-dreikoenigswanderung-2","status":"publish","type":"post","link":"https:\/\/oase-gronau-losser.org\/de\/2023\/bericht-dreikoenigswanderung-2\/","title":{"rendered":"Bericht Dreik\u00f6nigswanderung"},"content":{"rendered":"<p>Am Sonntag, den 8. Januar haben wir auf dem Tankenberg, in einem h\u00fcgeligen Gebiet mit sch\u00f6nen W\u00e4ldern<\/p>\n<p>und Ausblicken auf Wiesen und Twente Bauernh\u00f6fe, die Dreik\u00f6nigstour veranstaltet. Wir folgten<\/p>\n<p>den Sternen, die uns zu einem beheizten Bauernhof brachten. Mit \u00a0Schokoladenmilch und<\/p>\n<p>Christstollen konnten wir uns st\u00e4rken\u00a0 und dabei viele Probleme diskutieren.\u00a0 F\u00fcr manche Probleme fanden wir\u00a0 keine L\u00f6sungen.<\/p>\n<p>Wichtig ist sicher f\u00fcreinander da zu sein.<\/p>\n<p>Mit einer kurzen Andacht und ein paar Liedern gingen wir gest\u00e4rkt nach Hause.<\/p>\n<p>Hinter den Kulissen arbeiten wir hart daran, eine neue Unterkunft auf der Oase zu realisieren.<\/p>\n<p>Ende Februar, Anfang M\u00e4rz k\u00f6nnen wir Ihre Hilfe gebrauchen. Mehr dazu erfahren Sie in den Medien oder per Post.<\/p>\n<p>Die neue Saison beginnt am Ostersonntag, 9. April um 6:00 Uhr mit dem fr\u00fchen<\/p>\n<p>Ostergottesdienst w\u00e4hrend des Sonnenaufgangs auf dem Oase-Gel\u00e4nde.<\/p>\n<p>&#8222;Weet dat je welkom bent\u201c<\/p>\n<p>&nbsp;<\/p>\n<p>Ein herzlichen Gru\u00df vom Oase-Team.<\/p>\n","protected":false},"excerpt":{"rendered":"<p>Am Sonntag, den 8. Januar haben wir auf dem Tankenberg, in einem h\u00fcgeligen Gebiet mit sch\u00f6nen W\u00e4ldern und Ausblicken auf Wiesen und Twente Bauernh\u00f6fe, die Dreik\u00f6nigstour veranstaltet. Wir folgten den Sternen, die uns zu einem beheizten Bauernhof brachten. Mit \u00a0Schokoladenmilch und Christstollen konnten wir uns st\u00e4rken\u00a0 und dabei viele Probleme [&hellip;]<\/p>\n","protected":false},"author":2,"featured_media":0,"comment_status":"closed","ping_status":"open","sticky":false,"template":"","format":"standard","meta":{"_acf_changed":false,"footnotes":""},"categories":[1],"tags":[],"class_list":["post-4596","post","type-post","status-publish","format-standard","hentry","category-allgemein"],"acf":[],"yoast_head":"<!-- This site is optimized with the Yoast SEO plugin v27.4 - https:\/\/yoast.com\/product\/yoast-seo-wordpress\/ -->\n<title>Bericht Dreik\u00f6nigswanderung - \u00d6kumenischer Kirchengarten OASE<\/title>\n<meta name=\"robots\" content=\"index, follow, max-snippet:-1, max-image-preview:large, max-video-preview:-1\" \/>\n<link rel=\"canonical\" href=\"https:\/\/oase-gronau-losser.org\/de\/2023\/bericht-dreikoenigswanderung-2\/\" \/>\n<meta property=\"og:locale\" content=\"de_DE\" \/>\n<meta property=\"og:type\" content=\"article\" \/>\n<meta property=\"og:title\" content=\"Bericht Dreik\u00f6nigswanderung - \u00d6kumenischer Kirchengarten OASE\" \/>\n<meta property=\"og:description\" content=\"Am Sonntag, den 8. Januar haben wir auf dem Tankenberg, in einem h\u00fcgeligen Gebiet mit sch\u00f6nen W\u00e4ldern und Ausblicken auf Wiesen und Twente Bauernh\u00f6fe, die Dreik\u00f6nigstour veranstaltet. Wir folgten den Sternen, die uns zu einem beheizten Bauernhof brachten. Mit \u00a0Schokoladenmilch und Christstollen konnten wir uns st\u00e4rken\u00a0 und dabei viele Probleme [&hellip;]\" \/>\n<meta property=\"og:url\" content=\"https:\/\/oase-gronau-losser.org\/de\/2023\/bericht-dreikoenigswanderung-2\/\" \/>\n<meta property=\"og:site_name\" content=\"\u00d6kumenischer Kirchengarten OASE\" \/>\n<meta property=\"article:published_time\" content=\"2023-02-08T21:08:40+00:00\" \/>\n<meta name=\"author\" content=\"Marlies Gartmann\" \/>\n<meta name=\"twitter:card\" content=\"summary_large_image\" \/>\n<meta name=\"twitter:label1\" content=\"Verfasst von\" \/>\n\t<meta name=\"twitter:data1\" content=\"Marlies Gartmann\" \/>\n\t<meta name=\"twitter:label2\" content=\"Gesch\u00e4tzte Lesezeit\" \/>\n\t<meta name=\"twitter:data2\" content=\"1\u00a0Minute\" \/>\n<script type=\"application\/ld+json\" class=\"yoast-schema-graph\">{\"@context\":\"https:\\\/\\\/schema.org\",\"@graph\":[{\"@type\":\"Article\",\"@id\":\"https:\\\/\\\/oase-gronau-losser.org\\\/de\\\/2023\\\/bericht-dreikoenigswanderung-2\\\/#article\",\"isPartOf\":{\"@id\":\"https:\\\/\\\/oase-gronau-losser.org\\\/de\\\/2023\\\/bericht-dreikoenigswanderung-2\\\/\"},\"author\":{\"name\":\"Marlies Gartmann\",\"@id\":\"https:\\\/\\\/oase-gronau-losser.org\\\/de\\\/#\\\/schema\\\/person\\\/9380b6b869112d87ee8b88736ef26ab4\"},\"headline\":\"Bericht Dreik\u00f6nigswanderung\",\"datePublished\":\"2023-02-08T21:08:40+00:00\",\"mainEntityOfPage\":{\"@id\":\"https:\\\/\\\/oase-gronau-losser.org\\\/de\\\/2023\\\/bericht-dreikoenigswanderung-2\\\/\"},\"wordCount\":159,\"inLanguage\":\"de\"},{\"@type\":\"WebPage\",\"@id\":\"https:\\\/\\\/oase-gronau-losser.org\\\/de\\\/2023\\\/bericht-dreikoenigswanderung-2\\\/\",\"url\":\"https:\\\/\\\/oase-gronau-losser.org\\\/de\\\/2023\\\/bericht-dreikoenigswanderung-2\\\/\",\"name\":\"Bericht Dreik\u00f6nigswanderung - \u00d6kumenischer Kirchengarten OASE\",\"isPartOf\":{\"@id\":\"https:\\\/\\\/oase-gronau-losser.org\\\/de\\\/#website\"},\"datePublished\":\"2023-02-08T21:08:40+00:00\",\"author\":{\"@id\":\"https:\\\/\\\/oase-gronau-losser.org\\\/de\\\/#\\\/schema\\\/person\\\/9380b6b869112d87ee8b88736ef26ab4\"},\"breadcrumb\":{\"@id\":\"https:\\\/\\\/oase-gronau-losser.org\\\/de\\\/2023\\\/bericht-dreikoenigswanderung-2\\\/#breadcrumb\"},\"inLanguage\":\"de\",\"potentialAction\":[{\"@type\":\"ReadAction\",\"target\":[\"https:\\\/\\\/oase-gronau-losser.org\\\/de\\\/2023\\\/bericht-dreikoenigswanderung-2\\\/\"]}]},{\"@type\":\"BreadcrumbList\",\"@id\":\"https:\\\/\\\/oase-gronau-losser.org\\\/de\\\/2023\\\/bericht-dreikoenigswanderung-2\\\/#breadcrumb\",\"itemListElement\":[{\"@type\":\"ListItem\",\"position\":1,\"name\":\"Home\",\"item\":\"https:\\\/\\\/oase-gronau-losser.org\\\/de\\\/\"},{\"@type\":\"ListItem\",\"position\":2,\"name\":\"Bericht Dreik\u00f6nigswanderung\"}]},{\"@type\":\"WebSite\",\"@id\":\"https:\\\/\\\/oase-gronau-losser.org\\\/de\\\/#website\",\"url\":\"https:\\\/\\\/oase-gronau-losser.org\\\/de\\\/\",\"name\":\"\u00d6kumenischer Kirchengarten OASE\",\"description\":\"Oecumenische Kerkentuin OASE \u2013 Christenen aan de grens\",\"potentialAction\":[{\"@type\":\"SearchAction\",\"target\":{\"@type\":\"EntryPoint\",\"urlTemplate\":\"https:\\\/\\\/oase-gronau-losser.org\\\/de\\\/?s={search_term_string}\"},\"query-input\":{\"@type\":\"PropertyValueSpecification\",\"valueRequired\":true,\"valueName\":\"search_term_string\"}}],\"inLanguage\":\"de\"},{\"@type\":\"Person\",\"@id\":\"https:\\\/\\\/oase-gronau-losser.org\\\/de\\\/#\\\/schema\\\/person\\\/9380b6b869112d87ee8b88736ef26ab4\",\"name\":\"Marlies Gartmann\",\"image\":{\"@type\":\"ImageObject\",\"inLanguage\":\"de\",\"@id\":\"https:\\\/\\\/secure.gravatar.com\\\/avatar\\\/9aac36f1080be8aa4435935bb591e486d3d6a8d130803f68c707d7948b29569f?s=96&d=mm&r=g\",\"url\":\"https:\\\/\\\/secure.gravatar.com\\\/avatar\\\/9aac36f1080be8aa4435935bb591e486d3d6a8d130803f68c707d7948b29569f?s=96&d=mm&r=g\",\"contentUrl\":\"https:\\\/\\\/secure.gravatar.com\\\/avatar\\\/9aac36f1080be8aa4435935bb591e486d3d6a8d130803f68c707d7948b29569f?s=96&d=mm&r=g\",\"caption\":\"Marlies Gartmann\"},\"url\":\"https:\\\/\\\/oase-gronau-losser.org\\\/de\\\/author\\\/marlies\\\/\"}]}<\/script>\n<!-- \/ Yoast SEO plugin. -->","yoast_head_json":{"title":"Bericht Dreik\u00f6nigswanderung - \u00d6kumenischer Kirchengarten OASE","robots":{"index":"index","follow":"follow","max-snippet":"max-snippet:-1","max-image-preview":"max-image-preview:large","max-video-preview":"max-video-preview:-1"},"canonical":"https:\/\/oase-gronau-losser.org\/de\/2023\/bericht-dreikoenigswanderung-2\/","og_locale":"de_DE","og_type":"article","og_title":"Bericht Dreik\u00f6nigswanderung - \u00d6kumenischer Kirchengarten OASE","og_description":"Am Sonntag, den 8. Januar haben wir auf dem Tankenberg, in einem h\u00fcgeligen Gebiet mit sch\u00f6nen W\u00e4ldern und Ausblicken auf Wiesen und Twente Bauernh\u00f6fe, die Dreik\u00f6nigstour veranstaltet. Wir folgten den Sternen, die uns zu einem beheizten Bauernhof brachten. Mit \u00a0Schokoladenmilch und Christstollen konnten wir uns st\u00e4rken\u00a0 und dabei viele Probleme [&hellip;]","og_url":"https:\/\/oase-gronau-losser.org\/de\/2023\/bericht-dreikoenigswanderung-2\/","og_site_name":"\u00d6kumenischer Kirchengarten OASE","article_published_time":"2023-02-08T21:08:40+00:00","author":"Marlies Gartmann","twitter_card":"summary_large_image","twitter_misc":{"Verfasst von":"Marlies Gartmann","Gesch\u00e4tzte Lesezeit":"1\u00a0Minute"},"schema":{"@context":"https:\/\/schema.org","@graph":[{"@type":"Article","@id":"https:\/\/oase-gronau-losser.org\/de\/2023\/bericht-dreikoenigswanderung-2\/#article","isPartOf":{"@id":"https:\/\/oase-gronau-losser.org\/de\/2023\/bericht-dreikoenigswanderung-2\/"},"author":{"name":"Marlies Gartmann","@id":"https:\/\/oase-gronau-losser.org\/de\/#\/schema\/person\/9380b6b869112d87ee8b88736ef26ab4"},"headline":"Bericht Dreik\u00f6nigswanderung","datePublished":"2023-02-08T21:08:40+00:00","mainEntityOfPage":{"@id":"https:\/\/oase-gronau-losser.org\/de\/2023\/bericht-dreikoenigswanderung-2\/"},"wordCount":159,"inLanguage":"de"},{"@type":"WebPage","@id":"https:\/\/oase-gronau-losser.org\/de\/2023\/bericht-dreikoenigswanderung-2\/","url":"https:\/\/oase-gronau-losser.org\/de\/2023\/bericht-dreikoenigswanderung-2\/","name":"Bericht Dreik\u00f6nigswanderung - \u00d6kumenischer Kirchengarten OASE","isPartOf":{"@id":"https:\/\/oase-gronau-losser.org\/de\/#website"},"datePublished":"2023-02-08T21:08:40+00:00","author":{"@id":"https:\/\/oase-gronau-losser.org\/de\/#\/schema\/person\/9380b6b869112d87ee8b88736ef26ab4"},"breadcrumb":{"@id":"https:\/\/oase-gronau-losser.org\/de\/2023\/bericht-dreikoenigswanderung-2\/#breadcrumb"},"inLanguage":"de","potentialAction":[{"@type":"ReadAction","target":["https:\/\/oase-gronau-losser.org\/de\/2023\/bericht-dreikoenigswanderung-2\/"]}]},{"@type":"BreadcrumbList","@id":"https:\/\/oase-gronau-losser.org\/de\/2023\/bericht-dreikoenigswanderung-2\/#breadcrumb","itemListElement":[{"@type":"ListItem","position":1,"name":"Home","item":"https:\/\/oase-gronau-losser.org\/de\/"},{"@type":"ListItem","position":2,"name":"Bericht Dreik\u00f6nigswanderung"}]},{"@type":"WebSite","@id":"https:\/\/oase-gronau-losser.org\/de\/#website","url":"https:\/\/oase-gronau-losser.org\/de\/","name":"\u00d6kumenischer Kirchengarten OASE","description":"Oecumenische Kerkentuin OASE \u2013 Christenen aan de grens","potentialAction":[{"@type":"SearchAction","target":{"@type":"EntryPoint","urlTemplate":"https:\/\/oase-gronau-losser.org\/de\/?s={search_term_string}"},"query-input":{"@type":"PropertyValueSpecification","valueRequired":true,"valueName":"search_term_string"}}],"inLanguage":"de"},{"@type":"Person","@id":"https:\/\/oase-gronau-losser.org\/de\/#\/schema\/person\/9380b6b869112d87ee8b88736ef26ab4","name":"Marlies Gartmann","image":{"@type":"ImageObject","inLanguage":"de","@id":"https:\/\/secure.gravatar.com\/avatar\/9aac36f1080be8aa4435935bb591e486d3d6a8d130803f68c707d7948b29569f?s=96&d=mm&r=g","url":"https:\/\/secure.gravatar.com\/avatar\/9aac36f1080be8aa4435935bb591e486d3d6a8d130803f68c707d7948b29569f?s=96&d=mm&r=g","contentUrl":"https:\/\/secure.gravatar.com\/avatar\/9aac36f1080be8aa4435935bb591e486d3d6a8d130803f68c707d7948b29569f?s=96&d=mm&r=g","caption":"Marlies Gartmann"},"url":"https:\/\/oase-gronau-losser.org\/de\/author\/marlies\/"}]}},"_links":{"self":[{"href":"https:\/\/oase-gronau-losser.org\/de\/wp-json\/wp\/v2\/posts\/4596","targetHints":{"allow":["GET"]}}],"collection":[{"href":"https:\/\/oase-gronau-losser.org\/de\/wp-json\/wp\/v2\/posts"}],"about":[{"href":"https:\/\/oase-gronau-losser.org\/de\/wp-json\/wp\/v2\/types\/post"}],"author":[{"embeddable":true,"href":"https:\/\/oase-gronau-losser.org\/de\/wp-json\/wp\/v2\/users\/2"}],"replies":[{"embeddable":true,"href":"https:\/\/oase-gronau-losser.org\/de\/wp-json\/wp\/v2\/comments?post=4596"}],"version-history":[{"count":1,"href":"https:\/\/oase-gronau-losser.org\/de\/wp-json\/wp\/v2\/posts\/4596\/revisions"}],"predecessor-version":[{"id":4597,"href":"https:\/\/oase-gronau-losser.org\/de\/wp-json\/wp\/v2\/posts\/4596\/revisions\/4597"}],"wp:attachment":[{"href":"https:\/\/oase-gronau-losser.org\/de\/wp-json\/wp\/v2\/media?parent=4596"}],"wp:term":[{"taxonomy":"category","embeddable":true,"href":"https:\/\/oase-gronau-losser.org\/de\/wp-json\/wp\/v2\/categories?post=4596"},{"taxonomy":"post_tag","embeddable":true,"href":"https:\/\/oase-gronau-losser.org\/de\/wp-json\/wp\/v2\/tags?post=4596"}],"curies":[{"name":"wp","href":"https:\/\/api.w.org\/{rel}","templated":true}]}}