{"id":4589,"date":"2023-01-02T16:44:00","date_gmt":"2023-01-02T15:44:00","guid":{"rendered":"https:\/\/oase-gronau-losser.org\/de\/?p=4589"},"modified":"2023-01-02T17:03:10","modified_gmt":"2023-01-02T16:03:10","slug":"zum-jahr-2023","status":"publish","type":"post","link":"https:\/\/oase-gronau-losser.org\/de\/2023\/zum-jahr-2023\/","title":{"rendered":"Dreik\u00f6nigswanderung 2023"},"content":{"rendered":"<p>&nbsp;<\/p>\n<p>Die Wanderung f\u00fchrt uns am 8. Januar 2023\u2013 wie schon vor einigen Jahren \u2013 durch die sch\u00f6ne und h\u00fcgelige Hoevenlandschaft vom Landgut Egherie, gelegen zwischen De Lutte und Oldenzaal.<\/p>\n<p>Die Wanderung dauert etwa 1 Stunde. Festes Schuhwerk ist angebracht. Wir starten zwischen 14.00 Uhr und 14.30 Uhr.<\/p>\n<p>Der Startpunkt ist bei Erve Harbert am Alleeweg Nr. 1\u00a0 7587 NC De Lutte.<\/p>\n<p>Man f\u00e4hrt in De Lutte \u00fcber die Bentheimerstra\u00dfe in Richtung Oldenzaal. Beim Hotel Restaurant De grote Zwaan (Nr. 21) rechts abbiegen in den Paasbergweg.<\/p>\n<p>Wir werden an dieser Stelle ein Hinweisschild \u201e Oase\u201c\u00a0 anbringen.<\/p>\n<p>Dann folgt man dem Paasbergweg, bis der Alleeweg links abbiegt. Da werden wir auch ein Hinweisschild anbringen. Kurz danach erreicht man Erve Harbert.<\/p>\n<p>Von dort aus kann man den Sternen folgen.<\/p>\n<p>Nach der Wanderung versammeln wir uns in einer einfachen Scheune auf Erve Harbert zu einem gem\u00fctlichen Beisammensein mit einem kleinen Imbiss und einem Getr\u00e4nk. Wir beenden den Nachmittag mit einer kurzen Vesper.<\/p>\n<p>Alle sind herzlich willkommen.<\/p>\n<p>Weet dat je welkom bent !<\/p>\n<p>&nbsp;<\/p>\n","protected":false},"excerpt":{"rendered":"<p>&nbsp; Die Wanderung f\u00fchrt uns am 8. Januar 2023\u2013 wie schon vor einigen Jahren \u2013 durch die sch\u00f6ne und h\u00fcgelige Hoevenlandschaft vom Landgut Egherie, gelegen zwischen De Lutte und Oldenzaal. Die Wanderung dauert etwa 1 Stunde. Festes Schuhwerk ist angebracht. Wir starten zwischen 14.00 Uhr und 14.30 Uhr. Der Startpunkt [&hellip;]<\/p>\n","protected":false},"author":2,"featured_media":0,"comment_status":"closed","ping_status":"open","sticky":false,"template":"","format":"standard","meta":{"_acf_changed":false,"footnotes":""},"categories":[1],"tags":[],"class_list":["post-4589","post","type-post","status-publish","format-standard","hentry","category-allgemein"],"acf":[],"yoast_head":"<!-- This site is optimized with the Yoast SEO plugin v27.5 - https:\/\/yoast.com\/product\/yoast-seo-wordpress\/ -->\n<title>Dreik\u00f6nigswanderung 2023 - \u00d6kumenischer Kirchengarten OASE<\/title>\n<meta name=\"robots\" content=\"index, follow, max-snippet:-1, max-image-preview:large, max-video-preview:-1\" \/>\n<link rel=\"canonical\" href=\"https:\/\/oase-gronau-losser.org\/de\/2023\/zum-jahr-2023\/\" \/>\n<meta property=\"og:locale\" content=\"de_DE\" \/>\n<meta property=\"og:type\" content=\"article\" \/>\n<meta property=\"og:title\" content=\"Dreik\u00f6nigswanderung 2023 - \u00d6kumenischer Kirchengarten OASE\" \/>\n<meta property=\"og:description\" content=\"&nbsp; Die Wanderung f\u00fchrt uns am 8. Januar 2023\u2013 wie schon vor einigen Jahren \u2013 durch die sch\u00f6ne und h\u00fcgelige Hoevenlandschaft vom Landgut Egherie, gelegen zwischen De Lutte und Oldenzaal. Die Wanderung dauert etwa 1 Stunde. Festes Schuhwerk ist angebracht. Wir starten zwischen 14.00 Uhr und 14.30 Uhr. Der Startpunkt [&hellip;]\" \/>\n<meta property=\"og:url\" content=\"https:\/\/oase-gronau-losser.org\/de\/2023\/zum-jahr-2023\/\" \/>\n<meta property=\"og:site_name\" content=\"\u00d6kumenischer Kirchengarten OASE\" \/>\n<meta property=\"article:published_time\" content=\"2023-01-02T15:44:00+00:00\" \/>\n<meta property=\"article:modified_time\" content=\"2023-01-02T16:03:10+00:00\" \/>\n<meta name=\"author\" content=\"Marlies Gartmann\" \/>\n<meta name=\"twitter:card\" content=\"summary_large_image\" \/>\n<meta name=\"twitter:label1\" content=\"Verfasst von\" \/>\n\t<meta name=\"twitter:data1\" content=\"Marlies Gartmann\" \/>\n\t<meta name=\"twitter:label2\" content=\"Gesch\u00e4tzte Lesezeit\" \/>\n\t<meta name=\"twitter:data2\" content=\"1\u00a0Minute\" \/>\n<script type=\"application\/ld+json\" class=\"yoast-schema-graph\">{\"@context\":\"https:\\\/\\\/schema.org\",\"@graph\":[{\"@type\":\"Article\",\"@id\":\"https:\\\/\\\/oase-gronau-losser.org\\\/de\\\/2023\\\/zum-jahr-2023\\\/#article\",\"isPartOf\":{\"@id\":\"https:\\\/\\\/oase-gronau-losser.org\\\/de\\\/2023\\\/zum-jahr-2023\\\/\"},\"author\":{\"name\":\"Marlies Gartmann\",\"@id\":\"https:\\\/\\\/oase-gronau-losser.org\\\/de\\\/#\\\/schema\\\/person\\\/9380b6b869112d87ee8b88736ef26ab4\"},\"headline\":\"Dreik\u00f6nigswanderung 2023\",\"datePublished\":\"2023-01-02T15:44:00+00:00\",\"dateModified\":\"2023-01-02T16:03:10+00:00\",\"mainEntityOfPage\":{\"@id\":\"https:\\\/\\\/oase-gronau-losser.org\\\/de\\\/2023\\\/zum-jahr-2023\\\/\"},\"wordCount\":168,\"inLanguage\":\"de\"},{\"@type\":\"WebPage\",\"@id\":\"https:\\\/\\\/oase-gronau-losser.org\\\/de\\\/2023\\\/zum-jahr-2023\\\/\",\"url\":\"https:\\\/\\\/oase-gronau-losser.org\\\/de\\\/2023\\\/zum-jahr-2023\\\/\",\"name\":\"Dreik\u00f6nigswanderung 2023 - \u00d6kumenischer Kirchengarten OASE\",\"isPartOf\":{\"@id\":\"https:\\\/\\\/oase-gronau-losser.org\\\/de\\\/#website\"},\"datePublished\":\"2023-01-02T15:44:00+00:00\",\"dateModified\":\"2023-01-02T16:03:10+00:00\",\"author\":{\"@id\":\"https:\\\/\\\/oase-gronau-losser.org\\\/de\\\/#\\\/schema\\\/person\\\/9380b6b869112d87ee8b88736ef26ab4\"},\"breadcrumb\":{\"@id\":\"https:\\\/\\\/oase-gronau-losser.org\\\/de\\\/2023\\\/zum-jahr-2023\\\/#breadcrumb\"},\"inLanguage\":\"de\",\"potentialAction\":[{\"@type\":\"ReadAction\",\"target\":[\"https:\\\/\\\/oase-gronau-losser.org\\\/de\\\/2023\\\/zum-jahr-2023\\\/\"]}]},{\"@type\":\"BreadcrumbList\",\"@id\":\"https:\\\/\\\/oase-gronau-losser.org\\\/de\\\/2023\\\/zum-jahr-2023\\\/#breadcrumb\",\"itemListElement\":[{\"@type\":\"ListItem\",\"position\":1,\"name\":\"Home\",\"item\":\"https:\\\/\\\/oase-gronau-losser.org\\\/de\\\/\"},{\"@type\":\"ListItem\",\"position\":2,\"name\":\"Dreik\u00f6nigswanderung 2023\"}]},{\"@type\":\"WebSite\",\"@id\":\"https:\\\/\\\/oase-gronau-losser.org\\\/de\\\/#website\",\"url\":\"https:\\\/\\\/oase-gronau-losser.org\\\/de\\\/\",\"name\":\"\u00d6kumenischer Kirchengarten OASE\",\"description\":\"Oecumenische Kerkentuin OASE \u2013 Christenen aan de grens\",\"potentialAction\":[{\"@type\":\"SearchAction\",\"target\":{\"@type\":\"EntryPoint\",\"urlTemplate\":\"https:\\\/\\\/oase-gronau-losser.org\\\/de\\\/?s={search_term_string}\"},\"query-input\":{\"@type\":\"PropertyValueSpecification\",\"valueRequired\":true,\"valueName\":\"search_term_string\"}}],\"inLanguage\":\"de\"},{\"@type\":\"Person\",\"@id\":\"https:\\\/\\\/oase-gronau-losser.org\\\/de\\\/#\\\/schema\\\/person\\\/9380b6b869112d87ee8b88736ef26ab4\",\"name\":\"Marlies Gartmann\",\"image\":{\"@type\":\"ImageObject\",\"inLanguage\":\"de\",\"@id\":\"https:\\\/\\\/secure.gravatar.com\\\/avatar\\\/9aac36f1080be8aa4435935bb591e486d3d6a8d130803f68c707d7948b29569f?s=96&d=mm&r=g\",\"url\":\"https:\\\/\\\/secure.gravatar.com\\\/avatar\\\/9aac36f1080be8aa4435935bb591e486d3d6a8d130803f68c707d7948b29569f?s=96&d=mm&r=g\",\"contentUrl\":\"https:\\\/\\\/secure.gravatar.com\\\/avatar\\\/9aac36f1080be8aa4435935bb591e486d3d6a8d130803f68c707d7948b29569f?s=96&d=mm&r=g\",\"caption\":\"Marlies Gartmann\"},\"url\":\"https:\\\/\\\/oase-gronau-losser.org\\\/de\\\/author\\\/marlies\\\/\"}]}<\/script>\n<!-- \/ Yoast SEO plugin. -->","yoast_head_json":{"title":"Dreik\u00f6nigswanderung 2023 - \u00d6kumenischer Kirchengarten OASE","robots":{"index":"index","follow":"follow","max-snippet":"max-snippet:-1","max-image-preview":"max-image-preview:large","max-video-preview":"max-video-preview:-1"},"canonical":"https:\/\/oase-gronau-losser.org\/de\/2023\/zum-jahr-2023\/","og_locale":"de_DE","og_type":"article","og_title":"Dreik\u00f6nigswanderung 2023 - \u00d6kumenischer Kirchengarten OASE","og_description":"&nbsp; Die Wanderung f\u00fchrt uns am 8. Januar 2023\u2013 wie schon vor einigen Jahren \u2013 durch die sch\u00f6ne und h\u00fcgelige Hoevenlandschaft vom Landgut Egherie, gelegen zwischen De Lutte und Oldenzaal. Die Wanderung dauert etwa 1 Stunde. Festes Schuhwerk ist angebracht. Wir starten zwischen 14.00 Uhr und 14.30 Uhr. Der Startpunkt [&hellip;]","og_url":"https:\/\/oase-gronau-losser.org\/de\/2023\/zum-jahr-2023\/","og_site_name":"\u00d6kumenischer Kirchengarten OASE","article_published_time":"2023-01-02T15:44:00+00:00","article_modified_time":"2023-01-02T16:03:10+00:00","author":"Marlies Gartmann","twitter_card":"summary_large_image","twitter_misc":{"Verfasst von":"Marlies Gartmann","Gesch\u00e4tzte Lesezeit":"1\u00a0Minute"},"schema":{"@context":"https:\/\/schema.org","@graph":[{"@type":"Article","@id":"https:\/\/oase-gronau-losser.org\/de\/2023\/zum-jahr-2023\/#article","isPartOf":{"@id":"https:\/\/oase-gronau-losser.org\/de\/2023\/zum-jahr-2023\/"},"author":{"name":"Marlies Gartmann","@id":"https:\/\/oase-gronau-losser.org\/de\/#\/schema\/person\/9380b6b869112d87ee8b88736ef26ab4"},"headline":"Dreik\u00f6nigswanderung 2023","datePublished":"2023-01-02T15:44:00+00:00","dateModified":"2023-01-02T16:03:10+00:00","mainEntityOfPage":{"@id":"https:\/\/oase-gronau-losser.org\/de\/2023\/zum-jahr-2023\/"},"wordCount":168,"inLanguage":"de"},{"@type":"WebPage","@id":"https:\/\/oase-gronau-losser.org\/de\/2023\/zum-jahr-2023\/","url":"https:\/\/oase-gronau-losser.org\/de\/2023\/zum-jahr-2023\/","name":"Dreik\u00f6nigswanderung 2023 - \u00d6kumenischer Kirchengarten OASE","isPartOf":{"@id":"https:\/\/oase-gronau-losser.org\/de\/#website"},"datePublished":"2023-01-02T15:44:00+00:00","dateModified":"2023-01-02T16:03:10+00:00","author":{"@id":"https:\/\/oase-gronau-losser.org\/de\/#\/schema\/person\/9380b6b869112d87ee8b88736ef26ab4"},"breadcrumb":{"@id":"https:\/\/oase-gronau-losser.org\/de\/2023\/zum-jahr-2023\/#breadcrumb"},"inLanguage":"de","potentialAction":[{"@type":"ReadAction","target":["https:\/\/oase-gronau-losser.org\/de\/2023\/zum-jahr-2023\/"]}]},{"@type":"BreadcrumbList","@id":"https:\/\/oase-gronau-losser.org\/de\/2023\/zum-jahr-2023\/#breadcrumb","itemListElement":[{"@type":"ListItem","position":1,"name":"Home","item":"https:\/\/oase-gronau-losser.org\/de\/"},{"@type":"ListItem","position":2,"name":"Dreik\u00f6nigswanderung 2023"}]},{"@type":"WebSite","@id":"https:\/\/oase-gronau-losser.org\/de\/#website","url":"https:\/\/oase-gronau-losser.org\/de\/","name":"\u00d6kumenischer Kirchengarten OASE","description":"Oecumenische Kerkentuin OASE \u2013 Christenen aan de grens","potentialAction":[{"@type":"SearchAction","target":{"@type":"EntryPoint","urlTemplate":"https:\/\/oase-gronau-losser.org\/de\/?s={search_term_string}"},"query-input":{"@type":"PropertyValueSpecification","valueRequired":true,"valueName":"search_term_string"}}],"inLanguage":"de"},{"@type":"Person","@id":"https:\/\/oase-gronau-losser.org\/de\/#\/schema\/person\/9380b6b869112d87ee8b88736ef26ab4","name":"Marlies Gartmann","image":{"@type":"ImageObject","inLanguage":"de","@id":"https:\/\/secure.gravatar.com\/avatar\/9aac36f1080be8aa4435935bb591e486d3d6a8d130803f68c707d7948b29569f?s=96&d=mm&r=g","url":"https:\/\/secure.gravatar.com\/avatar\/9aac36f1080be8aa4435935bb591e486d3d6a8d130803f68c707d7948b29569f?s=96&d=mm&r=g","contentUrl":"https:\/\/secure.gravatar.com\/avatar\/9aac36f1080be8aa4435935bb591e486d3d6a8d130803f68c707d7948b29569f?s=96&d=mm&r=g","caption":"Marlies Gartmann"},"url":"https:\/\/oase-gronau-losser.org\/de\/author\/marlies\/"}]}},"_links":{"self":[{"href":"https:\/\/oase-gronau-losser.org\/de\/wp-json\/wp\/v2\/posts\/4589","targetHints":{"allow":["GET"]}}],"collection":[{"href":"https:\/\/oase-gronau-losser.org\/de\/wp-json\/wp\/v2\/posts"}],"about":[{"href":"https:\/\/oase-gronau-losser.org\/de\/wp-json\/wp\/v2\/types\/post"}],"author":[{"embeddable":true,"href":"https:\/\/oase-gronau-losser.org\/de\/wp-json\/wp\/v2\/users\/2"}],"replies":[{"embeddable":true,"href":"https:\/\/oase-gronau-losser.org\/de\/wp-json\/wp\/v2\/comments?post=4589"}],"version-history":[{"count":5,"href":"https:\/\/oase-gronau-losser.org\/de\/wp-json\/wp\/v2\/posts\/4589\/revisions"}],"predecessor-version":[{"id":4594,"href":"https:\/\/oase-gronau-losser.org\/de\/wp-json\/wp\/v2\/posts\/4589\/revisions\/4594"}],"wp:attachment":[{"href":"https:\/\/oase-gronau-losser.org\/de\/wp-json\/wp\/v2\/media?parent=4589"}],"wp:term":[{"taxonomy":"category","embeddable":true,"href":"https:\/\/oase-gronau-losser.org\/de\/wp-json\/wp\/v2\/categories?post=4589"},{"taxonomy":"post_tag","embeddable":true,"href":"https:\/\/oase-gronau-losser.org\/de\/wp-json\/wp\/v2\/tags?post=4589"}],"curies":[{"name":"wp","href":"https:\/\/api.w.org\/{rel}","templated":true}]}}