{"id":4484,"date":"2022-04-21T12:10:20","date_gmt":"2022-04-21T10:10:20","guid":{"rendered":"https:\/\/oase-gronau-losser.org\/de\/?p=4484"},"modified":"2022-04-21T12:10:20","modified_gmt":"2022-04-21T10:10:20","slug":"erstes-oasefeuer","status":"publish","type":"post","link":"https:\/\/oase-gronau-losser.org\/de\/2022\/erstes-oasefeuer\/","title":{"rendered":"Erstes Oasefeuer"},"content":{"rendered":"<p style=\"font-weight: 400\">Die Welt brennt.<\/p>\n<p style=\"font-weight: 400\">Kommenden Freitag, 22.04.2022 findet um 19 Uhr der Auftakt der diesj\u00e4hrigen Oasefeuer statt. Klimakatastrophe, Sturmfluten, Hungersn\u00f6te, Armut, Artensterben, Pandemie, Rassismus, Kriege, (Macht-)Missbrauch, Flucht, Aufr\u00fcstung &#8211; was rausgreifen, wo anfangen? \u201eDie Welt brennt!\u201c In diesem Jahr richten wir den Blick auf globale Zusammenh\u00e4nge dieser Krisen. Welche Auswirkungen haben sie auf unseren Alltag &#8211; und welchen Einfluss haben unsere Handlungen und Entscheidungen, hier und weltweit? Wof\u00fcr brennst du in diesem Jahr? Bei Brot und Wein besteht nach einem kurzen Vortrag Raum f\u00fcr Austausch und Diskussion. Die Oase befindet sich am Ende der Dinkelstra\u00dfe links.<\/p>\n","protected":false},"excerpt":{"rendered":"<p>Die Welt brennt. Kommenden Freitag, 22.04.2022 findet um 19 Uhr der Auftakt der diesj\u00e4hrigen Oasefeuer statt. Klimakatastrophe, Sturmfluten, Hungersn\u00f6te, Armut, Artensterben, Pandemie, Rassismus, Kriege, (Macht-)Missbrauch, Flucht, Aufr\u00fcstung &#8211; was rausgreifen, wo anfangen? \u201eDie Welt brennt!\u201c In diesem Jahr richten wir den Blick auf globale Zusammenh\u00e4nge dieser Krisen. Welche Auswirkungen haben [&hellip;]<\/p>\n","protected":false},"author":2,"featured_media":0,"comment_status":"closed","ping_status":"open","sticky":false,"template":"","format":"standard","meta":{"_acf_changed":false,"footnotes":""},"categories":[1],"tags":[],"class_list":["post-4484","post","type-post","status-publish","format-standard","hentry","category-allgemein"],"acf":[],"yoast_head":"<!-- This site is optimized with the Yoast SEO plugin v27.5 - https:\/\/yoast.com\/product\/yoast-seo-wordpress\/ -->\n<title>Erstes Oasefeuer - \u00d6kumenischer Kirchengarten OASE<\/title>\n<meta name=\"robots\" content=\"index, follow, max-snippet:-1, max-image-preview:large, max-video-preview:-1\" \/>\n<link rel=\"canonical\" href=\"https:\/\/oase-gronau-losser.org\/de\/2022\/erstes-oasefeuer\/\" \/>\n<meta property=\"og:locale\" content=\"de_DE\" \/>\n<meta property=\"og:type\" content=\"article\" \/>\n<meta property=\"og:title\" content=\"Erstes Oasefeuer - \u00d6kumenischer Kirchengarten OASE\" \/>\n<meta property=\"og:description\" content=\"Die Welt brennt. Kommenden Freitag, 22.04.2022 findet um 19 Uhr der Auftakt der diesj\u00e4hrigen Oasefeuer statt. Klimakatastrophe, Sturmfluten, Hungersn\u00f6te, Armut, Artensterben, Pandemie, Rassismus, Kriege, (Macht-)Missbrauch, Flucht, Aufr\u00fcstung &#8211; was rausgreifen, wo anfangen? \u201eDie Welt brennt!\u201c In diesem Jahr richten wir den Blick auf globale Zusammenh\u00e4nge dieser Krisen. Welche Auswirkungen haben [&hellip;]\" \/>\n<meta property=\"og:url\" content=\"https:\/\/oase-gronau-losser.org\/de\/2022\/erstes-oasefeuer\/\" \/>\n<meta property=\"og:site_name\" content=\"\u00d6kumenischer Kirchengarten OASE\" \/>\n<meta property=\"article:published_time\" content=\"2022-04-21T10:10:20+00:00\" \/>\n<meta name=\"author\" content=\"Marlies Gartmann\" \/>\n<meta name=\"twitter:card\" content=\"summary_large_image\" \/>\n<meta name=\"twitter:label1\" content=\"Verfasst von\" \/>\n\t<meta name=\"twitter:data1\" content=\"Marlies Gartmann\" \/>\n\t<meta name=\"twitter:label2\" content=\"Gesch\u00e4tzte Lesezeit\" \/>\n\t<meta name=\"twitter:data2\" content=\"1\u00a0Minute\" \/>\n<script type=\"application\/ld+json\" class=\"yoast-schema-graph\">{\"@context\":\"https:\\\/\\\/schema.org\",\"@graph\":[{\"@type\":\"Article\",\"@id\":\"https:\\\/\\\/oase-gronau-losser.org\\\/de\\\/2022\\\/erstes-oasefeuer\\\/#article\",\"isPartOf\":{\"@id\":\"https:\\\/\\\/oase-gronau-losser.org\\\/de\\\/2022\\\/erstes-oasefeuer\\\/\"},\"author\":{\"name\":\"Marlies Gartmann\",\"@id\":\"https:\\\/\\\/oase-gronau-losser.org\\\/de\\\/#\\\/schema\\\/person\\\/9380b6b869112d87ee8b88736ef26ab4\"},\"headline\":\"Erstes Oasefeuer\",\"datePublished\":\"2022-04-21T10:10:20+00:00\",\"mainEntityOfPage\":{\"@id\":\"https:\\\/\\\/oase-gronau-losser.org\\\/de\\\/2022\\\/erstes-oasefeuer\\\/\"},\"wordCount\":103,\"inLanguage\":\"de\"},{\"@type\":\"WebPage\",\"@id\":\"https:\\\/\\\/oase-gronau-losser.org\\\/de\\\/2022\\\/erstes-oasefeuer\\\/\",\"url\":\"https:\\\/\\\/oase-gronau-losser.org\\\/de\\\/2022\\\/erstes-oasefeuer\\\/\",\"name\":\"Erstes Oasefeuer - \u00d6kumenischer Kirchengarten OASE\",\"isPartOf\":{\"@id\":\"https:\\\/\\\/oase-gronau-losser.org\\\/de\\\/#website\"},\"datePublished\":\"2022-04-21T10:10:20+00:00\",\"author\":{\"@id\":\"https:\\\/\\\/oase-gronau-losser.org\\\/de\\\/#\\\/schema\\\/person\\\/9380b6b869112d87ee8b88736ef26ab4\"},\"breadcrumb\":{\"@id\":\"https:\\\/\\\/oase-gronau-losser.org\\\/de\\\/2022\\\/erstes-oasefeuer\\\/#breadcrumb\"},\"inLanguage\":\"de\",\"potentialAction\":[{\"@type\":\"ReadAction\",\"target\":[\"https:\\\/\\\/oase-gronau-losser.org\\\/de\\\/2022\\\/erstes-oasefeuer\\\/\"]}]},{\"@type\":\"BreadcrumbList\",\"@id\":\"https:\\\/\\\/oase-gronau-losser.org\\\/de\\\/2022\\\/erstes-oasefeuer\\\/#breadcrumb\",\"itemListElement\":[{\"@type\":\"ListItem\",\"position\":1,\"name\":\"Home\",\"item\":\"https:\\\/\\\/oase-gronau-losser.org\\\/de\\\/\"},{\"@type\":\"ListItem\",\"position\":2,\"name\":\"Erstes Oasefeuer\"}]},{\"@type\":\"WebSite\",\"@id\":\"https:\\\/\\\/oase-gronau-losser.org\\\/de\\\/#website\",\"url\":\"https:\\\/\\\/oase-gronau-losser.org\\\/de\\\/\",\"name\":\"\u00d6kumenischer Kirchengarten OASE\",\"description\":\"Oecumenische Kerkentuin OASE \u2013 Christenen aan de grens\",\"potentialAction\":[{\"@type\":\"SearchAction\",\"target\":{\"@type\":\"EntryPoint\",\"urlTemplate\":\"https:\\\/\\\/oase-gronau-losser.org\\\/de\\\/?s={search_term_string}\"},\"query-input\":{\"@type\":\"PropertyValueSpecification\",\"valueRequired\":true,\"valueName\":\"search_term_string\"}}],\"inLanguage\":\"de\"},{\"@type\":\"Person\",\"@id\":\"https:\\\/\\\/oase-gronau-losser.org\\\/de\\\/#\\\/schema\\\/person\\\/9380b6b869112d87ee8b88736ef26ab4\",\"name\":\"Marlies Gartmann\",\"image\":{\"@type\":\"ImageObject\",\"inLanguage\":\"de\",\"@id\":\"https:\\\/\\\/secure.gravatar.com\\\/avatar\\\/9aac36f1080be8aa4435935bb591e486d3d6a8d130803f68c707d7948b29569f?s=96&d=mm&r=g\",\"url\":\"https:\\\/\\\/secure.gravatar.com\\\/avatar\\\/9aac36f1080be8aa4435935bb591e486d3d6a8d130803f68c707d7948b29569f?s=96&d=mm&r=g\",\"contentUrl\":\"https:\\\/\\\/secure.gravatar.com\\\/avatar\\\/9aac36f1080be8aa4435935bb591e486d3d6a8d130803f68c707d7948b29569f?s=96&d=mm&r=g\",\"caption\":\"Marlies Gartmann\"},\"url\":\"https:\\\/\\\/oase-gronau-losser.org\\\/de\\\/author\\\/marlies\\\/\"}]}<\/script>\n<!-- \/ Yoast SEO plugin. -->","yoast_head_json":{"title":"Erstes Oasefeuer - \u00d6kumenischer Kirchengarten OASE","robots":{"index":"index","follow":"follow","max-snippet":"max-snippet:-1","max-image-preview":"max-image-preview:large","max-video-preview":"max-video-preview:-1"},"canonical":"https:\/\/oase-gronau-losser.org\/de\/2022\/erstes-oasefeuer\/","og_locale":"de_DE","og_type":"article","og_title":"Erstes Oasefeuer - \u00d6kumenischer Kirchengarten OASE","og_description":"Die Welt brennt. Kommenden Freitag, 22.04.2022 findet um 19 Uhr der Auftakt der diesj\u00e4hrigen Oasefeuer statt. Klimakatastrophe, Sturmfluten, Hungersn\u00f6te, Armut, Artensterben, Pandemie, Rassismus, Kriege, (Macht-)Missbrauch, Flucht, Aufr\u00fcstung &#8211; was rausgreifen, wo anfangen? \u201eDie Welt brennt!\u201c In diesem Jahr richten wir den Blick auf globale Zusammenh\u00e4nge dieser Krisen. Welche Auswirkungen haben [&hellip;]","og_url":"https:\/\/oase-gronau-losser.org\/de\/2022\/erstes-oasefeuer\/","og_site_name":"\u00d6kumenischer Kirchengarten OASE","article_published_time":"2022-04-21T10:10:20+00:00","author":"Marlies Gartmann","twitter_card":"summary_large_image","twitter_misc":{"Verfasst von":"Marlies Gartmann","Gesch\u00e4tzte Lesezeit":"1\u00a0Minute"},"schema":{"@context":"https:\/\/schema.org","@graph":[{"@type":"Article","@id":"https:\/\/oase-gronau-losser.org\/de\/2022\/erstes-oasefeuer\/#article","isPartOf":{"@id":"https:\/\/oase-gronau-losser.org\/de\/2022\/erstes-oasefeuer\/"},"author":{"name":"Marlies Gartmann","@id":"https:\/\/oase-gronau-losser.org\/de\/#\/schema\/person\/9380b6b869112d87ee8b88736ef26ab4"},"headline":"Erstes Oasefeuer","datePublished":"2022-04-21T10:10:20+00:00","mainEntityOfPage":{"@id":"https:\/\/oase-gronau-losser.org\/de\/2022\/erstes-oasefeuer\/"},"wordCount":103,"inLanguage":"de"},{"@type":"WebPage","@id":"https:\/\/oase-gronau-losser.org\/de\/2022\/erstes-oasefeuer\/","url":"https:\/\/oase-gronau-losser.org\/de\/2022\/erstes-oasefeuer\/","name":"Erstes Oasefeuer - \u00d6kumenischer Kirchengarten OASE","isPartOf":{"@id":"https:\/\/oase-gronau-losser.org\/de\/#website"},"datePublished":"2022-04-21T10:10:20+00:00","author":{"@id":"https:\/\/oase-gronau-losser.org\/de\/#\/schema\/person\/9380b6b869112d87ee8b88736ef26ab4"},"breadcrumb":{"@id":"https:\/\/oase-gronau-losser.org\/de\/2022\/erstes-oasefeuer\/#breadcrumb"},"inLanguage":"de","potentialAction":[{"@type":"ReadAction","target":["https:\/\/oase-gronau-losser.org\/de\/2022\/erstes-oasefeuer\/"]}]},{"@type":"BreadcrumbList","@id":"https:\/\/oase-gronau-losser.org\/de\/2022\/erstes-oasefeuer\/#breadcrumb","itemListElement":[{"@type":"ListItem","position":1,"name":"Home","item":"https:\/\/oase-gronau-losser.org\/de\/"},{"@type":"ListItem","position":2,"name":"Erstes Oasefeuer"}]},{"@type":"WebSite","@id":"https:\/\/oase-gronau-losser.org\/de\/#website","url":"https:\/\/oase-gronau-losser.org\/de\/","name":"\u00d6kumenischer Kirchengarten OASE","description":"Oecumenische Kerkentuin OASE \u2013 Christenen aan de grens","potentialAction":[{"@type":"SearchAction","target":{"@type":"EntryPoint","urlTemplate":"https:\/\/oase-gronau-losser.org\/de\/?s={search_term_string}"},"query-input":{"@type":"PropertyValueSpecification","valueRequired":true,"valueName":"search_term_string"}}],"inLanguage":"de"},{"@type":"Person","@id":"https:\/\/oase-gronau-losser.org\/de\/#\/schema\/person\/9380b6b869112d87ee8b88736ef26ab4","name":"Marlies Gartmann","image":{"@type":"ImageObject","inLanguage":"de","@id":"https:\/\/secure.gravatar.com\/avatar\/9aac36f1080be8aa4435935bb591e486d3d6a8d130803f68c707d7948b29569f?s=96&d=mm&r=g","url":"https:\/\/secure.gravatar.com\/avatar\/9aac36f1080be8aa4435935bb591e486d3d6a8d130803f68c707d7948b29569f?s=96&d=mm&r=g","contentUrl":"https:\/\/secure.gravatar.com\/avatar\/9aac36f1080be8aa4435935bb591e486d3d6a8d130803f68c707d7948b29569f?s=96&d=mm&r=g","caption":"Marlies Gartmann"},"url":"https:\/\/oase-gronau-losser.org\/de\/author\/marlies\/"}]}},"_links":{"self":[{"href":"https:\/\/oase-gronau-losser.org\/de\/wp-json\/wp\/v2\/posts\/4484","targetHints":{"allow":["GET"]}}],"collection":[{"href":"https:\/\/oase-gronau-losser.org\/de\/wp-json\/wp\/v2\/posts"}],"about":[{"href":"https:\/\/oase-gronau-losser.org\/de\/wp-json\/wp\/v2\/types\/post"}],"author":[{"embeddable":true,"href":"https:\/\/oase-gronau-losser.org\/de\/wp-json\/wp\/v2\/users\/2"}],"replies":[{"embeddable":true,"href":"https:\/\/oase-gronau-losser.org\/de\/wp-json\/wp\/v2\/comments?post=4484"}],"version-history":[{"count":1,"href":"https:\/\/oase-gronau-losser.org\/de\/wp-json\/wp\/v2\/posts\/4484\/revisions"}],"predecessor-version":[{"id":4485,"href":"https:\/\/oase-gronau-losser.org\/de\/wp-json\/wp\/v2\/posts\/4484\/revisions\/4485"}],"wp:attachment":[{"href":"https:\/\/oase-gronau-losser.org\/de\/wp-json\/wp\/v2\/media?parent=4484"}],"wp:term":[{"taxonomy":"category","embeddable":true,"href":"https:\/\/oase-gronau-losser.org\/de\/wp-json\/wp\/v2\/categories?post=4484"},{"taxonomy":"post_tag","embeddable":true,"href":"https:\/\/oase-gronau-losser.org\/de\/wp-json\/wp\/v2\/tags?post=4484"}],"curies":[{"name":"wp","href":"https:\/\/api.w.org\/{rel}","templated":true}]}}