{"id":4475,"date":"2022-04-11T12:12:49","date_gmt":"2022-04-11T10:12:49","guid":{"rendered":"https:\/\/oase-gronau-losser.org\/de\/?p=4475"},"modified":"2022-04-11T12:12:49","modified_gmt":"2022-04-11T10:12:49","slug":"planung-oase","status":"publish","type":"post","link":"https:\/\/oase-gronau-losser.org\/de\/2022\/planung-oase\/","title":{"rendered":"Planung Oase"},"content":{"rendered":"<p><strong>Die Welt brennt.<\/strong><\/p>\n<p>Mit der Entscheidung, welches EINE Thema wir in diesem Jahr auf der Oase in Gronau zu unserem Jahresmotto erkl\u00e4ren haben wir uns schwergetan. Klimakatastrophe, Sturmfluten, Hungersn\u00f6te, Armut, Artensterben, Pandemie, Rassismus, Kriege, (Macht-)Missbrauch, Flucht, Aufr\u00fcstung &#8211; was rausgreifen? Die Welt brennt! Daher haben wir uns entschieden in diesem Jahr den Blick auf globale Zusammenh\u00e4nge dieser Krisen zu werfen. Welche Auswirkungen haben sie auf unseren Alltag &#8211; und welchen Einfluss haben unsere Handlungen und Entscheidungen, hier und weltweit? So werden sich die Oasefeuer um ein breites Themenspektrum entz\u00fcnden. Wof\u00fcr brennst du in diesem Jahr? Wir freuen uns dich zu sehen oder von dir zu h\u00f6ren: sonntags bei Coffie is klaar von 13-17 Uhr, dienstags zur Gartenarbeit zwischen 9:30-12:30 Uhr, bei den Oasefeuern in jeder geraden Kalenderwoche um 19 Uhr bei Brot und Wein, beim Eine-Welt-Tag im Sommer oder dem Fr\u00fcchtefest im Herbst (Termine werden noch bekannt gegeben) oder \u00fcber unser Kontaktformular.<\/p>\n<p>\u201eViele kleine Leute an vielen kleinen Orten, die viele kleine Dinge tun, k\u00f6nnen das Gesicht dieser Welt ver\u00e4ndern.\u201c<\/p>\n<p>Wir freuen uns auf euch!<\/p>\n<p>euer Oase-Team<\/p>\n<p>am Ende der Dinkelstra\u00dfe links, 48599 Gronau<\/p>\n","protected":false},"excerpt":{"rendered":"<p>Die Welt brennt. Mit der Entscheidung, welches EINE Thema wir in diesem Jahr auf der Oase in Gronau zu unserem Jahresmotto erkl\u00e4ren haben wir uns schwergetan. Klimakatastrophe, Sturmfluten, Hungersn\u00f6te, Armut, Artensterben, Pandemie, Rassismus, Kriege, (Macht-)Missbrauch, Flucht, Aufr\u00fcstung &#8211; was rausgreifen? Die Welt brennt! Daher haben wir uns entschieden in diesem [&hellip;]<\/p>\n","protected":false},"author":2,"featured_media":0,"comment_status":"closed","ping_status":"open","sticky":false,"template":"","format":"standard","meta":{"_acf_changed":false,"footnotes":""},"categories":[1],"tags":[],"class_list":["post-4475","post","type-post","status-publish","format-standard","hentry","category-allgemein"],"acf":[],"yoast_head":"<!-- This site is optimized with the Yoast SEO plugin v27.5 - https:\/\/yoast.com\/product\/yoast-seo-wordpress\/ -->\n<title>Planung Oase - \u00d6kumenischer Kirchengarten OASE<\/title>\n<meta name=\"robots\" content=\"index, follow, max-snippet:-1, max-image-preview:large, max-video-preview:-1\" \/>\n<link rel=\"canonical\" href=\"https:\/\/oase-gronau-losser.org\/de\/2022\/planung-oase\/\" \/>\n<meta property=\"og:locale\" content=\"de_DE\" \/>\n<meta property=\"og:type\" content=\"article\" \/>\n<meta property=\"og:title\" content=\"Planung Oase - \u00d6kumenischer Kirchengarten OASE\" \/>\n<meta property=\"og:description\" content=\"Die Welt brennt. Mit der Entscheidung, welches EINE Thema wir in diesem Jahr auf der Oase in Gronau zu unserem Jahresmotto erkl\u00e4ren haben wir uns schwergetan. Klimakatastrophe, Sturmfluten, Hungersn\u00f6te, Armut, Artensterben, Pandemie, Rassismus, Kriege, (Macht-)Missbrauch, Flucht, Aufr\u00fcstung &#8211; was rausgreifen? Die Welt brennt! Daher haben wir uns entschieden in diesem [&hellip;]\" \/>\n<meta property=\"og:url\" content=\"https:\/\/oase-gronau-losser.org\/de\/2022\/planung-oase\/\" \/>\n<meta property=\"og:site_name\" content=\"\u00d6kumenischer Kirchengarten OASE\" \/>\n<meta property=\"article:published_time\" content=\"2022-04-11T10:12:49+00:00\" \/>\n<meta name=\"author\" content=\"Marlies Gartmann\" \/>\n<meta name=\"twitter:card\" content=\"summary_large_image\" \/>\n<meta name=\"twitter:label1\" content=\"Verfasst von\" \/>\n\t<meta name=\"twitter:data1\" content=\"Marlies Gartmann\" \/>\n\t<meta name=\"twitter:label2\" content=\"Gesch\u00e4tzte Lesezeit\" \/>\n\t<meta name=\"twitter:data2\" content=\"2\u00a0Minuten\" \/>\n<script type=\"application\/ld+json\" class=\"yoast-schema-graph\">{\"@context\":\"https:\\\/\\\/schema.org\",\"@graph\":[{\"@type\":\"Article\",\"@id\":\"https:\\\/\\\/oase-gronau-losser.org\\\/de\\\/2022\\\/planung-oase\\\/#article\",\"isPartOf\":{\"@id\":\"https:\\\/\\\/oase-gronau-losser.org\\\/de\\\/2022\\\/planung-oase\\\/\"},\"author\":{\"name\":\"Marlies Gartmann\",\"@id\":\"https:\\\/\\\/oase-gronau-losser.org\\\/de\\\/#\\\/schema\\\/person\\\/9380b6b869112d87ee8b88736ef26ab4\"},\"headline\":\"Planung Oase\",\"datePublished\":\"2022-04-11T10:12:49+00:00\",\"mainEntityOfPage\":{\"@id\":\"https:\\\/\\\/oase-gronau-losser.org\\\/de\\\/2022\\\/planung-oase\\\/\"},\"wordCount\":196,\"inLanguage\":\"de\"},{\"@type\":\"WebPage\",\"@id\":\"https:\\\/\\\/oase-gronau-losser.org\\\/de\\\/2022\\\/planung-oase\\\/\",\"url\":\"https:\\\/\\\/oase-gronau-losser.org\\\/de\\\/2022\\\/planung-oase\\\/\",\"name\":\"Planung Oase - \u00d6kumenischer Kirchengarten OASE\",\"isPartOf\":{\"@id\":\"https:\\\/\\\/oase-gronau-losser.org\\\/de\\\/#website\"},\"datePublished\":\"2022-04-11T10:12:49+00:00\",\"author\":{\"@id\":\"https:\\\/\\\/oase-gronau-losser.org\\\/de\\\/#\\\/schema\\\/person\\\/9380b6b869112d87ee8b88736ef26ab4\"},\"breadcrumb\":{\"@id\":\"https:\\\/\\\/oase-gronau-losser.org\\\/de\\\/2022\\\/planung-oase\\\/#breadcrumb\"},\"inLanguage\":\"de\",\"potentialAction\":[{\"@type\":\"ReadAction\",\"target\":[\"https:\\\/\\\/oase-gronau-losser.org\\\/de\\\/2022\\\/planung-oase\\\/\"]}]},{\"@type\":\"BreadcrumbList\",\"@id\":\"https:\\\/\\\/oase-gronau-losser.org\\\/de\\\/2022\\\/planung-oase\\\/#breadcrumb\",\"itemListElement\":[{\"@type\":\"ListItem\",\"position\":1,\"name\":\"Home\",\"item\":\"https:\\\/\\\/oase-gronau-losser.org\\\/de\\\/\"},{\"@type\":\"ListItem\",\"position\":2,\"name\":\"Planung Oase\"}]},{\"@type\":\"WebSite\",\"@id\":\"https:\\\/\\\/oase-gronau-losser.org\\\/de\\\/#website\",\"url\":\"https:\\\/\\\/oase-gronau-losser.org\\\/de\\\/\",\"name\":\"\u00d6kumenischer Kirchengarten OASE\",\"description\":\"Oecumenische Kerkentuin OASE \u2013 Christenen aan de grens\",\"potentialAction\":[{\"@type\":\"SearchAction\",\"target\":{\"@type\":\"EntryPoint\",\"urlTemplate\":\"https:\\\/\\\/oase-gronau-losser.org\\\/de\\\/?s={search_term_string}\"},\"query-input\":{\"@type\":\"PropertyValueSpecification\",\"valueRequired\":true,\"valueName\":\"search_term_string\"}}],\"inLanguage\":\"de\"},{\"@type\":\"Person\",\"@id\":\"https:\\\/\\\/oase-gronau-losser.org\\\/de\\\/#\\\/schema\\\/person\\\/9380b6b869112d87ee8b88736ef26ab4\",\"name\":\"Marlies Gartmann\",\"image\":{\"@type\":\"ImageObject\",\"inLanguage\":\"de\",\"@id\":\"https:\\\/\\\/secure.gravatar.com\\\/avatar\\\/9aac36f1080be8aa4435935bb591e486d3d6a8d130803f68c707d7948b29569f?s=96&d=mm&r=g\",\"url\":\"https:\\\/\\\/secure.gravatar.com\\\/avatar\\\/9aac36f1080be8aa4435935bb591e486d3d6a8d130803f68c707d7948b29569f?s=96&d=mm&r=g\",\"contentUrl\":\"https:\\\/\\\/secure.gravatar.com\\\/avatar\\\/9aac36f1080be8aa4435935bb591e486d3d6a8d130803f68c707d7948b29569f?s=96&d=mm&r=g\",\"caption\":\"Marlies Gartmann\"},\"url\":\"https:\\\/\\\/oase-gronau-losser.org\\\/de\\\/author\\\/marlies\\\/\"}]}<\/script>\n<!-- \/ Yoast SEO plugin. -->","yoast_head_json":{"title":"Planung Oase - \u00d6kumenischer Kirchengarten OASE","robots":{"index":"index","follow":"follow","max-snippet":"max-snippet:-1","max-image-preview":"max-image-preview:large","max-video-preview":"max-video-preview:-1"},"canonical":"https:\/\/oase-gronau-losser.org\/de\/2022\/planung-oase\/","og_locale":"de_DE","og_type":"article","og_title":"Planung Oase - \u00d6kumenischer Kirchengarten OASE","og_description":"Die Welt brennt. Mit der Entscheidung, welches EINE Thema wir in diesem Jahr auf der Oase in Gronau zu unserem Jahresmotto erkl\u00e4ren haben wir uns schwergetan. Klimakatastrophe, Sturmfluten, Hungersn\u00f6te, Armut, Artensterben, Pandemie, Rassismus, Kriege, (Macht-)Missbrauch, Flucht, Aufr\u00fcstung &#8211; was rausgreifen? Die Welt brennt! Daher haben wir uns entschieden in diesem [&hellip;]","og_url":"https:\/\/oase-gronau-losser.org\/de\/2022\/planung-oase\/","og_site_name":"\u00d6kumenischer Kirchengarten OASE","article_published_time":"2022-04-11T10:12:49+00:00","author":"Marlies Gartmann","twitter_card":"summary_large_image","twitter_misc":{"Verfasst von":"Marlies Gartmann","Gesch\u00e4tzte Lesezeit":"2\u00a0Minuten"},"schema":{"@context":"https:\/\/schema.org","@graph":[{"@type":"Article","@id":"https:\/\/oase-gronau-losser.org\/de\/2022\/planung-oase\/#article","isPartOf":{"@id":"https:\/\/oase-gronau-losser.org\/de\/2022\/planung-oase\/"},"author":{"name":"Marlies Gartmann","@id":"https:\/\/oase-gronau-losser.org\/de\/#\/schema\/person\/9380b6b869112d87ee8b88736ef26ab4"},"headline":"Planung Oase","datePublished":"2022-04-11T10:12:49+00:00","mainEntityOfPage":{"@id":"https:\/\/oase-gronau-losser.org\/de\/2022\/planung-oase\/"},"wordCount":196,"inLanguage":"de"},{"@type":"WebPage","@id":"https:\/\/oase-gronau-losser.org\/de\/2022\/planung-oase\/","url":"https:\/\/oase-gronau-losser.org\/de\/2022\/planung-oase\/","name":"Planung Oase - \u00d6kumenischer Kirchengarten OASE","isPartOf":{"@id":"https:\/\/oase-gronau-losser.org\/de\/#website"},"datePublished":"2022-04-11T10:12:49+00:00","author":{"@id":"https:\/\/oase-gronau-losser.org\/de\/#\/schema\/person\/9380b6b869112d87ee8b88736ef26ab4"},"breadcrumb":{"@id":"https:\/\/oase-gronau-losser.org\/de\/2022\/planung-oase\/#breadcrumb"},"inLanguage":"de","potentialAction":[{"@type":"ReadAction","target":["https:\/\/oase-gronau-losser.org\/de\/2022\/planung-oase\/"]}]},{"@type":"BreadcrumbList","@id":"https:\/\/oase-gronau-losser.org\/de\/2022\/planung-oase\/#breadcrumb","itemListElement":[{"@type":"ListItem","position":1,"name":"Home","item":"https:\/\/oase-gronau-losser.org\/de\/"},{"@type":"ListItem","position":2,"name":"Planung Oase"}]},{"@type":"WebSite","@id":"https:\/\/oase-gronau-losser.org\/de\/#website","url":"https:\/\/oase-gronau-losser.org\/de\/","name":"\u00d6kumenischer Kirchengarten OASE","description":"Oecumenische Kerkentuin OASE \u2013 Christenen aan de grens","potentialAction":[{"@type":"SearchAction","target":{"@type":"EntryPoint","urlTemplate":"https:\/\/oase-gronau-losser.org\/de\/?s={search_term_string}"},"query-input":{"@type":"PropertyValueSpecification","valueRequired":true,"valueName":"search_term_string"}}],"inLanguage":"de"},{"@type":"Person","@id":"https:\/\/oase-gronau-losser.org\/de\/#\/schema\/person\/9380b6b869112d87ee8b88736ef26ab4","name":"Marlies Gartmann","image":{"@type":"ImageObject","inLanguage":"de","@id":"https:\/\/secure.gravatar.com\/avatar\/9aac36f1080be8aa4435935bb591e486d3d6a8d130803f68c707d7948b29569f?s=96&d=mm&r=g","url":"https:\/\/secure.gravatar.com\/avatar\/9aac36f1080be8aa4435935bb591e486d3d6a8d130803f68c707d7948b29569f?s=96&d=mm&r=g","contentUrl":"https:\/\/secure.gravatar.com\/avatar\/9aac36f1080be8aa4435935bb591e486d3d6a8d130803f68c707d7948b29569f?s=96&d=mm&r=g","caption":"Marlies Gartmann"},"url":"https:\/\/oase-gronau-losser.org\/de\/author\/marlies\/"}]}},"_links":{"self":[{"href":"https:\/\/oase-gronau-losser.org\/de\/wp-json\/wp\/v2\/posts\/4475","targetHints":{"allow":["GET"]}}],"collection":[{"href":"https:\/\/oase-gronau-losser.org\/de\/wp-json\/wp\/v2\/posts"}],"about":[{"href":"https:\/\/oase-gronau-losser.org\/de\/wp-json\/wp\/v2\/types\/post"}],"author":[{"embeddable":true,"href":"https:\/\/oase-gronau-losser.org\/de\/wp-json\/wp\/v2\/users\/2"}],"replies":[{"embeddable":true,"href":"https:\/\/oase-gronau-losser.org\/de\/wp-json\/wp\/v2\/comments?post=4475"}],"version-history":[{"count":1,"href":"https:\/\/oase-gronau-losser.org\/de\/wp-json\/wp\/v2\/posts\/4475\/revisions"}],"predecessor-version":[{"id":4476,"href":"https:\/\/oase-gronau-losser.org\/de\/wp-json\/wp\/v2\/posts\/4475\/revisions\/4476"}],"wp:attachment":[{"href":"https:\/\/oase-gronau-losser.org\/de\/wp-json\/wp\/v2\/media?parent=4475"}],"wp:term":[{"taxonomy":"category","embeddable":true,"href":"https:\/\/oase-gronau-losser.org\/de\/wp-json\/wp\/v2\/categories?post=4475"},{"taxonomy":"post_tag","embeddable":true,"href":"https:\/\/oase-gronau-losser.org\/de\/wp-json\/wp\/v2\/tags?post=4475"}],"curies":[{"name":"wp","href":"https:\/\/api.w.org\/{rel}","templated":true}]}}