{"id":4384,"date":"2020-09-17T08:58:38","date_gmt":"2020-09-17T06:58:38","guid":{"rendered":"https:\/\/oase-gronau-losser.org\/de\/?p=4384"},"modified":"2020-09-21T18:33:20","modified_gmt":"2020-09-21T16:33:20","slug":"fruechtefest-sonntag-27-09-auf-der-oase","status":"publish","type":"post","link":"https:\/\/oase-gronau-losser.org\/de\/2020\/fruechtefest-sonntag-27-09-auf-der-oase\/","title":{"rendered":"Fr\u00fcchtefest Sonntag 27.09. auf der Oase"},"content":{"rendered":"<p><a href=\"https:\/\/oase-gronau-losser.org\/de\/wp-content\/uploads\/sites\/2\/2020\/09\/P1090452-scaled.jpg\"><img loading=\"lazy\" decoding=\"async\" class=\"alignnone size-medium wp-image-4386\" src=\"https:\/\/oase-gronau-losser.org\/de\/wp-content\/uploads\/sites\/2\/2020\/09\/P1090452-300x225.jpg\" alt=\"\" width=\"300\" height=\"225\" srcset=\"https:\/\/oase-gronau-losser.org\/de\/wp-content\/uploads\/sites\/2\/2020\/09\/P1090452-300x225.jpg 300w, https:\/\/oase-gronau-losser.org\/de\/wp-content\/uploads\/sites\/2\/2020\/09\/P1090452-1024x768.jpg 1024w, https:\/\/oase-gronau-losser.org\/de\/wp-content\/uploads\/sites\/2\/2020\/09\/P1090452-768x576.jpg 768w, https:\/\/oase-gronau-losser.org\/de\/wp-content\/uploads\/sites\/2\/2020\/09\/P1090452-1536x1152.jpg 1536w, https:\/\/oase-gronau-losser.org\/de\/wp-content\/uploads\/sites\/2\/2020\/09\/P1090452-2048x1536.jpg 2048w, https:\/\/oase-gronau-losser.org\/de\/wp-content\/uploads\/sites\/2\/2020\/09\/P1090452-573x430.jpg 573w, https:\/\/oase-gronau-losser.org\/de\/wp-content\/uploads\/sites\/2\/2020\/09\/P1090452-1280x960.jpg 1280w, https:\/\/oase-gronau-losser.org\/de\/wp-content\/uploads\/sites\/2\/2020\/09\/P1090452-1920x1440.jpg 1920w, https:\/\/oase-gronau-losser.org\/de\/wp-content\/uploads\/sites\/2\/2020\/09\/P1090452-430x323.jpg 430w, https:\/\/oase-gronau-losser.org\/de\/wp-content\/uploads\/sites\/2\/2020\/09\/P1090452-580x435.jpg 580w, https:\/\/oase-gronau-losser.org\/de\/wp-content\/uploads\/sites\/2\/2020\/09\/P1090452-795x596.jpg 795w\" sizes=\"auto, (max-width: 300px) 100vw, 300px\" \/><\/a><\/p>\n<p><strong>Am\u00a0<\/strong> <strong>Sonntag, dem 27.September<\/strong> \u00a0feiern wir auf der Oase das diesj\u00e4hrige <strong>Fr\u00fcchtefest<\/strong>.<\/p>\n<p>In diesem Jahr wollen wir trotz der kurzen Oasezeit ein Dankfest feiern.<\/p>\n<p>Wir\u00a0 beginnen \u00a0<strong>um 12.00 Uhr mit<\/strong> einer \u00f6kumenischen Dankandacht.<\/p>\n<p>Anschlie\u00dfend gibt es ab <strong>13.00 Uhr<\/strong> eine K\u00fcrbissuppe und leckere Pfannkuchen.<\/p>\n<p>Am fr\u00fchen Nachmittag spielt der <strong>Posaunenchor der Erl\u00f6serkirche<\/strong>.<\/p>\n<p>Es gibt frisch gebackenes \u00a0Brot aus dem Lehmofen. Einige St\u00e4nde bieten selbsthergestellte Marmeladen, Lik\u00f6re, Fr\u00fcchte aus dem Garten und andere Leckereien an. Der Kongokreis ist vertreten. Ein Imker zeigt seine Arbeit. Eine Gruppe, die Unicef vertritt kommt auch auf die Oase.<\/p>\n<p>Am Nachmittag kann man\u00a0 bei Kaffee, Kuchen und Musik und hoffentlich gutem Wetter \u00a0die Oase genie\u00dfen. Apfelsaft wird hergestellt. Frisch gepresst schmeckt er sehr lecker. Man kann aber auch haltbar gemachten Apfelsaft erwerben.<\/p>\n<p>Um 17.00 Uhr findet eine gesellige Abschlussfeier mit Grillen f\u00fcr die Freunde und Mitglieder der Oase statt. Alle sind herzlich eingeladen.<\/p>\n<p>In diesem Jahr m\u00fcssen wir aufgrund der Corona besondere Hygieneregeln einhalten. Auf dem Gel\u00e4nde muss ein Mund-Nasenschutz getragen werden. Auch werden die Namen registriert. Sollte es regnen, muss die Veranstaltung ausfallen.<\/p>\n<p><strong>Wir w\u00fcrden uns freuen, wenn sie noch \u00c4pfel spenden.<\/strong> Die \u00c4pfel k\u00f6nnen von uns gepfl\u00fcckt, aufgesammelt und abgeholt werden. (Tel Gartmann 02565\/3453 )<\/p>\n<p>Weet dat je welkom bent.<\/p>\n","protected":false},"excerpt":{"rendered":"<p>Am\u00a0 Sonntag, dem 27.September \u00a0feiern wir auf der Oase das diesj\u00e4hrige Fr\u00fcchtefest. In diesem Jahr wollen wir trotz der kurzen Oasezeit ein Dankfest feiern. Wir\u00a0 beginnen \u00a0um 12.00 Uhr mit einer \u00f6kumenischen Dankandacht. Anschlie\u00dfend gibt es ab 13.00 Uhr eine K\u00fcrbissuppe und leckere Pfannkuchen. Am fr\u00fchen Nachmittag spielt der Posaunenchor [&hellip;]<\/p>\n","protected":false},"author":2,"featured_media":0,"comment_status":"closed","ping_status":"open","sticky":false,"template":"","format":"standard","meta":{"_acf_changed":false,"footnotes":""},"categories":[1],"tags":[],"class_list":["post-4384","post","type-post","status-publish","format-standard","hentry","category-allgemein"],"acf":[],"yoast_head":"<!-- This site is optimized with the Yoast SEO plugin v27.5 - https:\/\/yoast.com\/product\/yoast-seo-wordpress\/ -->\n<title>Fr\u00fcchtefest Sonntag 27.09. auf der Oase - \u00d6kumenischer Kirchengarten OASE<\/title>\n<meta name=\"robots\" content=\"index, follow, max-snippet:-1, max-image-preview:large, max-video-preview:-1\" \/>\n<link rel=\"canonical\" href=\"https:\/\/oase-gronau-losser.org\/de\/2020\/fruechtefest-sonntag-27-09-auf-der-oase\/\" \/>\n<meta property=\"og:locale\" content=\"de_DE\" \/>\n<meta property=\"og:type\" content=\"article\" \/>\n<meta property=\"og:title\" content=\"Fr\u00fcchtefest Sonntag 27.09. auf der Oase - \u00d6kumenischer Kirchengarten OASE\" \/>\n<meta property=\"og:description\" content=\"Am\u00a0 Sonntag, dem 27.September \u00a0feiern wir auf der Oase das diesj\u00e4hrige Fr\u00fcchtefest. In diesem Jahr wollen wir trotz der kurzen Oasezeit ein Dankfest feiern. Wir\u00a0 beginnen \u00a0um 12.00 Uhr mit einer \u00f6kumenischen Dankandacht. Anschlie\u00dfend gibt es ab 13.00 Uhr eine K\u00fcrbissuppe und leckere Pfannkuchen. Am fr\u00fchen Nachmittag spielt der Posaunenchor [&hellip;]\" \/>\n<meta property=\"og:url\" content=\"https:\/\/oase-gronau-losser.org\/de\/2020\/fruechtefest-sonntag-27-09-auf-der-oase\/\" \/>\n<meta property=\"og:site_name\" content=\"\u00d6kumenischer Kirchengarten OASE\" \/>\n<meta property=\"article:published_time\" content=\"2020-09-17T06:58:38+00:00\" \/>\n<meta property=\"article:modified_time\" content=\"2020-09-21T16:33:20+00:00\" \/>\n<meta property=\"og:image\" content=\"https:\/\/oase-gronau-losser.org\/de\/wp-content\/uploads\/sites\/2\/2020\/09\/P1090452-300x225.jpg\" \/>\n<meta name=\"author\" content=\"Marlies Gartmann\" \/>\n<meta name=\"twitter:card\" content=\"summary_large_image\" \/>\n<meta name=\"twitter:label1\" content=\"Verfasst von\" \/>\n\t<meta name=\"twitter:data1\" content=\"Marlies Gartmann\" \/>\n\t<meta name=\"twitter:label2\" content=\"Gesch\u00e4tzte Lesezeit\" \/>\n\t<meta name=\"twitter:data2\" content=\"1\u00a0Minute\" \/>\n<script type=\"application\/ld+json\" class=\"yoast-schema-graph\">{\"@context\":\"https:\\\/\\\/schema.org\",\"@graph\":[{\"@type\":\"Article\",\"@id\":\"https:\\\/\\\/oase-gronau-losser.org\\\/de\\\/2020\\\/fruechtefest-sonntag-27-09-auf-der-oase\\\/#article\",\"isPartOf\":{\"@id\":\"https:\\\/\\\/oase-gronau-losser.org\\\/de\\\/2020\\\/fruechtefest-sonntag-27-09-auf-der-oase\\\/\"},\"author\":{\"name\":\"Marlies Gartmann\",\"@id\":\"https:\\\/\\\/oase-gronau-losser.org\\\/de\\\/#\\\/schema\\\/person\\\/9380b6b869112d87ee8b88736ef26ab4\"},\"headline\":\"Fr\u00fcchtefest Sonntag 27.09. auf der Oase\",\"datePublished\":\"2020-09-17T06:58:38+00:00\",\"dateModified\":\"2020-09-21T16:33:20+00:00\",\"mainEntityOfPage\":{\"@id\":\"https:\\\/\\\/oase-gronau-losser.org\\\/de\\\/2020\\\/fruechtefest-sonntag-27-09-auf-der-oase\\\/\"},\"wordCount\":223,\"image\":{\"@id\":\"https:\\\/\\\/oase-gronau-losser.org\\\/de\\\/2020\\\/fruechtefest-sonntag-27-09-auf-der-oase\\\/#primaryimage\"},\"thumbnailUrl\":\"https:\\\/\\\/oase-gronau-losser.org\\\/de\\\/wp-content\\\/uploads\\\/sites\\\/2\\\/2020\\\/09\\\/P1090452-300x225.jpg\",\"inLanguage\":\"de\"},{\"@type\":\"WebPage\",\"@id\":\"https:\\\/\\\/oase-gronau-losser.org\\\/de\\\/2020\\\/fruechtefest-sonntag-27-09-auf-der-oase\\\/\",\"url\":\"https:\\\/\\\/oase-gronau-losser.org\\\/de\\\/2020\\\/fruechtefest-sonntag-27-09-auf-der-oase\\\/\",\"name\":\"Fr\u00fcchtefest Sonntag 27.09. auf der Oase - \u00d6kumenischer Kirchengarten OASE\",\"isPartOf\":{\"@id\":\"https:\\\/\\\/oase-gronau-losser.org\\\/de\\\/#website\"},\"primaryImageOfPage\":{\"@id\":\"https:\\\/\\\/oase-gronau-losser.org\\\/de\\\/2020\\\/fruechtefest-sonntag-27-09-auf-der-oase\\\/#primaryimage\"},\"image\":{\"@id\":\"https:\\\/\\\/oase-gronau-losser.org\\\/de\\\/2020\\\/fruechtefest-sonntag-27-09-auf-der-oase\\\/#primaryimage\"},\"thumbnailUrl\":\"https:\\\/\\\/oase-gronau-losser.org\\\/de\\\/wp-content\\\/uploads\\\/sites\\\/2\\\/2020\\\/09\\\/P1090452-300x225.jpg\",\"datePublished\":\"2020-09-17T06:58:38+00:00\",\"dateModified\":\"2020-09-21T16:33:20+00:00\",\"author\":{\"@id\":\"https:\\\/\\\/oase-gronau-losser.org\\\/de\\\/#\\\/schema\\\/person\\\/9380b6b869112d87ee8b88736ef26ab4\"},\"breadcrumb\":{\"@id\":\"https:\\\/\\\/oase-gronau-losser.org\\\/de\\\/2020\\\/fruechtefest-sonntag-27-09-auf-der-oase\\\/#breadcrumb\"},\"inLanguage\":\"de\",\"potentialAction\":[{\"@type\":\"ReadAction\",\"target\":[\"https:\\\/\\\/oase-gronau-losser.org\\\/de\\\/2020\\\/fruechtefest-sonntag-27-09-auf-der-oase\\\/\"]}]},{\"@type\":\"ImageObject\",\"inLanguage\":\"de\",\"@id\":\"https:\\\/\\\/oase-gronau-losser.org\\\/de\\\/2020\\\/fruechtefest-sonntag-27-09-auf-der-oase\\\/#primaryimage\",\"url\":\"https:\\\/\\\/oase-gronau-losser.org\\\/de\\\/wp-content\\\/uploads\\\/sites\\\/2\\\/2020\\\/09\\\/P1090452-300x225.jpg\",\"contentUrl\":\"https:\\\/\\\/oase-gronau-losser.org\\\/de\\\/wp-content\\\/uploads\\\/sites\\\/2\\\/2020\\\/09\\\/P1090452-300x225.jpg\"},{\"@type\":\"BreadcrumbList\",\"@id\":\"https:\\\/\\\/oase-gronau-losser.org\\\/de\\\/2020\\\/fruechtefest-sonntag-27-09-auf-der-oase\\\/#breadcrumb\",\"itemListElement\":[{\"@type\":\"ListItem\",\"position\":1,\"name\":\"Home\",\"item\":\"https:\\\/\\\/oase-gronau-losser.org\\\/de\\\/\"},{\"@type\":\"ListItem\",\"position\":2,\"name\":\"Fr\u00fcchtefest Sonntag 27.09. auf der Oase\"}]},{\"@type\":\"WebSite\",\"@id\":\"https:\\\/\\\/oase-gronau-losser.org\\\/de\\\/#website\",\"url\":\"https:\\\/\\\/oase-gronau-losser.org\\\/de\\\/\",\"name\":\"\u00d6kumenischer Kirchengarten OASE\",\"description\":\"Oecumenische Kerkentuin OASE \u2013 Christenen aan de grens\",\"potentialAction\":[{\"@type\":\"SearchAction\",\"target\":{\"@type\":\"EntryPoint\",\"urlTemplate\":\"https:\\\/\\\/oase-gronau-losser.org\\\/de\\\/?s={search_term_string}\"},\"query-input\":{\"@type\":\"PropertyValueSpecification\",\"valueRequired\":true,\"valueName\":\"search_term_string\"}}],\"inLanguage\":\"de\"},{\"@type\":\"Person\",\"@id\":\"https:\\\/\\\/oase-gronau-losser.org\\\/de\\\/#\\\/schema\\\/person\\\/9380b6b869112d87ee8b88736ef26ab4\",\"name\":\"Marlies Gartmann\",\"image\":{\"@type\":\"ImageObject\",\"inLanguage\":\"de\",\"@id\":\"https:\\\/\\\/secure.gravatar.com\\\/avatar\\\/9aac36f1080be8aa4435935bb591e486d3d6a8d130803f68c707d7948b29569f?s=96&d=mm&r=g\",\"url\":\"https:\\\/\\\/secure.gravatar.com\\\/avatar\\\/9aac36f1080be8aa4435935bb591e486d3d6a8d130803f68c707d7948b29569f?s=96&d=mm&r=g\",\"contentUrl\":\"https:\\\/\\\/secure.gravatar.com\\\/avatar\\\/9aac36f1080be8aa4435935bb591e486d3d6a8d130803f68c707d7948b29569f?s=96&d=mm&r=g\",\"caption\":\"Marlies Gartmann\"},\"url\":\"https:\\\/\\\/oase-gronau-losser.org\\\/de\\\/author\\\/marlies\\\/\"}]}<\/script>\n<!-- \/ Yoast SEO plugin. -->","yoast_head_json":{"title":"Fr\u00fcchtefest Sonntag 27.09. auf der Oase - \u00d6kumenischer Kirchengarten OASE","robots":{"index":"index","follow":"follow","max-snippet":"max-snippet:-1","max-image-preview":"max-image-preview:large","max-video-preview":"max-video-preview:-1"},"canonical":"https:\/\/oase-gronau-losser.org\/de\/2020\/fruechtefest-sonntag-27-09-auf-der-oase\/","og_locale":"de_DE","og_type":"article","og_title":"Fr\u00fcchtefest Sonntag 27.09. auf der Oase - \u00d6kumenischer Kirchengarten OASE","og_description":"Am\u00a0 Sonntag, dem 27.September \u00a0feiern wir auf der Oase das diesj\u00e4hrige Fr\u00fcchtefest. In diesem Jahr wollen wir trotz der kurzen Oasezeit ein Dankfest feiern. Wir\u00a0 beginnen \u00a0um 12.00 Uhr mit einer \u00f6kumenischen Dankandacht. Anschlie\u00dfend gibt es ab 13.00 Uhr eine K\u00fcrbissuppe und leckere Pfannkuchen. Am fr\u00fchen Nachmittag spielt der Posaunenchor [&hellip;]","og_url":"https:\/\/oase-gronau-losser.org\/de\/2020\/fruechtefest-sonntag-27-09-auf-der-oase\/","og_site_name":"\u00d6kumenischer Kirchengarten OASE","article_published_time":"2020-09-17T06:58:38+00:00","article_modified_time":"2020-09-21T16:33:20+00:00","og_image":[{"url":"https:\/\/oase-gronau-losser.org\/de\/wp-content\/uploads\/sites\/2\/2020\/09\/P1090452-300x225.jpg","type":"","width":"","height":""}],"author":"Marlies Gartmann","twitter_card":"summary_large_image","twitter_misc":{"Verfasst von":"Marlies Gartmann","Gesch\u00e4tzte Lesezeit":"1\u00a0Minute"},"schema":{"@context":"https:\/\/schema.org","@graph":[{"@type":"Article","@id":"https:\/\/oase-gronau-losser.org\/de\/2020\/fruechtefest-sonntag-27-09-auf-der-oase\/#article","isPartOf":{"@id":"https:\/\/oase-gronau-losser.org\/de\/2020\/fruechtefest-sonntag-27-09-auf-der-oase\/"},"author":{"name":"Marlies Gartmann","@id":"https:\/\/oase-gronau-losser.org\/de\/#\/schema\/person\/9380b6b869112d87ee8b88736ef26ab4"},"headline":"Fr\u00fcchtefest Sonntag 27.09. auf der Oase","datePublished":"2020-09-17T06:58:38+00:00","dateModified":"2020-09-21T16:33:20+00:00","mainEntityOfPage":{"@id":"https:\/\/oase-gronau-losser.org\/de\/2020\/fruechtefest-sonntag-27-09-auf-der-oase\/"},"wordCount":223,"image":{"@id":"https:\/\/oase-gronau-losser.org\/de\/2020\/fruechtefest-sonntag-27-09-auf-der-oase\/#primaryimage"},"thumbnailUrl":"https:\/\/oase-gronau-losser.org\/de\/wp-content\/uploads\/sites\/2\/2020\/09\/P1090452-300x225.jpg","inLanguage":"de"},{"@type":"WebPage","@id":"https:\/\/oase-gronau-losser.org\/de\/2020\/fruechtefest-sonntag-27-09-auf-der-oase\/","url":"https:\/\/oase-gronau-losser.org\/de\/2020\/fruechtefest-sonntag-27-09-auf-der-oase\/","name":"Fr\u00fcchtefest Sonntag 27.09. auf der Oase - \u00d6kumenischer Kirchengarten OASE","isPartOf":{"@id":"https:\/\/oase-gronau-losser.org\/de\/#website"},"primaryImageOfPage":{"@id":"https:\/\/oase-gronau-losser.org\/de\/2020\/fruechtefest-sonntag-27-09-auf-der-oase\/#primaryimage"},"image":{"@id":"https:\/\/oase-gronau-losser.org\/de\/2020\/fruechtefest-sonntag-27-09-auf-der-oase\/#primaryimage"},"thumbnailUrl":"https:\/\/oase-gronau-losser.org\/de\/wp-content\/uploads\/sites\/2\/2020\/09\/P1090452-300x225.jpg","datePublished":"2020-09-17T06:58:38+00:00","dateModified":"2020-09-21T16:33:20+00:00","author":{"@id":"https:\/\/oase-gronau-losser.org\/de\/#\/schema\/person\/9380b6b869112d87ee8b88736ef26ab4"},"breadcrumb":{"@id":"https:\/\/oase-gronau-losser.org\/de\/2020\/fruechtefest-sonntag-27-09-auf-der-oase\/#breadcrumb"},"inLanguage":"de","potentialAction":[{"@type":"ReadAction","target":["https:\/\/oase-gronau-losser.org\/de\/2020\/fruechtefest-sonntag-27-09-auf-der-oase\/"]}]},{"@type":"ImageObject","inLanguage":"de","@id":"https:\/\/oase-gronau-losser.org\/de\/2020\/fruechtefest-sonntag-27-09-auf-der-oase\/#primaryimage","url":"https:\/\/oase-gronau-losser.org\/de\/wp-content\/uploads\/sites\/2\/2020\/09\/P1090452-300x225.jpg","contentUrl":"https:\/\/oase-gronau-losser.org\/de\/wp-content\/uploads\/sites\/2\/2020\/09\/P1090452-300x225.jpg"},{"@type":"BreadcrumbList","@id":"https:\/\/oase-gronau-losser.org\/de\/2020\/fruechtefest-sonntag-27-09-auf-der-oase\/#breadcrumb","itemListElement":[{"@type":"ListItem","position":1,"name":"Home","item":"https:\/\/oase-gronau-losser.org\/de\/"},{"@type":"ListItem","position":2,"name":"Fr\u00fcchtefest Sonntag 27.09. auf der Oase"}]},{"@type":"WebSite","@id":"https:\/\/oase-gronau-losser.org\/de\/#website","url":"https:\/\/oase-gronau-losser.org\/de\/","name":"\u00d6kumenischer Kirchengarten OASE","description":"Oecumenische Kerkentuin OASE \u2013 Christenen aan de grens","potentialAction":[{"@type":"SearchAction","target":{"@type":"EntryPoint","urlTemplate":"https:\/\/oase-gronau-losser.org\/de\/?s={search_term_string}"},"query-input":{"@type":"PropertyValueSpecification","valueRequired":true,"valueName":"search_term_string"}}],"inLanguage":"de"},{"@type":"Person","@id":"https:\/\/oase-gronau-losser.org\/de\/#\/schema\/person\/9380b6b869112d87ee8b88736ef26ab4","name":"Marlies Gartmann","image":{"@type":"ImageObject","inLanguage":"de","@id":"https:\/\/secure.gravatar.com\/avatar\/9aac36f1080be8aa4435935bb591e486d3d6a8d130803f68c707d7948b29569f?s=96&d=mm&r=g","url":"https:\/\/secure.gravatar.com\/avatar\/9aac36f1080be8aa4435935bb591e486d3d6a8d130803f68c707d7948b29569f?s=96&d=mm&r=g","contentUrl":"https:\/\/secure.gravatar.com\/avatar\/9aac36f1080be8aa4435935bb591e486d3d6a8d130803f68c707d7948b29569f?s=96&d=mm&r=g","caption":"Marlies Gartmann"},"url":"https:\/\/oase-gronau-losser.org\/de\/author\/marlies\/"}]}},"_links":{"self":[{"href":"https:\/\/oase-gronau-losser.org\/de\/wp-json\/wp\/v2\/posts\/4384","targetHints":{"allow":["GET"]}}],"collection":[{"href":"https:\/\/oase-gronau-losser.org\/de\/wp-json\/wp\/v2\/posts"}],"about":[{"href":"https:\/\/oase-gronau-losser.org\/de\/wp-json\/wp\/v2\/types\/post"}],"author":[{"embeddable":true,"href":"https:\/\/oase-gronau-losser.org\/de\/wp-json\/wp\/v2\/users\/2"}],"replies":[{"embeddable":true,"href":"https:\/\/oase-gronau-losser.org\/de\/wp-json\/wp\/v2\/comments?post=4384"}],"version-history":[{"count":2,"href":"https:\/\/oase-gronau-losser.org\/de\/wp-json\/wp\/v2\/posts\/4384\/revisions"}],"predecessor-version":[{"id":4387,"href":"https:\/\/oase-gronau-losser.org\/de\/wp-json\/wp\/v2\/posts\/4384\/revisions\/4387"}],"wp:attachment":[{"href":"https:\/\/oase-gronau-losser.org\/de\/wp-json\/wp\/v2\/media?parent=4384"}],"wp:term":[{"taxonomy":"category","embeddable":true,"href":"https:\/\/oase-gronau-losser.org\/de\/wp-json\/wp\/v2\/categories?post=4384"},{"taxonomy":"post_tag","embeddable":true,"href":"https:\/\/oase-gronau-losser.org\/de\/wp-json\/wp\/v2\/tags?post=4384"}],"curies":[{"name":"wp","href":"https:\/\/api.w.org\/{rel}","templated":true}]}}