{"id":4382,"date":"2020-09-17T08:55:52","date_gmt":"2020-09-17T06:55:52","guid":{"rendered":"https:\/\/oase-gronau-losser.org\/de\/?p=4382"},"modified":"2020-09-17T08:55:52","modified_gmt":"2020-09-17T06:55:52","slug":"oasefeuer-freitag-25-09-um-19-00-uhr","status":"publish","type":"post","link":"https:\/\/oase-gronau-losser.org\/de\/2020\/oasefeuer-freitag-25-09-um-19-00-uhr\/","title":{"rendered":"Oasefeuer Freitag, 25.09. um 19.00 Uhr"},"content":{"rendered":"<p><strong>Letztes Oasefeuer auf dem \u00f6kumenischen Kirchengarten Oase<\/strong><\/p>\n<p>Am 25. September findet das letzte Oasefeuer in 2020 statt. Dieses Oasefeuer wird von den vrouwen\u00a0 voor vrede aus Enschede gestaltet.\u00a0 Beginn ist um 19.00 Uhr auf der Oase am Ende der Dinkelstra\u00dfe.<\/p>\n<p>Yasmin Haider, die vor einigen Jahren aus Syrien gefl\u00fcchtet ist und jetzt in den Niederlanden lebt, wird \u00fcber ihr Leben berichten. Au\u00dferdem berichtet sie \u00fcber ihr neues Buch.<\/p>\n<p>Ein Mitb\u00fcrger aus Syrien wird den Abend mit seinem Spiel auf der Ud bereichern. Wie in jedem Jahr gibt es leckeren Zwiebelkuchen.<\/p>\n<p>Alle sind dazu eingeladen.<\/p>\n<p>Wet dat je welkom bent!<\/p>\n","protected":false},"excerpt":{"rendered":"<p>Letztes Oasefeuer auf dem \u00f6kumenischen Kirchengarten Oase Am 25. September findet das letzte Oasefeuer in 2020 statt. Dieses Oasefeuer wird von den vrouwen\u00a0 voor vrede aus Enschede gestaltet.\u00a0 Beginn ist um 19.00 Uhr auf der Oase am Ende der Dinkelstra\u00dfe. Yasmin Haider, die vor einigen Jahren aus Syrien gefl\u00fcchtet ist [&hellip;]<\/p>\n","protected":false},"author":2,"featured_media":0,"comment_status":"closed","ping_status":"open","sticky":false,"template":"","format":"standard","meta":{"_acf_changed":false,"footnotes":""},"categories":[1],"tags":[],"class_list":["post-4382","post","type-post","status-publish","format-standard","hentry","category-allgemein"],"acf":[],"yoast_head":"<!-- This site is optimized with the Yoast SEO plugin v27.4 - https:\/\/yoast.com\/product\/yoast-seo-wordpress\/ -->\n<title>Oasefeuer Freitag, 25.09. um 19.00 Uhr - \u00d6kumenischer Kirchengarten OASE<\/title>\n<meta name=\"robots\" content=\"index, follow, max-snippet:-1, max-image-preview:large, max-video-preview:-1\" \/>\n<link rel=\"canonical\" href=\"https:\/\/oase-gronau-losser.org\/de\/2020\/oasefeuer-freitag-25-09-um-19-00-uhr\/\" \/>\n<meta property=\"og:locale\" content=\"de_DE\" \/>\n<meta property=\"og:type\" content=\"article\" \/>\n<meta property=\"og:title\" content=\"Oasefeuer Freitag, 25.09. um 19.00 Uhr - \u00d6kumenischer Kirchengarten OASE\" \/>\n<meta property=\"og:description\" content=\"Letztes Oasefeuer auf dem \u00f6kumenischen Kirchengarten Oase Am 25. September findet das letzte Oasefeuer in 2020 statt. Dieses Oasefeuer wird von den vrouwen\u00a0 voor vrede aus Enschede gestaltet.\u00a0 Beginn ist um 19.00 Uhr auf der Oase am Ende der Dinkelstra\u00dfe. Yasmin Haider, die vor einigen Jahren aus Syrien gefl\u00fcchtet ist [&hellip;]\" \/>\n<meta property=\"og:url\" content=\"https:\/\/oase-gronau-losser.org\/de\/2020\/oasefeuer-freitag-25-09-um-19-00-uhr\/\" \/>\n<meta property=\"og:site_name\" content=\"\u00d6kumenischer Kirchengarten OASE\" \/>\n<meta property=\"article:published_time\" content=\"2020-09-17T06:55:52+00:00\" \/>\n<meta name=\"author\" content=\"Marlies Gartmann\" \/>\n<meta name=\"twitter:card\" content=\"summary_large_image\" \/>\n<meta name=\"twitter:label1\" content=\"Verfasst von\" \/>\n\t<meta name=\"twitter:data1\" content=\"Marlies Gartmann\" \/>\n\t<meta name=\"twitter:label2\" content=\"Gesch\u00e4tzte Lesezeit\" \/>\n\t<meta name=\"twitter:data2\" content=\"1\u00a0Minute\" \/>\n<script type=\"application\/ld+json\" class=\"yoast-schema-graph\">{\"@context\":\"https:\\\/\\\/schema.org\",\"@graph\":[{\"@type\":\"Article\",\"@id\":\"https:\\\/\\\/oase-gronau-losser.org\\\/de\\\/2020\\\/oasefeuer-freitag-25-09-um-19-00-uhr\\\/#article\",\"isPartOf\":{\"@id\":\"https:\\\/\\\/oase-gronau-losser.org\\\/de\\\/2020\\\/oasefeuer-freitag-25-09-um-19-00-uhr\\\/\"},\"author\":{\"name\":\"Marlies Gartmann\",\"@id\":\"https:\\\/\\\/oase-gronau-losser.org\\\/de\\\/#\\\/schema\\\/person\\\/9380b6b869112d87ee8b88736ef26ab4\"},\"headline\":\"Oasefeuer Freitag, 25.09. um 19.00 Uhr\",\"datePublished\":\"2020-09-17T06:55:52+00:00\",\"mainEntityOfPage\":{\"@id\":\"https:\\\/\\\/oase-gronau-losser.org\\\/de\\\/2020\\\/oasefeuer-freitag-25-09-um-19-00-uhr\\\/\"},\"wordCount\":104,\"inLanguage\":\"de\"},{\"@type\":\"WebPage\",\"@id\":\"https:\\\/\\\/oase-gronau-losser.org\\\/de\\\/2020\\\/oasefeuer-freitag-25-09-um-19-00-uhr\\\/\",\"url\":\"https:\\\/\\\/oase-gronau-losser.org\\\/de\\\/2020\\\/oasefeuer-freitag-25-09-um-19-00-uhr\\\/\",\"name\":\"Oasefeuer Freitag, 25.09. um 19.00 Uhr - \u00d6kumenischer Kirchengarten OASE\",\"isPartOf\":{\"@id\":\"https:\\\/\\\/oase-gronau-losser.org\\\/de\\\/#website\"},\"datePublished\":\"2020-09-17T06:55:52+00:00\",\"author\":{\"@id\":\"https:\\\/\\\/oase-gronau-losser.org\\\/de\\\/#\\\/schema\\\/person\\\/9380b6b869112d87ee8b88736ef26ab4\"},\"breadcrumb\":{\"@id\":\"https:\\\/\\\/oase-gronau-losser.org\\\/de\\\/2020\\\/oasefeuer-freitag-25-09-um-19-00-uhr\\\/#breadcrumb\"},\"inLanguage\":\"de\",\"potentialAction\":[{\"@type\":\"ReadAction\",\"target\":[\"https:\\\/\\\/oase-gronau-losser.org\\\/de\\\/2020\\\/oasefeuer-freitag-25-09-um-19-00-uhr\\\/\"]}]},{\"@type\":\"BreadcrumbList\",\"@id\":\"https:\\\/\\\/oase-gronau-losser.org\\\/de\\\/2020\\\/oasefeuer-freitag-25-09-um-19-00-uhr\\\/#breadcrumb\",\"itemListElement\":[{\"@type\":\"ListItem\",\"position\":1,\"name\":\"Home\",\"item\":\"https:\\\/\\\/oase-gronau-losser.org\\\/de\\\/\"},{\"@type\":\"ListItem\",\"position\":2,\"name\":\"Oasefeuer Freitag, 25.09. um 19.00 Uhr\"}]},{\"@type\":\"WebSite\",\"@id\":\"https:\\\/\\\/oase-gronau-losser.org\\\/de\\\/#website\",\"url\":\"https:\\\/\\\/oase-gronau-losser.org\\\/de\\\/\",\"name\":\"\u00d6kumenischer Kirchengarten OASE\",\"description\":\"Oecumenische Kerkentuin OASE \u2013 Christenen aan de grens\",\"potentialAction\":[{\"@type\":\"SearchAction\",\"target\":{\"@type\":\"EntryPoint\",\"urlTemplate\":\"https:\\\/\\\/oase-gronau-losser.org\\\/de\\\/?s={search_term_string}\"},\"query-input\":{\"@type\":\"PropertyValueSpecification\",\"valueRequired\":true,\"valueName\":\"search_term_string\"}}],\"inLanguage\":\"de\"},{\"@type\":\"Person\",\"@id\":\"https:\\\/\\\/oase-gronau-losser.org\\\/de\\\/#\\\/schema\\\/person\\\/9380b6b869112d87ee8b88736ef26ab4\",\"name\":\"Marlies Gartmann\",\"image\":{\"@type\":\"ImageObject\",\"inLanguage\":\"de\",\"@id\":\"https:\\\/\\\/secure.gravatar.com\\\/avatar\\\/9aac36f1080be8aa4435935bb591e486d3d6a8d130803f68c707d7948b29569f?s=96&d=mm&r=g\",\"url\":\"https:\\\/\\\/secure.gravatar.com\\\/avatar\\\/9aac36f1080be8aa4435935bb591e486d3d6a8d130803f68c707d7948b29569f?s=96&d=mm&r=g\",\"contentUrl\":\"https:\\\/\\\/secure.gravatar.com\\\/avatar\\\/9aac36f1080be8aa4435935bb591e486d3d6a8d130803f68c707d7948b29569f?s=96&d=mm&r=g\",\"caption\":\"Marlies Gartmann\"},\"url\":\"https:\\\/\\\/oase-gronau-losser.org\\\/de\\\/author\\\/marlies\\\/\"}]}<\/script>\n<!-- \/ Yoast SEO plugin. -->","yoast_head_json":{"title":"Oasefeuer Freitag, 25.09. um 19.00 Uhr - \u00d6kumenischer Kirchengarten OASE","robots":{"index":"index","follow":"follow","max-snippet":"max-snippet:-1","max-image-preview":"max-image-preview:large","max-video-preview":"max-video-preview:-1"},"canonical":"https:\/\/oase-gronau-losser.org\/de\/2020\/oasefeuer-freitag-25-09-um-19-00-uhr\/","og_locale":"de_DE","og_type":"article","og_title":"Oasefeuer Freitag, 25.09. um 19.00 Uhr - \u00d6kumenischer Kirchengarten OASE","og_description":"Letztes Oasefeuer auf dem \u00f6kumenischen Kirchengarten Oase Am 25. September findet das letzte Oasefeuer in 2020 statt. Dieses Oasefeuer wird von den vrouwen\u00a0 voor vrede aus Enschede gestaltet.\u00a0 Beginn ist um 19.00 Uhr auf der Oase am Ende der Dinkelstra\u00dfe. Yasmin Haider, die vor einigen Jahren aus Syrien gefl\u00fcchtet ist [&hellip;]","og_url":"https:\/\/oase-gronau-losser.org\/de\/2020\/oasefeuer-freitag-25-09-um-19-00-uhr\/","og_site_name":"\u00d6kumenischer Kirchengarten OASE","article_published_time":"2020-09-17T06:55:52+00:00","author":"Marlies Gartmann","twitter_card":"summary_large_image","twitter_misc":{"Verfasst von":"Marlies Gartmann","Gesch\u00e4tzte Lesezeit":"1\u00a0Minute"},"schema":{"@context":"https:\/\/schema.org","@graph":[{"@type":"Article","@id":"https:\/\/oase-gronau-losser.org\/de\/2020\/oasefeuer-freitag-25-09-um-19-00-uhr\/#article","isPartOf":{"@id":"https:\/\/oase-gronau-losser.org\/de\/2020\/oasefeuer-freitag-25-09-um-19-00-uhr\/"},"author":{"name":"Marlies Gartmann","@id":"https:\/\/oase-gronau-losser.org\/de\/#\/schema\/person\/9380b6b869112d87ee8b88736ef26ab4"},"headline":"Oasefeuer Freitag, 25.09. um 19.00 Uhr","datePublished":"2020-09-17T06:55:52+00:00","mainEntityOfPage":{"@id":"https:\/\/oase-gronau-losser.org\/de\/2020\/oasefeuer-freitag-25-09-um-19-00-uhr\/"},"wordCount":104,"inLanguage":"de"},{"@type":"WebPage","@id":"https:\/\/oase-gronau-losser.org\/de\/2020\/oasefeuer-freitag-25-09-um-19-00-uhr\/","url":"https:\/\/oase-gronau-losser.org\/de\/2020\/oasefeuer-freitag-25-09-um-19-00-uhr\/","name":"Oasefeuer Freitag, 25.09. um 19.00 Uhr - \u00d6kumenischer Kirchengarten OASE","isPartOf":{"@id":"https:\/\/oase-gronau-losser.org\/de\/#website"},"datePublished":"2020-09-17T06:55:52+00:00","author":{"@id":"https:\/\/oase-gronau-losser.org\/de\/#\/schema\/person\/9380b6b869112d87ee8b88736ef26ab4"},"breadcrumb":{"@id":"https:\/\/oase-gronau-losser.org\/de\/2020\/oasefeuer-freitag-25-09-um-19-00-uhr\/#breadcrumb"},"inLanguage":"de","potentialAction":[{"@type":"ReadAction","target":["https:\/\/oase-gronau-losser.org\/de\/2020\/oasefeuer-freitag-25-09-um-19-00-uhr\/"]}]},{"@type":"BreadcrumbList","@id":"https:\/\/oase-gronau-losser.org\/de\/2020\/oasefeuer-freitag-25-09-um-19-00-uhr\/#breadcrumb","itemListElement":[{"@type":"ListItem","position":1,"name":"Home","item":"https:\/\/oase-gronau-losser.org\/de\/"},{"@type":"ListItem","position":2,"name":"Oasefeuer Freitag, 25.09. um 19.00 Uhr"}]},{"@type":"WebSite","@id":"https:\/\/oase-gronau-losser.org\/de\/#website","url":"https:\/\/oase-gronau-losser.org\/de\/","name":"\u00d6kumenischer Kirchengarten OASE","description":"Oecumenische Kerkentuin OASE \u2013 Christenen aan de grens","potentialAction":[{"@type":"SearchAction","target":{"@type":"EntryPoint","urlTemplate":"https:\/\/oase-gronau-losser.org\/de\/?s={search_term_string}"},"query-input":{"@type":"PropertyValueSpecification","valueRequired":true,"valueName":"search_term_string"}}],"inLanguage":"de"},{"@type":"Person","@id":"https:\/\/oase-gronau-losser.org\/de\/#\/schema\/person\/9380b6b869112d87ee8b88736ef26ab4","name":"Marlies Gartmann","image":{"@type":"ImageObject","inLanguage":"de","@id":"https:\/\/secure.gravatar.com\/avatar\/9aac36f1080be8aa4435935bb591e486d3d6a8d130803f68c707d7948b29569f?s=96&d=mm&r=g","url":"https:\/\/secure.gravatar.com\/avatar\/9aac36f1080be8aa4435935bb591e486d3d6a8d130803f68c707d7948b29569f?s=96&d=mm&r=g","contentUrl":"https:\/\/secure.gravatar.com\/avatar\/9aac36f1080be8aa4435935bb591e486d3d6a8d130803f68c707d7948b29569f?s=96&d=mm&r=g","caption":"Marlies Gartmann"},"url":"https:\/\/oase-gronau-losser.org\/de\/author\/marlies\/"}]}},"_links":{"self":[{"href":"https:\/\/oase-gronau-losser.org\/de\/wp-json\/wp\/v2\/posts\/4382","targetHints":{"allow":["GET"]}}],"collection":[{"href":"https:\/\/oase-gronau-losser.org\/de\/wp-json\/wp\/v2\/posts"}],"about":[{"href":"https:\/\/oase-gronau-losser.org\/de\/wp-json\/wp\/v2\/types\/post"}],"author":[{"embeddable":true,"href":"https:\/\/oase-gronau-losser.org\/de\/wp-json\/wp\/v2\/users\/2"}],"replies":[{"embeddable":true,"href":"https:\/\/oase-gronau-losser.org\/de\/wp-json\/wp\/v2\/comments?post=4382"}],"version-history":[{"count":1,"href":"https:\/\/oase-gronau-losser.org\/de\/wp-json\/wp\/v2\/posts\/4382\/revisions"}],"predecessor-version":[{"id":4383,"href":"https:\/\/oase-gronau-losser.org\/de\/wp-json\/wp\/v2\/posts\/4382\/revisions\/4383"}],"wp:attachment":[{"href":"https:\/\/oase-gronau-losser.org\/de\/wp-json\/wp\/v2\/media?parent=4382"}],"wp:term":[{"taxonomy":"category","embeddable":true,"href":"https:\/\/oase-gronau-losser.org\/de\/wp-json\/wp\/v2\/categories?post=4382"},{"taxonomy":"post_tag","embeddable":true,"href":"https:\/\/oase-gronau-losser.org\/de\/wp-json\/wp\/v2\/tags?post=4382"}],"curies":[{"name":"wp","href":"https:\/\/api.w.org\/{rel}","templated":true}]}}