{"id":4377,"date":"2020-09-02T22:32:48","date_gmt":"2020-09-02T20:32:48","guid":{"rendered":"https:\/\/oase-gronau-losser.org\/de\/?p=4377"},"modified":"2020-09-02T22:34:29","modified_gmt":"2020-09-02T20:34:29","slug":"oasefeuer-11-september-fakten-u-meinungen-zu-5g","status":"publish","type":"post","link":"https:\/\/oase-gronau-losser.org\/de\/2020\/oasefeuer-11-september-fakten-u-meinungen-zu-5g\/","title":{"rendered":"Oasefeuer 11.September : Fakten u. Meinungen zu 5G"},"content":{"rendered":"<h2>Apropos 5G&#8230;&#8230; Fakten und Meinungen&#8230;&#8230;<\/h2>\n<p>Am Freitagabend, <strong>11. September, um 19.00 Uhr<\/strong>\u00a0 findet auf dem Oase-Gel\u00e4nde an der Dinkelstra\u00dfe das n\u00e4chste Oasfeuer statt.<\/p>\n<p>Gert de Wolf, Mitglied des Arbeitskreises 5G Oldenzaal, stellt an diesem Abend mit Bildern Ergebnisse\u00a0 einer Arbeitsgruppe 5G aus Zutphen vor. Dieses Treffen fand am 6. Juli in Zutphen statt, vor allem f\u00fcr Leute, die wenig oder gar nichts \u00fcber 5G wissen.<\/p>\n<p>Es erkl\u00e4rt klar, was elektromagnetische Energie ist, was 1G, 2G, 3G, 4G und 5G ist. Es wird erl\u00e4utert was 5G f\u00fcr die Sicherheit und Gesundheit der\u00a0 B\u00fcrger bedeutet.<\/p>\n<p>Nach der Pause wird es Gelegenheit geben, sich \u00fcber die Einf\u00fchrung von 5G in den Niederlanden und Deutschland und die m\u00f6glichen Auswirkungen auf Gesundheit und Privatsph\u00e4re f\u00fcr die B\u00fcrger auszutauschen.<\/p>\n<p>&nbsp;<\/p>\n<p>Wet dat je welkom bent!<\/p>\n","protected":false},"excerpt":{"rendered":"<p>Apropos 5G&#8230;&#8230; Fakten und Meinungen&#8230;&#8230; Am Freitagabend, 11. September, um 19.00 Uhr\u00a0 findet auf dem Oase-Gel\u00e4nde an der Dinkelstra\u00dfe das n\u00e4chste Oasfeuer statt. Gert de Wolf, Mitglied des Arbeitskreises 5G Oldenzaal, stellt an diesem Abend mit Bildern Ergebnisse\u00a0 einer Arbeitsgruppe 5G aus Zutphen vor. Dieses Treffen fand am 6. Juli [&hellip;]<\/p>\n","protected":false},"author":2,"featured_media":0,"comment_status":"closed","ping_status":"open","sticky":false,"template":"","format":"standard","meta":{"_acf_changed":false,"footnotes":""},"categories":[1],"tags":[],"class_list":["post-4377","post","type-post","status-publish","format-standard","hentry","category-allgemein"],"acf":[],"yoast_head":"<!-- This site is optimized with the Yoast SEO plugin v27.5 - https:\/\/yoast.com\/product\/yoast-seo-wordpress\/ -->\n<title>Oasefeuer 11.September : Fakten u. Meinungen zu 5G - \u00d6kumenischer Kirchengarten OASE<\/title>\n<meta name=\"robots\" content=\"index, follow, max-snippet:-1, max-image-preview:large, max-video-preview:-1\" \/>\n<link rel=\"canonical\" href=\"https:\/\/oase-gronau-losser.org\/de\/2020\/oasefeuer-11-september-fakten-u-meinungen-zu-5g\/\" \/>\n<meta property=\"og:locale\" content=\"de_DE\" \/>\n<meta property=\"og:type\" content=\"article\" \/>\n<meta property=\"og:title\" content=\"Oasefeuer 11.September : Fakten u. Meinungen zu 5G - \u00d6kumenischer Kirchengarten OASE\" \/>\n<meta property=\"og:description\" content=\"Apropos 5G&#8230;&#8230; Fakten und Meinungen&#8230;&#8230; Am Freitagabend, 11. September, um 19.00 Uhr\u00a0 findet auf dem Oase-Gel\u00e4nde an der Dinkelstra\u00dfe das n\u00e4chste Oasfeuer statt. Gert de Wolf, Mitglied des Arbeitskreises 5G Oldenzaal, stellt an diesem Abend mit Bildern Ergebnisse\u00a0 einer Arbeitsgruppe 5G aus Zutphen vor. Dieses Treffen fand am 6. Juli [&hellip;]\" \/>\n<meta property=\"og:url\" content=\"https:\/\/oase-gronau-losser.org\/de\/2020\/oasefeuer-11-september-fakten-u-meinungen-zu-5g\/\" \/>\n<meta property=\"og:site_name\" content=\"\u00d6kumenischer Kirchengarten OASE\" \/>\n<meta property=\"article:published_time\" content=\"2020-09-02T20:32:48+00:00\" \/>\n<meta property=\"article:modified_time\" content=\"2020-09-02T20:34:29+00:00\" \/>\n<meta name=\"author\" content=\"Marlies Gartmann\" \/>\n<meta name=\"twitter:card\" content=\"summary_large_image\" \/>\n<meta name=\"twitter:label1\" content=\"Verfasst von\" \/>\n\t<meta name=\"twitter:data1\" content=\"Marlies Gartmann\" \/>\n\t<meta name=\"twitter:label2\" content=\"Gesch\u00e4tzte Lesezeit\" \/>\n\t<meta name=\"twitter:data2\" content=\"1\u00a0Minute\" \/>\n<script type=\"application\/ld+json\" class=\"yoast-schema-graph\">{\"@context\":\"https:\\\/\\\/schema.org\",\"@graph\":[{\"@type\":\"Article\",\"@id\":\"https:\\\/\\\/oase-gronau-losser.org\\\/de\\\/2020\\\/oasefeuer-11-september-fakten-u-meinungen-zu-5g\\\/#article\",\"isPartOf\":{\"@id\":\"https:\\\/\\\/oase-gronau-losser.org\\\/de\\\/2020\\\/oasefeuer-11-september-fakten-u-meinungen-zu-5g\\\/\"},\"author\":{\"name\":\"Marlies Gartmann\",\"@id\":\"https:\\\/\\\/oase-gronau-losser.org\\\/de\\\/#\\\/schema\\\/person\\\/9380b6b869112d87ee8b88736ef26ab4\"},\"headline\":\"Oasefeuer 11.September : Fakten u. Meinungen zu 5G\",\"datePublished\":\"2020-09-02T20:32:48+00:00\",\"dateModified\":\"2020-09-02T20:34:29+00:00\",\"mainEntityOfPage\":{\"@id\":\"https:\\\/\\\/oase-gronau-losser.org\\\/de\\\/2020\\\/oasefeuer-11-september-fakten-u-meinungen-zu-5g\\\/\"},\"wordCount\":146,\"inLanguage\":\"de\"},{\"@type\":\"WebPage\",\"@id\":\"https:\\\/\\\/oase-gronau-losser.org\\\/de\\\/2020\\\/oasefeuer-11-september-fakten-u-meinungen-zu-5g\\\/\",\"url\":\"https:\\\/\\\/oase-gronau-losser.org\\\/de\\\/2020\\\/oasefeuer-11-september-fakten-u-meinungen-zu-5g\\\/\",\"name\":\"Oasefeuer 11.September : Fakten u. Meinungen zu 5G - \u00d6kumenischer Kirchengarten OASE\",\"isPartOf\":{\"@id\":\"https:\\\/\\\/oase-gronau-losser.org\\\/de\\\/#website\"},\"datePublished\":\"2020-09-02T20:32:48+00:00\",\"dateModified\":\"2020-09-02T20:34:29+00:00\",\"author\":{\"@id\":\"https:\\\/\\\/oase-gronau-losser.org\\\/de\\\/#\\\/schema\\\/person\\\/9380b6b869112d87ee8b88736ef26ab4\"},\"breadcrumb\":{\"@id\":\"https:\\\/\\\/oase-gronau-losser.org\\\/de\\\/2020\\\/oasefeuer-11-september-fakten-u-meinungen-zu-5g\\\/#breadcrumb\"},\"inLanguage\":\"de\",\"potentialAction\":[{\"@type\":\"ReadAction\",\"target\":[\"https:\\\/\\\/oase-gronau-losser.org\\\/de\\\/2020\\\/oasefeuer-11-september-fakten-u-meinungen-zu-5g\\\/\"]}]},{\"@type\":\"BreadcrumbList\",\"@id\":\"https:\\\/\\\/oase-gronau-losser.org\\\/de\\\/2020\\\/oasefeuer-11-september-fakten-u-meinungen-zu-5g\\\/#breadcrumb\",\"itemListElement\":[{\"@type\":\"ListItem\",\"position\":1,\"name\":\"Home\",\"item\":\"https:\\\/\\\/oase-gronau-losser.org\\\/de\\\/\"},{\"@type\":\"ListItem\",\"position\":2,\"name\":\"Oasefeuer 11.September : Fakten u. Meinungen zu 5G\"}]},{\"@type\":\"WebSite\",\"@id\":\"https:\\\/\\\/oase-gronau-losser.org\\\/de\\\/#website\",\"url\":\"https:\\\/\\\/oase-gronau-losser.org\\\/de\\\/\",\"name\":\"\u00d6kumenischer Kirchengarten OASE\",\"description\":\"Oecumenische Kerkentuin OASE \u2013 Christenen aan de grens\",\"potentialAction\":[{\"@type\":\"SearchAction\",\"target\":{\"@type\":\"EntryPoint\",\"urlTemplate\":\"https:\\\/\\\/oase-gronau-losser.org\\\/de\\\/?s={search_term_string}\"},\"query-input\":{\"@type\":\"PropertyValueSpecification\",\"valueRequired\":true,\"valueName\":\"search_term_string\"}}],\"inLanguage\":\"de\"},{\"@type\":\"Person\",\"@id\":\"https:\\\/\\\/oase-gronau-losser.org\\\/de\\\/#\\\/schema\\\/person\\\/9380b6b869112d87ee8b88736ef26ab4\",\"name\":\"Marlies Gartmann\",\"image\":{\"@type\":\"ImageObject\",\"inLanguage\":\"de\",\"@id\":\"https:\\\/\\\/secure.gravatar.com\\\/avatar\\\/9aac36f1080be8aa4435935bb591e486d3d6a8d130803f68c707d7948b29569f?s=96&d=mm&r=g\",\"url\":\"https:\\\/\\\/secure.gravatar.com\\\/avatar\\\/9aac36f1080be8aa4435935bb591e486d3d6a8d130803f68c707d7948b29569f?s=96&d=mm&r=g\",\"contentUrl\":\"https:\\\/\\\/secure.gravatar.com\\\/avatar\\\/9aac36f1080be8aa4435935bb591e486d3d6a8d130803f68c707d7948b29569f?s=96&d=mm&r=g\",\"caption\":\"Marlies Gartmann\"},\"url\":\"https:\\\/\\\/oase-gronau-losser.org\\\/de\\\/author\\\/marlies\\\/\"}]}<\/script>\n<!-- \/ Yoast SEO plugin. -->","yoast_head_json":{"title":"Oasefeuer 11.September : Fakten u. Meinungen zu 5G - \u00d6kumenischer Kirchengarten OASE","robots":{"index":"index","follow":"follow","max-snippet":"max-snippet:-1","max-image-preview":"max-image-preview:large","max-video-preview":"max-video-preview:-1"},"canonical":"https:\/\/oase-gronau-losser.org\/de\/2020\/oasefeuer-11-september-fakten-u-meinungen-zu-5g\/","og_locale":"de_DE","og_type":"article","og_title":"Oasefeuer 11.September : Fakten u. Meinungen zu 5G - \u00d6kumenischer Kirchengarten OASE","og_description":"Apropos 5G&#8230;&#8230; Fakten und Meinungen&#8230;&#8230; Am Freitagabend, 11. September, um 19.00 Uhr\u00a0 findet auf dem Oase-Gel\u00e4nde an der Dinkelstra\u00dfe das n\u00e4chste Oasfeuer statt. Gert de Wolf, Mitglied des Arbeitskreises 5G Oldenzaal, stellt an diesem Abend mit Bildern Ergebnisse\u00a0 einer Arbeitsgruppe 5G aus Zutphen vor. Dieses Treffen fand am 6. Juli [&hellip;]","og_url":"https:\/\/oase-gronau-losser.org\/de\/2020\/oasefeuer-11-september-fakten-u-meinungen-zu-5g\/","og_site_name":"\u00d6kumenischer Kirchengarten OASE","article_published_time":"2020-09-02T20:32:48+00:00","article_modified_time":"2020-09-02T20:34:29+00:00","author":"Marlies Gartmann","twitter_card":"summary_large_image","twitter_misc":{"Verfasst von":"Marlies Gartmann","Gesch\u00e4tzte Lesezeit":"1\u00a0Minute"},"schema":{"@context":"https:\/\/schema.org","@graph":[{"@type":"Article","@id":"https:\/\/oase-gronau-losser.org\/de\/2020\/oasefeuer-11-september-fakten-u-meinungen-zu-5g\/#article","isPartOf":{"@id":"https:\/\/oase-gronau-losser.org\/de\/2020\/oasefeuer-11-september-fakten-u-meinungen-zu-5g\/"},"author":{"name":"Marlies Gartmann","@id":"https:\/\/oase-gronau-losser.org\/de\/#\/schema\/person\/9380b6b869112d87ee8b88736ef26ab4"},"headline":"Oasefeuer 11.September : Fakten u. Meinungen zu 5G","datePublished":"2020-09-02T20:32:48+00:00","dateModified":"2020-09-02T20:34:29+00:00","mainEntityOfPage":{"@id":"https:\/\/oase-gronau-losser.org\/de\/2020\/oasefeuer-11-september-fakten-u-meinungen-zu-5g\/"},"wordCount":146,"inLanguage":"de"},{"@type":"WebPage","@id":"https:\/\/oase-gronau-losser.org\/de\/2020\/oasefeuer-11-september-fakten-u-meinungen-zu-5g\/","url":"https:\/\/oase-gronau-losser.org\/de\/2020\/oasefeuer-11-september-fakten-u-meinungen-zu-5g\/","name":"Oasefeuer 11.September : Fakten u. Meinungen zu 5G - \u00d6kumenischer Kirchengarten OASE","isPartOf":{"@id":"https:\/\/oase-gronau-losser.org\/de\/#website"},"datePublished":"2020-09-02T20:32:48+00:00","dateModified":"2020-09-02T20:34:29+00:00","author":{"@id":"https:\/\/oase-gronau-losser.org\/de\/#\/schema\/person\/9380b6b869112d87ee8b88736ef26ab4"},"breadcrumb":{"@id":"https:\/\/oase-gronau-losser.org\/de\/2020\/oasefeuer-11-september-fakten-u-meinungen-zu-5g\/#breadcrumb"},"inLanguage":"de","potentialAction":[{"@type":"ReadAction","target":["https:\/\/oase-gronau-losser.org\/de\/2020\/oasefeuer-11-september-fakten-u-meinungen-zu-5g\/"]}]},{"@type":"BreadcrumbList","@id":"https:\/\/oase-gronau-losser.org\/de\/2020\/oasefeuer-11-september-fakten-u-meinungen-zu-5g\/#breadcrumb","itemListElement":[{"@type":"ListItem","position":1,"name":"Home","item":"https:\/\/oase-gronau-losser.org\/de\/"},{"@type":"ListItem","position":2,"name":"Oasefeuer 11.September : Fakten u. Meinungen zu 5G"}]},{"@type":"WebSite","@id":"https:\/\/oase-gronau-losser.org\/de\/#website","url":"https:\/\/oase-gronau-losser.org\/de\/","name":"\u00d6kumenischer Kirchengarten OASE","description":"Oecumenische Kerkentuin OASE \u2013 Christenen aan de grens","potentialAction":[{"@type":"SearchAction","target":{"@type":"EntryPoint","urlTemplate":"https:\/\/oase-gronau-losser.org\/de\/?s={search_term_string}"},"query-input":{"@type":"PropertyValueSpecification","valueRequired":true,"valueName":"search_term_string"}}],"inLanguage":"de"},{"@type":"Person","@id":"https:\/\/oase-gronau-losser.org\/de\/#\/schema\/person\/9380b6b869112d87ee8b88736ef26ab4","name":"Marlies Gartmann","image":{"@type":"ImageObject","inLanguage":"de","@id":"https:\/\/secure.gravatar.com\/avatar\/9aac36f1080be8aa4435935bb591e486d3d6a8d130803f68c707d7948b29569f?s=96&d=mm&r=g","url":"https:\/\/secure.gravatar.com\/avatar\/9aac36f1080be8aa4435935bb591e486d3d6a8d130803f68c707d7948b29569f?s=96&d=mm&r=g","contentUrl":"https:\/\/secure.gravatar.com\/avatar\/9aac36f1080be8aa4435935bb591e486d3d6a8d130803f68c707d7948b29569f?s=96&d=mm&r=g","caption":"Marlies Gartmann"},"url":"https:\/\/oase-gronau-losser.org\/de\/author\/marlies\/"}]}},"_links":{"self":[{"href":"https:\/\/oase-gronau-losser.org\/de\/wp-json\/wp\/v2\/posts\/4377","targetHints":{"allow":["GET"]}}],"collection":[{"href":"https:\/\/oase-gronau-losser.org\/de\/wp-json\/wp\/v2\/posts"}],"about":[{"href":"https:\/\/oase-gronau-losser.org\/de\/wp-json\/wp\/v2\/types\/post"}],"author":[{"embeddable":true,"href":"https:\/\/oase-gronau-losser.org\/de\/wp-json\/wp\/v2\/users\/2"}],"replies":[{"embeddable":true,"href":"https:\/\/oase-gronau-losser.org\/de\/wp-json\/wp\/v2\/comments?post=4377"}],"version-history":[{"count":3,"href":"https:\/\/oase-gronau-losser.org\/de\/wp-json\/wp\/v2\/posts\/4377\/revisions"}],"predecessor-version":[{"id":4380,"href":"https:\/\/oase-gronau-losser.org\/de\/wp-json\/wp\/v2\/posts\/4377\/revisions\/4380"}],"wp:attachment":[{"href":"https:\/\/oase-gronau-losser.org\/de\/wp-json\/wp\/v2\/media?parent=4377"}],"wp:term":[{"taxonomy":"category","embeddable":true,"href":"https:\/\/oase-gronau-losser.org\/de\/wp-json\/wp\/v2\/categories?post=4377"},{"taxonomy":"post_tag","embeddable":true,"href":"https:\/\/oase-gronau-losser.org\/de\/wp-json\/wp\/v2\/tags?post=4377"}],"curies":[{"name":"wp","href":"https:\/\/api.w.org\/{rel}","templated":true}]}}