{"id":4344,"date":"2020-07-15T15:23:46","date_gmt":"2020-07-15T13:23:46","guid":{"rendered":"https:\/\/oase-gronau-losser.org\/de\/?p=4344"},"modified":"2020-07-15T15:27:08","modified_gmt":"2020-07-15T13:27:08","slug":"oasefeuer-am-24-juli-ab-19-00-uhr","status":"publish","type":"post","link":"https:\/\/oase-gronau-losser.org\/de\/2020\/oasefeuer-am-24-juli-ab-19-00-uhr\/","title":{"rendered":"Oasefeuer am 24.Juli ab 19.00 Uhr"},"content":{"rendered":"<p><strong>Rassismus in Deutschland:<\/strong><\/p>\n<p><strong>&#8222;Was darf ich denn dann \u00fcberhaupt noch sagen?\u201c<\/strong><\/p>\n<p>Rassismus erleben Menschen in Deutschland jeden Tag. Bei der Arbeits- und Wohnungssuche, im Supermarkt, in der Fu\u00dfg\u00e4ngerzone. Taten aus rassistischen Motiven kosten Menschenleben, h\u00f6ren wir in den Medien. Berlin erl\u00e4sst ein Antidiskriminierungsgesetz. \u00a0Vor Polizeiwachen und in vielen Orten der Welt finden Demos statt.\u00a0 Was das bedeutet und welche Denkweisen \u00a0unseren Aussagen zugrunde liegen, wird Thema des kommenden Oasefeuers am Freitag, dem <strong>24.07.2020 ab 19 Uhr<\/strong> auf der Oase sein. Den Abend gestaltet die Lokalgruppe der Seebr\u00fccke, hierzu laden wir herzlich ein. Die Oase befindet sich am Ende der Dinkelstra\u00dfe links.<\/p>\n<p>Einige besondere Hygienema\u00dfnahmen m\u00fcssen beachtet werden (Mindestabstand 1,5m oder Mund-Nasen Schutz ). M\u00f6glichkeiten zur Handdesinfektion u. zum H\u00e4ndewaschen\u00a0 sind vorhanden. Nach gegenw\u00e4rtigem Stand m\u00fcssen wir im Eingangsbereich die Namen u. Anschriften der Teilnehmer notieren. Datenschutz wird selbstverst\u00e4ndlich gew\u00e4hrleistet.<\/p>\n","protected":false},"excerpt":{"rendered":"<p>Rassismus in Deutschland: &#8222;Was darf ich denn dann \u00fcberhaupt noch sagen?\u201c Rassismus erleben Menschen in Deutschland jeden Tag. Bei der Arbeits- und Wohnungssuche, im Supermarkt, in der Fu\u00dfg\u00e4ngerzone. Taten aus rassistischen Motiven kosten Menschenleben, h\u00f6ren wir in den Medien. Berlin erl\u00e4sst ein Antidiskriminierungsgesetz. \u00a0Vor Polizeiwachen und in vielen Orten der [&hellip;]<\/p>\n","protected":false},"author":2,"featured_media":0,"comment_status":"closed","ping_status":"open","sticky":false,"template":"","format":"standard","meta":{"_acf_changed":false,"footnotes":""},"categories":[1],"tags":[],"class_list":["post-4344","post","type-post","status-publish","format-standard","hentry","category-allgemein"],"acf":[],"yoast_head":"<!-- This site is optimized with the Yoast SEO plugin v27.5 - https:\/\/yoast.com\/product\/yoast-seo-wordpress\/ -->\n<title>Oasefeuer am 24.Juli ab 19.00 Uhr - \u00d6kumenischer Kirchengarten OASE<\/title>\n<meta name=\"robots\" content=\"index, follow, max-snippet:-1, max-image-preview:large, max-video-preview:-1\" \/>\n<link rel=\"canonical\" href=\"https:\/\/oase-gronau-losser.org\/de\/2020\/oasefeuer-am-24-juli-ab-19-00-uhr\/\" \/>\n<meta property=\"og:locale\" content=\"de_DE\" \/>\n<meta property=\"og:type\" content=\"article\" \/>\n<meta property=\"og:title\" content=\"Oasefeuer am 24.Juli ab 19.00 Uhr - \u00d6kumenischer Kirchengarten OASE\" \/>\n<meta property=\"og:description\" content=\"Rassismus in Deutschland: &#8222;Was darf ich denn dann \u00fcberhaupt noch sagen?\u201c Rassismus erleben Menschen in Deutschland jeden Tag. Bei der Arbeits- und Wohnungssuche, im Supermarkt, in der Fu\u00dfg\u00e4ngerzone. Taten aus rassistischen Motiven kosten Menschenleben, h\u00f6ren wir in den Medien. Berlin erl\u00e4sst ein Antidiskriminierungsgesetz. \u00a0Vor Polizeiwachen und in vielen Orten der [&hellip;]\" \/>\n<meta property=\"og:url\" content=\"https:\/\/oase-gronau-losser.org\/de\/2020\/oasefeuer-am-24-juli-ab-19-00-uhr\/\" \/>\n<meta property=\"og:site_name\" content=\"\u00d6kumenischer Kirchengarten OASE\" \/>\n<meta property=\"article:published_time\" content=\"2020-07-15T13:23:46+00:00\" \/>\n<meta property=\"article:modified_time\" content=\"2020-07-15T13:27:08+00:00\" \/>\n<meta name=\"author\" content=\"Marlies Gartmann\" \/>\n<meta name=\"twitter:card\" content=\"summary_large_image\" \/>\n<meta name=\"twitter:label1\" content=\"Verfasst von\" \/>\n\t<meta name=\"twitter:data1\" content=\"Marlies Gartmann\" \/>\n\t<meta name=\"twitter:label2\" content=\"Gesch\u00e4tzte Lesezeit\" \/>\n\t<meta name=\"twitter:data2\" content=\"1\u00a0Minute\" \/>\n<script type=\"application\/ld+json\" class=\"yoast-schema-graph\">{\"@context\":\"https:\\\/\\\/schema.org\",\"@graph\":[{\"@type\":\"Article\",\"@id\":\"https:\\\/\\\/oase-gronau-losser.org\\\/de\\\/2020\\\/oasefeuer-am-24-juli-ab-19-00-uhr\\\/#article\",\"isPartOf\":{\"@id\":\"https:\\\/\\\/oase-gronau-losser.org\\\/de\\\/2020\\\/oasefeuer-am-24-juli-ab-19-00-uhr\\\/\"},\"author\":{\"name\":\"Marlies Gartmann\",\"@id\":\"https:\\\/\\\/oase-gronau-losser.org\\\/de\\\/#\\\/schema\\\/person\\\/9380b6b869112d87ee8b88736ef26ab4\"},\"headline\":\"Oasefeuer am 24.Juli ab 19.00 Uhr\",\"datePublished\":\"2020-07-15T13:23:46+00:00\",\"dateModified\":\"2020-07-15T13:27:08+00:00\",\"mainEntityOfPage\":{\"@id\":\"https:\\\/\\\/oase-gronau-losser.org\\\/de\\\/2020\\\/oasefeuer-am-24-juli-ab-19-00-uhr\\\/\"},\"wordCount\":155,\"inLanguage\":\"de\"},{\"@type\":\"WebPage\",\"@id\":\"https:\\\/\\\/oase-gronau-losser.org\\\/de\\\/2020\\\/oasefeuer-am-24-juli-ab-19-00-uhr\\\/\",\"url\":\"https:\\\/\\\/oase-gronau-losser.org\\\/de\\\/2020\\\/oasefeuer-am-24-juli-ab-19-00-uhr\\\/\",\"name\":\"Oasefeuer am 24.Juli ab 19.00 Uhr - \u00d6kumenischer Kirchengarten OASE\",\"isPartOf\":{\"@id\":\"https:\\\/\\\/oase-gronau-losser.org\\\/de\\\/#website\"},\"datePublished\":\"2020-07-15T13:23:46+00:00\",\"dateModified\":\"2020-07-15T13:27:08+00:00\",\"author\":{\"@id\":\"https:\\\/\\\/oase-gronau-losser.org\\\/de\\\/#\\\/schema\\\/person\\\/9380b6b869112d87ee8b88736ef26ab4\"},\"breadcrumb\":{\"@id\":\"https:\\\/\\\/oase-gronau-losser.org\\\/de\\\/2020\\\/oasefeuer-am-24-juli-ab-19-00-uhr\\\/#breadcrumb\"},\"inLanguage\":\"de\",\"potentialAction\":[{\"@type\":\"ReadAction\",\"target\":[\"https:\\\/\\\/oase-gronau-losser.org\\\/de\\\/2020\\\/oasefeuer-am-24-juli-ab-19-00-uhr\\\/\"]}]},{\"@type\":\"BreadcrumbList\",\"@id\":\"https:\\\/\\\/oase-gronau-losser.org\\\/de\\\/2020\\\/oasefeuer-am-24-juli-ab-19-00-uhr\\\/#breadcrumb\",\"itemListElement\":[{\"@type\":\"ListItem\",\"position\":1,\"name\":\"Home\",\"item\":\"https:\\\/\\\/oase-gronau-losser.org\\\/de\\\/\"},{\"@type\":\"ListItem\",\"position\":2,\"name\":\"Oasefeuer am 24.Juli ab 19.00 Uhr\"}]},{\"@type\":\"WebSite\",\"@id\":\"https:\\\/\\\/oase-gronau-losser.org\\\/de\\\/#website\",\"url\":\"https:\\\/\\\/oase-gronau-losser.org\\\/de\\\/\",\"name\":\"\u00d6kumenischer Kirchengarten OASE\",\"description\":\"Oecumenische Kerkentuin OASE \u2013 Christenen aan de grens\",\"potentialAction\":[{\"@type\":\"SearchAction\",\"target\":{\"@type\":\"EntryPoint\",\"urlTemplate\":\"https:\\\/\\\/oase-gronau-losser.org\\\/de\\\/?s={search_term_string}\"},\"query-input\":{\"@type\":\"PropertyValueSpecification\",\"valueRequired\":true,\"valueName\":\"search_term_string\"}}],\"inLanguage\":\"de\"},{\"@type\":\"Person\",\"@id\":\"https:\\\/\\\/oase-gronau-losser.org\\\/de\\\/#\\\/schema\\\/person\\\/9380b6b869112d87ee8b88736ef26ab4\",\"name\":\"Marlies Gartmann\",\"image\":{\"@type\":\"ImageObject\",\"inLanguage\":\"de\",\"@id\":\"https:\\\/\\\/secure.gravatar.com\\\/avatar\\\/9aac36f1080be8aa4435935bb591e486d3d6a8d130803f68c707d7948b29569f?s=96&d=mm&r=g\",\"url\":\"https:\\\/\\\/secure.gravatar.com\\\/avatar\\\/9aac36f1080be8aa4435935bb591e486d3d6a8d130803f68c707d7948b29569f?s=96&d=mm&r=g\",\"contentUrl\":\"https:\\\/\\\/secure.gravatar.com\\\/avatar\\\/9aac36f1080be8aa4435935bb591e486d3d6a8d130803f68c707d7948b29569f?s=96&d=mm&r=g\",\"caption\":\"Marlies Gartmann\"},\"url\":\"https:\\\/\\\/oase-gronau-losser.org\\\/de\\\/author\\\/marlies\\\/\"}]}<\/script>\n<!-- \/ Yoast SEO plugin. -->","yoast_head_json":{"title":"Oasefeuer am 24.Juli ab 19.00 Uhr - \u00d6kumenischer Kirchengarten OASE","robots":{"index":"index","follow":"follow","max-snippet":"max-snippet:-1","max-image-preview":"max-image-preview:large","max-video-preview":"max-video-preview:-1"},"canonical":"https:\/\/oase-gronau-losser.org\/de\/2020\/oasefeuer-am-24-juli-ab-19-00-uhr\/","og_locale":"de_DE","og_type":"article","og_title":"Oasefeuer am 24.Juli ab 19.00 Uhr - \u00d6kumenischer Kirchengarten OASE","og_description":"Rassismus in Deutschland: &#8222;Was darf ich denn dann \u00fcberhaupt noch sagen?\u201c Rassismus erleben Menschen in Deutschland jeden Tag. Bei der Arbeits- und Wohnungssuche, im Supermarkt, in der Fu\u00dfg\u00e4ngerzone. Taten aus rassistischen Motiven kosten Menschenleben, h\u00f6ren wir in den Medien. Berlin erl\u00e4sst ein Antidiskriminierungsgesetz. \u00a0Vor Polizeiwachen und in vielen Orten der [&hellip;]","og_url":"https:\/\/oase-gronau-losser.org\/de\/2020\/oasefeuer-am-24-juli-ab-19-00-uhr\/","og_site_name":"\u00d6kumenischer Kirchengarten OASE","article_published_time":"2020-07-15T13:23:46+00:00","article_modified_time":"2020-07-15T13:27:08+00:00","author":"Marlies Gartmann","twitter_card":"summary_large_image","twitter_misc":{"Verfasst von":"Marlies Gartmann","Gesch\u00e4tzte Lesezeit":"1\u00a0Minute"},"schema":{"@context":"https:\/\/schema.org","@graph":[{"@type":"Article","@id":"https:\/\/oase-gronau-losser.org\/de\/2020\/oasefeuer-am-24-juli-ab-19-00-uhr\/#article","isPartOf":{"@id":"https:\/\/oase-gronau-losser.org\/de\/2020\/oasefeuer-am-24-juli-ab-19-00-uhr\/"},"author":{"name":"Marlies Gartmann","@id":"https:\/\/oase-gronau-losser.org\/de\/#\/schema\/person\/9380b6b869112d87ee8b88736ef26ab4"},"headline":"Oasefeuer am 24.Juli ab 19.00 Uhr","datePublished":"2020-07-15T13:23:46+00:00","dateModified":"2020-07-15T13:27:08+00:00","mainEntityOfPage":{"@id":"https:\/\/oase-gronau-losser.org\/de\/2020\/oasefeuer-am-24-juli-ab-19-00-uhr\/"},"wordCount":155,"inLanguage":"de"},{"@type":"WebPage","@id":"https:\/\/oase-gronau-losser.org\/de\/2020\/oasefeuer-am-24-juli-ab-19-00-uhr\/","url":"https:\/\/oase-gronau-losser.org\/de\/2020\/oasefeuer-am-24-juli-ab-19-00-uhr\/","name":"Oasefeuer am 24.Juli ab 19.00 Uhr - \u00d6kumenischer Kirchengarten OASE","isPartOf":{"@id":"https:\/\/oase-gronau-losser.org\/de\/#website"},"datePublished":"2020-07-15T13:23:46+00:00","dateModified":"2020-07-15T13:27:08+00:00","author":{"@id":"https:\/\/oase-gronau-losser.org\/de\/#\/schema\/person\/9380b6b869112d87ee8b88736ef26ab4"},"breadcrumb":{"@id":"https:\/\/oase-gronau-losser.org\/de\/2020\/oasefeuer-am-24-juli-ab-19-00-uhr\/#breadcrumb"},"inLanguage":"de","potentialAction":[{"@type":"ReadAction","target":["https:\/\/oase-gronau-losser.org\/de\/2020\/oasefeuer-am-24-juli-ab-19-00-uhr\/"]}]},{"@type":"BreadcrumbList","@id":"https:\/\/oase-gronau-losser.org\/de\/2020\/oasefeuer-am-24-juli-ab-19-00-uhr\/#breadcrumb","itemListElement":[{"@type":"ListItem","position":1,"name":"Home","item":"https:\/\/oase-gronau-losser.org\/de\/"},{"@type":"ListItem","position":2,"name":"Oasefeuer am 24.Juli ab 19.00 Uhr"}]},{"@type":"WebSite","@id":"https:\/\/oase-gronau-losser.org\/de\/#website","url":"https:\/\/oase-gronau-losser.org\/de\/","name":"\u00d6kumenischer Kirchengarten OASE","description":"Oecumenische Kerkentuin OASE \u2013 Christenen aan de grens","potentialAction":[{"@type":"SearchAction","target":{"@type":"EntryPoint","urlTemplate":"https:\/\/oase-gronau-losser.org\/de\/?s={search_term_string}"},"query-input":{"@type":"PropertyValueSpecification","valueRequired":true,"valueName":"search_term_string"}}],"inLanguage":"de"},{"@type":"Person","@id":"https:\/\/oase-gronau-losser.org\/de\/#\/schema\/person\/9380b6b869112d87ee8b88736ef26ab4","name":"Marlies Gartmann","image":{"@type":"ImageObject","inLanguage":"de","@id":"https:\/\/secure.gravatar.com\/avatar\/9aac36f1080be8aa4435935bb591e486d3d6a8d130803f68c707d7948b29569f?s=96&d=mm&r=g","url":"https:\/\/secure.gravatar.com\/avatar\/9aac36f1080be8aa4435935bb591e486d3d6a8d130803f68c707d7948b29569f?s=96&d=mm&r=g","contentUrl":"https:\/\/secure.gravatar.com\/avatar\/9aac36f1080be8aa4435935bb591e486d3d6a8d130803f68c707d7948b29569f?s=96&d=mm&r=g","caption":"Marlies Gartmann"},"url":"https:\/\/oase-gronau-losser.org\/de\/author\/marlies\/"}]}},"_links":{"self":[{"href":"https:\/\/oase-gronau-losser.org\/de\/wp-json\/wp\/v2\/posts\/4344","targetHints":{"allow":["GET"]}}],"collection":[{"href":"https:\/\/oase-gronau-losser.org\/de\/wp-json\/wp\/v2\/posts"}],"about":[{"href":"https:\/\/oase-gronau-losser.org\/de\/wp-json\/wp\/v2\/types\/post"}],"author":[{"embeddable":true,"href":"https:\/\/oase-gronau-losser.org\/de\/wp-json\/wp\/v2\/users\/2"}],"replies":[{"embeddable":true,"href":"https:\/\/oase-gronau-losser.org\/de\/wp-json\/wp\/v2\/comments?post=4344"}],"version-history":[{"count":3,"href":"https:\/\/oase-gronau-losser.org\/de\/wp-json\/wp\/v2\/posts\/4344\/revisions"}],"predecessor-version":[{"id":4347,"href":"https:\/\/oase-gronau-losser.org\/de\/wp-json\/wp\/v2\/posts\/4344\/revisions\/4347"}],"wp:attachment":[{"href":"https:\/\/oase-gronau-losser.org\/de\/wp-json\/wp\/v2\/media?parent=4344"}],"wp:term":[{"taxonomy":"category","embeddable":true,"href":"https:\/\/oase-gronau-losser.org\/de\/wp-json\/wp\/v2\/categories?post=4344"},{"taxonomy":"post_tag","embeddable":true,"href":"https:\/\/oase-gronau-losser.org\/de\/wp-json\/wp\/v2\/tags?post=4344"}],"curies":[{"name":"wp","href":"https:\/\/api.w.org\/{rel}","templated":true}]}}