{"id":4318,"date":"2020-01-04T20:35:06","date_gmt":"2020-01-04T19:35:06","guid":{"rendered":"https:\/\/oase-gronau-losser.org\/de\/?p=4318"},"modified":"2020-01-04T20:38:41","modified_gmt":"2020-01-04T19:38:41","slug":"4318","status":"publish","type":"post","link":"https:\/\/oase-gronau-losser.org\/de\/2020\/4318\/","title":{"rendered":"Dreik\u00f6nigswanderung am 12.Jan. 2020"},"content":{"rendered":"<h2>Einladung zur Dreik\u00f6nigswanderung am 12. Januar 2020<\/h2>\n<p><a href=\"https:\/\/oase-gronau-losser.org\/de\/wp-content\/uploads\/sites\/2\/2020\/01\/Bild-Weihnachten-2019.jpg\"><img loading=\"lazy\" decoding=\"async\" class=\"size-medium wp-image-4321 alignright\" src=\"https:\/\/oase-gronau-losser.org\/de\/wp-content\/uploads\/sites\/2\/2020\/01\/Bild-Weihnachten-2019-207x300.jpg\" alt=\"\" width=\"207\" height=\"300\" srcset=\"https:\/\/oase-gronau-losser.org\/de\/wp-content\/uploads\/sites\/2\/2020\/01\/Bild-Weihnachten-2019-207x300.jpg 207w, https:\/\/oase-gronau-losser.org\/de\/wp-content\/uploads\/sites\/2\/2020\/01\/Bild-Weihnachten-2019-296x430.jpg 296w, https:\/\/oase-gronau-losser.org\/de\/wp-content\/uploads\/sites\/2\/2020\/01\/Bild-Weihnachten-2019.jpg 359w\" sizes=\"auto, (max-width: 207px) 100vw, 207px\" \/><\/a><\/p>\n<p>Start: zwischen 14.00 Uhr und 14.30 Uhr<\/p>\n<p>Die Wanderung f\u00fchrt uns \u2013 wie vor zwei Jahren \u2013 durch die sch\u00f6ne und h\u00fcgelige Hoevenlandschaft vom Landgut Egherie, gelegen zwischen De Lutte und Oldenzaal.<\/p>\n<p>Die Wanderung dauert etwa 1 Stunde. Festes Schuhwerk ist angebracht.<\/p>\n<p>Der Startpunkt ist bei Erve Harbert am Alleeweg Nr. 1\u00a0 7587 NC De Lutte.<\/p>\n<p>Man f\u00e4hrt in De Lutte \u00fcber die Bentheimerstra\u00dfe in Richtung Oldenzaal. Beim Hotel Restaurant De grote Zwaan (Nr. 21) rechts abbiegen in den Paasbergweg.<\/p>\n<p>Wir werden an dieser Stelle ein Hinweisschild \u201e Oase\u201c\u00a0 anbringen.<\/p>\n<p>Dann folgt man dem Paasbergweg, bis der Alleeweg links abbiegt. (s.Hinweisschild) Kurz danach erreicht man Erve Harbert.<\/p>\n<p>Von dort aus kann man den Sternen folgen.<\/p>\n<p>Nach der Wanderung versammeln wir uns in einer einfachen Scheune auf Erve Harbert zu einem gem\u00fctlichen Beisammensein mit einem kleinen Imbiss und einem Getr\u00e4nk. Wir beenden den Nachmittag mit einer kurzen Vesper.<\/p>\n<p>Alle sind herzlich willkommen.<\/p>\n<h4>Weet dat je welkom bent !<\/h4>\n","protected":false},"excerpt":{"rendered":"<p>Einladung zur Dreik\u00f6nigswanderung am 12. Januar 2020 Start: zwischen 14.00 Uhr und 14.30 Uhr Die Wanderung f\u00fchrt uns \u2013 wie vor zwei Jahren \u2013 durch die sch\u00f6ne und h\u00fcgelige Hoevenlandschaft vom Landgut Egherie, gelegen zwischen De Lutte und Oldenzaal. Die Wanderung dauert etwa 1 Stunde. Festes Schuhwerk ist angebracht. Der [&hellip;]<\/p>\n","protected":false},"author":2,"featured_media":0,"comment_status":"closed","ping_status":"open","sticky":false,"template":"","format":"standard","meta":{"_acf_changed":false,"footnotes":""},"categories":[1],"tags":[],"class_list":["post-4318","post","type-post","status-publish","format-standard","hentry","category-allgemein"],"acf":[],"yoast_head":"<!-- This site is optimized with the Yoast SEO plugin v27.5 - https:\/\/yoast.com\/product\/yoast-seo-wordpress\/ -->\n<title>Dreik\u00f6nigswanderung am 12.Jan. 2020 - \u00d6kumenischer Kirchengarten OASE<\/title>\n<meta name=\"robots\" content=\"index, follow, max-snippet:-1, max-image-preview:large, max-video-preview:-1\" \/>\n<link rel=\"canonical\" href=\"https:\/\/oase-gronau-losser.org\/de\/2020\/4318\/\" \/>\n<meta property=\"og:locale\" content=\"de_DE\" \/>\n<meta property=\"og:type\" content=\"article\" \/>\n<meta property=\"og:title\" content=\"Dreik\u00f6nigswanderung am 12.Jan. 2020 - \u00d6kumenischer Kirchengarten OASE\" \/>\n<meta property=\"og:description\" content=\"Einladung zur Dreik\u00f6nigswanderung am 12. Januar 2020 Start: zwischen 14.00 Uhr und 14.30 Uhr Die Wanderung f\u00fchrt uns \u2013 wie vor zwei Jahren \u2013 durch die sch\u00f6ne und h\u00fcgelige Hoevenlandschaft vom Landgut Egherie, gelegen zwischen De Lutte und Oldenzaal. Die Wanderung dauert etwa 1 Stunde. Festes Schuhwerk ist angebracht. Der [&hellip;]\" \/>\n<meta property=\"og:url\" content=\"https:\/\/oase-gronau-losser.org\/de\/2020\/4318\/\" \/>\n<meta property=\"og:site_name\" content=\"\u00d6kumenischer Kirchengarten OASE\" \/>\n<meta property=\"article:published_time\" content=\"2020-01-04T19:35:06+00:00\" \/>\n<meta property=\"article:modified_time\" content=\"2020-01-04T19:38:41+00:00\" \/>\n<meta property=\"og:image\" content=\"https:\/\/oase-gronau-losser.org\/de\/wp-content\/uploads\/sites\/2\/2020\/01\/Bild-Weihnachten-2019-207x300.jpg\" \/>\n<meta name=\"author\" content=\"Marlies Gartmann\" \/>\n<meta name=\"twitter:card\" content=\"summary_large_image\" \/>\n<meta name=\"twitter:label1\" content=\"Verfasst von\" \/>\n\t<meta name=\"twitter:data1\" content=\"Marlies Gartmann\" \/>\n\t<meta name=\"twitter:label2\" content=\"Gesch\u00e4tzte Lesezeit\" \/>\n\t<meta name=\"twitter:data2\" content=\"1\u00a0Minute\" \/>\n<script type=\"application\/ld+json\" class=\"yoast-schema-graph\">{\"@context\":\"https:\\\/\\\/schema.org\",\"@graph\":[{\"@type\":\"Article\",\"@id\":\"https:\\\/\\\/oase-gronau-losser.org\\\/de\\\/2020\\\/4318\\\/#article\",\"isPartOf\":{\"@id\":\"https:\\\/\\\/oase-gronau-losser.org\\\/de\\\/2020\\\/4318\\\/\"},\"author\":{\"name\":\"Marlies Gartmann\",\"@id\":\"https:\\\/\\\/oase-gronau-losser.org\\\/de\\\/#\\\/schema\\\/person\\\/9380b6b869112d87ee8b88736ef26ab4\"},\"headline\":\"Dreik\u00f6nigswanderung am 12.Jan. 2020\",\"datePublished\":\"2020-01-04T19:35:06+00:00\",\"dateModified\":\"2020-01-04T19:38:41+00:00\",\"mainEntityOfPage\":{\"@id\":\"https:\\\/\\\/oase-gronau-losser.org\\\/de\\\/2020\\\/4318\\\/\"},\"wordCount\":165,\"image\":{\"@id\":\"https:\\\/\\\/oase-gronau-losser.org\\\/de\\\/2020\\\/4318\\\/#primaryimage\"},\"thumbnailUrl\":\"https:\\\/\\\/oase-gronau-losser.org\\\/de\\\/wp-content\\\/uploads\\\/sites\\\/2\\\/2020\\\/01\\\/Bild-Weihnachten-2019-207x300.jpg\",\"inLanguage\":\"de\"},{\"@type\":\"WebPage\",\"@id\":\"https:\\\/\\\/oase-gronau-losser.org\\\/de\\\/2020\\\/4318\\\/\",\"url\":\"https:\\\/\\\/oase-gronau-losser.org\\\/de\\\/2020\\\/4318\\\/\",\"name\":\"Dreik\u00f6nigswanderung am 12.Jan. 2020 - \u00d6kumenischer Kirchengarten OASE\",\"isPartOf\":{\"@id\":\"https:\\\/\\\/oase-gronau-losser.org\\\/de\\\/#website\"},\"primaryImageOfPage\":{\"@id\":\"https:\\\/\\\/oase-gronau-losser.org\\\/de\\\/2020\\\/4318\\\/#primaryimage\"},\"image\":{\"@id\":\"https:\\\/\\\/oase-gronau-losser.org\\\/de\\\/2020\\\/4318\\\/#primaryimage\"},\"thumbnailUrl\":\"https:\\\/\\\/oase-gronau-losser.org\\\/de\\\/wp-content\\\/uploads\\\/sites\\\/2\\\/2020\\\/01\\\/Bild-Weihnachten-2019-207x300.jpg\",\"datePublished\":\"2020-01-04T19:35:06+00:00\",\"dateModified\":\"2020-01-04T19:38:41+00:00\",\"author\":{\"@id\":\"https:\\\/\\\/oase-gronau-losser.org\\\/de\\\/#\\\/schema\\\/person\\\/9380b6b869112d87ee8b88736ef26ab4\"},\"breadcrumb\":{\"@id\":\"https:\\\/\\\/oase-gronau-losser.org\\\/de\\\/2020\\\/4318\\\/#breadcrumb\"},\"inLanguage\":\"de\",\"potentialAction\":[{\"@type\":\"ReadAction\",\"target\":[\"https:\\\/\\\/oase-gronau-losser.org\\\/de\\\/2020\\\/4318\\\/\"]}]},{\"@type\":\"ImageObject\",\"inLanguage\":\"de\",\"@id\":\"https:\\\/\\\/oase-gronau-losser.org\\\/de\\\/2020\\\/4318\\\/#primaryimage\",\"url\":\"https:\\\/\\\/oase-gronau-losser.org\\\/de\\\/wp-content\\\/uploads\\\/sites\\\/2\\\/2020\\\/01\\\/Bild-Weihnachten-2019.jpg\",\"contentUrl\":\"https:\\\/\\\/oase-gronau-losser.org\\\/de\\\/wp-content\\\/uploads\\\/sites\\\/2\\\/2020\\\/01\\\/Bild-Weihnachten-2019.jpg\",\"width\":359,\"height\":521},{\"@type\":\"BreadcrumbList\",\"@id\":\"https:\\\/\\\/oase-gronau-losser.org\\\/de\\\/2020\\\/4318\\\/#breadcrumb\",\"itemListElement\":[{\"@type\":\"ListItem\",\"position\":1,\"name\":\"Home\",\"item\":\"https:\\\/\\\/oase-gronau-losser.org\\\/de\\\/\"},{\"@type\":\"ListItem\",\"position\":2,\"name\":\"Dreik\u00f6nigswanderung am 12.Jan. 2020\"}]},{\"@type\":\"WebSite\",\"@id\":\"https:\\\/\\\/oase-gronau-losser.org\\\/de\\\/#website\",\"url\":\"https:\\\/\\\/oase-gronau-losser.org\\\/de\\\/\",\"name\":\"\u00d6kumenischer Kirchengarten OASE\",\"description\":\"Oecumenische Kerkentuin OASE \u2013 Christenen aan de grens\",\"potentialAction\":[{\"@type\":\"SearchAction\",\"target\":{\"@type\":\"EntryPoint\",\"urlTemplate\":\"https:\\\/\\\/oase-gronau-losser.org\\\/de\\\/?s={search_term_string}\"},\"query-input\":{\"@type\":\"PropertyValueSpecification\",\"valueRequired\":true,\"valueName\":\"search_term_string\"}}],\"inLanguage\":\"de\"},{\"@type\":\"Person\",\"@id\":\"https:\\\/\\\/oase-gronau-losser.org\\\/de\\\/#\\\/schema\\\/person\\\/9380b6b869112d87ee8b88736ef26ab4\",\"name\":\"Marlies Gartmann\",\"image\":{\"@type\":\"ImageObject\",\"inLanguage\":\"de\",\"@id\":\"https:\\\/\\\/secure.gravatar.com\\\/avatar\\\/9aac36f1080be8aa4435935bb591e486d3d6a8d130803f68c707d7948b29569f?s=96&d=mm&r=g\",\"url\":\"https:\\\/\\\/secure.gravatar.com\\\/avatar\\\/9aac36f1080be8aa4435935bb591e486d3d6a8d130803f68c707d7948b29569f?s=96&d=mm&r=g\",\"contentUrl\":\"https:\\\/\\\/secure.gravatar.com\\\/avatar\\\/9aac36f1080be8aa4435935bb591e486d3d6a8d130803f68c707d7948b29569f?s=96&d=mm&r=g\",\"caption\":\"Marlies Gartmann\"},\"url\":\"https:\\\/\\\/oase-gronau-losser.org\\\/de\\\/author\\\/marlies\\\/\"}]}<\/script>\n<!-- \/ Yoast SEO plugin. -->","yoast_head_json":{"title":"Dreik\u00f6nigswanderung am 12.Jan. 2020 - \u00d6kumenischer Kirchengarten OASE","robots":{"index":"index","follow":"follow","max-snippet":"max-snippet:-1","max-image-preview":"max-image-preview:large","max-video-preview":"max-video-preview:-1"},"canonical":"https:\/\/oase-gronau-losser.org\/de\/2020\/4318\/","og_locale":"de_DE","og_type":"article","og_title":"Dreik\u00f6nigswanderung am 12.Jan. 2020 - \u00d6kumenischer Kirchengarten OASE","og_description":"Einladung zur Dreik\u00f6nigswanderung am 12. Januar 2020 Start: zwischen 14.00 Uhr und 14.30 Uhr Die Wanderung f\u00fchrt uns \u2013 wie vor zwei Jahren \u2013 durch die sch\u00f6ne und h\u00fcgelige Hoevenlandschaft vom Landgut Egherie, gelegen zwischen De Lutte und Oldenzaal. Die Wanderung dauert etwa 1 Stunde. Festes Schuhwerk ist angebracht. Der [&hellip;]","og_url":"https:\/\/oase-gronau-losser.org\/de\/2020\/4318\/","og_site_name":"\u00d6kumenischer Kirchengarten OASE","article_published_time":"2020-01-04T19:35:06+00:00","article_modified_time":"2020-01-04T19:38:41+00:00","og_image":[{"url":"https:\/\/oase-gronau-losser.org\/de\/wp-content\/uploads\/sites\/2\/2020\/01\/Bild-Weihnachten-2019-207x300.jpg","type":"","width":"","height":""}],"author":"Marlies Gartmann","twitter_card":"summary_large_image","twitter_misc":{"Verfasst von":"Marlies Gartmann","Gesch\u00e4tzte Lesezeit":"1\u00a0Minute"},"schema":{"@context":"https:\/\/schema.org","@graph":[{"@type":"Article","@id":"https:\/\/oase-gronau-losser.org\/de\/2020\/4318\/#article","isPartOf":{"@id":"https:\/\/oase-gronau-losser.org\/de\/2020\/4318\/"},"author":{"name":"Marlies Gartmann","@id":"https:\/\/oase-gronau-losser.org\/de\/#\/schema\/person\/9380b6b869112d87ee8b88736ef26ab4"},"headline":"Dreik\u00f6nigswanderung am 12.Jan. 2020","datePublished":"2020-01-04T19:35:06+00:00","dateModified":"2020-01-04T19:38:41+00:00","mainEntityOfPage":{"@id":"https:\/\/oase-gronau-losser.org\/de\/2020\/4318\/"},"wordCount":165,"image":{"@id":"https:\/\/oase-gronau-losser.org\/de\/2020\/4318\/#primaryimage"},"thumbnailUrl":"https:\/\/oase-gronau-losser.org\/de\/wp-content\/uploads\/sites\/2\/2020\/01\/Bild-Weihnachten-2019-207x300.jpg","inLanguage":"de"},{"@type":"WebPage","@id":"https:\/\/oase-gronau-losser.org\/de\/2020\/4318\/","url":"https:\/\/oase-gronau-losser.org\/de\/2020\/4318\/","name":"Dreik\u00f6nigswanderung am 12.Jan. 2020 - \u00d6kumenischer Kirchengarten OASE","isPartOf":{"@id":"https:\/\/oase-gronau-losser.org\/de\/#website"},"primaryImageOfPage":{"@id":"https:\/\/oase-gronau-losser.org\/de\/2020\/4318\/#primaryimage"},"image":{"@id":"https:\/\/oase-gronau-losser.org\/de\/2020\/4318\/#primaryimage"},"thumbnailUrl":"https:\/\/oase-gronau-losser.org\/de\/wp-content\/uploads\/sites\/2\/2020\/01\/Bild-Weihnachten-2019-207x300.jpg","datePublished":"2020-01-04T19:35:06+00:00","dateModified":"2020-01-04T19:38:41+00:00","author":{"@id":"https:\/\/oase-gronau-losser.org\/de\/#\/schema\/person\/9380b6b869112d87ee8b88736ef26ab4"},"breadcrumb":{"@id":"https:\/\/oase-gronau-losser.org\/de\/2020\/4318\/#breadcrumb"},"inLanguage":"de","potentialAction":[{"@type":"ReadAction","target":["https:\/\/oase-gronau-losser.org\/de\/2020\/4318\/"]}]},{"@type":"ImageObject","inLanguage":"de","@id":"https:\/\/oase-gronau-losser.org\/de\/2020\/4318\/#primaryimage","url":"https:\/\/oase-gronau-losser.org\/de\/wp-content\/uploads\/sites\/2\/2020\/01\/Bild-Weihnachten-2019.jpg","contentUrl":"https:\/\/oase-gronau-losser.org\/de\/wp-content\/uploads\/sites\/2\/2020\/01\/Bild-Weihnachten-2019.jpg","width":359,"height":521},{"@type":"BreadcrumbList","@id":"https:\/\/oase-gronau-losser.org\/de\/2020\/4318\/#breadcrumb","itemListElement":[{"@type":"ListItem","position":1,"name":"Home","item":"https:\/\/oase-gronau-losser.org\/de\/"},{"@type":"ListItem","position":2,"name":"Dreik\u00f6nigswanderung am 12.Jan. 2020"}]},{"@type":"WebSite","@id":"https:\/\/oase-gronau-losser.org\/de\/#website","url":"https:\/\/oase-gronau-losser.org\/de\/","name":"\u00d6kumenischer Kirchengarten OASE","description":"Oecumenische Kerkentuin OASE \u2013 Christenen aan de grens","potentialAction":[{"@type":"SearchAction","target":{"@type":"EntryPoint","urlTemplate":"https:\/\/oase-gronau-losser.org\/de\/?s={search_term_string}"},"query-input":{"@type":"PropertyValueSpecification","valueRequired":true,"valueName":"search_term_string"}}],"inLanguage":"de"},{"@type":"Person","@id":"https:\/\/oase-gronau-losser.org\/de\/#\/schema\/person\/9380b6b869112d87ee8b88736ef26ab4","name":"Marlies Gartmann","image":{"@type":"ImageObject","inLanguage":"de","@id":"https:\/\/secure.gravatar.com\/avatar\/9aac36f1080be8aa4435935bb591e486d3d6a8d130803f68c707d7948b29569f?s=96&d=mm&r=g","url":"https:\/\/secure.gravatar.com\/avatar\/9aac36f1080be8aa4435935bb591e486d3d6a8d130803f68c707d7948b29569f?s=96&d=mm&r=g","contentUrl":"https:\/\/secure.gravatar.com\/avatar\/9aac36f1080be8aa4435935bb591e486d3d6a8d130803f68c707d7948b29569f?s=96&d=mm&r=g","caption":"Marlies Gartmann"},"url":"https:\/\/oase-gronau-losser.org\/de\/author\/marlies\/"}]}},"_links":{"self":[{"href":"https:\/\/oase-gronau-losser.org\/de\/wp-json\/wp\/v2\/posts\/4318","targetHints":{"allow":["GET"]}}],"collection":[{"href":"https:\/\/oase-gronau-losser.org\/de\/wp-json\/wp\/v2\/posts"}],"about":[{"href":"https:\/\/oase-gronau-losser.org\/de\/wp-json\/wp\/v2\/types\/post"}],"author":[{"embeddable":true,"href":"https:\/\/oase-gronau-losser.org\/de\/wp-json\/wp\/v2\/users\/2"}],"replies":[{"embeddable":true,"href":"https:\/\/oase-gronau-losser.org\/de\/wp-json\/wp\/v2\/comments?post=4318"}],"version-history":[{"count":4,"href":"https:\/\/oase-gronau-losser.org\/de\/wp-json\/wp\/v2\/posts\/4318\/revisions"}],"predecessor-version":[{"id":4323,"href":"https:\/\/oase-gronau-losser.org\/de\/wp-json\/wp\/v2\/posts\/4318\/revisions\/4323"}],"wp:attachment":[{"href":"https:\/\/oase-gronau-losser.org\/de\/wp-json\/wp\/v2\/media?parent=4318"}],"wp:term":[{"taxonomy":"category","embeddable":true,"href":"https:\/\/oase-gronau-losser.org\/de\/wp-json\/wp\/v2\/categories?post=4318"},{"taxonomy":"post_tag","embeddable":true,"href":"https:\/\/oase-gronau-losser.org\/de\/wp-json\/wp\/v2\/tags?post=4318"}],"curies":[{"name":"wp","href":"https:\/\/api.w.org\/{rel}","templated":true}]}}