{"id":4297,"date":"2019-07-19T19:16:33","date_gmt":"2019-07-19T17:16:33","guid":{"rendered":"https:\/\/oase-gronau-losser.org\/de\/?p=4297"},"modified":"2019-11-13T19:16:43","modified_gmt":"2019-11-13T18:16:43","slug":"kinderspielwoche-der-oase","status":"publish","type":"post","link":"https:\/\/oase-gronau-losser.org\/de\/2019\/kinderspielwoche-der-oase\/","title":{"rendered":"Kinderspielwoche der Oase"},"content":{"rendered":"<p class=\"p1\"><strong><span class=\"s1\">vom 15.bis 19. Juli 2019<\/span><\/strong><\/p>\n<p class=\"p1\"><span class=\"s1\">Am Sonntag wurde das Gel\u00e4nde von den Eltern hergerichtet damit die Kinder am Montag\u00a0 starten konnte. Wie jedes Jahr wurden viele Aktionen angeboten. Wie sch\u00f6n dass die Oase an der Dinkel liegt. Eine Seilbahn wurde auch aufgebaut.<\/span><\/p>\n<p class=\"p1\"><span class=\"s1\">Vorher wurde Erz\u00e4hlt wie Lustig es ist ins Wasser zu fallen. In vier Gruppen wurde der jeweilige ausgedachte Gruppenname auf einem Laken gezeichnet und am Ende der Spielwoche wurde daraus\u00a0 Kissen gemacht. Der Erfolg war wundersch\u00f6n. In einem Kreis befanden sich zwei mal vier Auftr\u00e4ge.\u00a0<\/span><\/p>\n<p class=\"p2\"><span class=\"s1\">Es wurden viele interessante\u00a0 Sachen angeboten. Wasserflugzeuge basteln mit einem Motor und Batterien, Nistk\u00e4stchen und Windm\u00fchlen herstellen, faltbare Fotoalben, ein Traumf\u00e4nger und Bilder nach Mondriaan. Flaschen wurden beklebt mit Pappmschee bis daraus eine Vase enstand. Das ganze wurde mit Blumen verziert.<\/span><\/p>\n<p class=\"p2\"><span class=\"s1\">Die Kinder spielten ganz problemlos miteinander. Im Sandkasten mit einer Wasserpumpe entstanden viele neue Bauwerke. Sogar unter dem Kletterger\u00fcst wurde ein Zoo f\u00fcr Ameisen angelegt.(Filmreif).<\/span><\/p>\n<p class=\"p2\"><span class=\"s1\">Es gab Brot und Getr\u00e4nke f\u00fcr einen Zwischenimbis. Warme Mahlzeiten wurden jeden Tag in der K\u00fcche mit viel Liebe zubereitet. Obst und Naschereien\u00a0 gab es Mittags. Ein Pizzab\u00e4cker backte am Donnerstag\u00a0 hervorragende Pizzen.<\/span><\/p>\n<p class=\"p1\"><span class=\"s1\">Der Tag began und endete\u00a0jeden Tag in einem Stuhlkreis. Dieses Jahr unter dem Thema: &#8222;Danke sagen&#8220;.\u00a0<\/span><\/p>\n<p class=\"p1\"><span class=\"s1\">Die Lieder die gesungen wurden, wurden von Gitarre, Querfl\u00f6te\u00a0 und Geige begleitet. Das alles h\u00f6rte sich wunderbar an.<\/span><\/p>\n<p class=\"p1\"><span class=\"s1\">Beim spielen wurden rege soziale Kontakte gekn\u00fcpft.<\/span><\/p>\n<p class=\"p1\"><span class=\"s1\">Am letzten Tag wurden die gebastelten Gegenst\u00e4nden ausgestellt und die Kinder ernteten von den Eltern viel Lob.\u00a0<\/span><\/p>\n<p class=\"p1\"><span class=\"s1\">Die Kinder zeigten den Eltern auch gerne wie nass das Dinkelwasser war.<\/span><\/p>\n<p class=\"p1\"><span class=\"s1\">Am Ende der Spielwoche gab es ein reichhaltiges B\u00fcffet, das von den Eltern fertiggestellt wurde.<\/span><\/p>\n<p class=\"p1\"><span class=\"s1\">Gegen Abend beteiligten sich alle beim Abr\u00e4umen und Zelte abbauen. Um 20.00 Uhr war alles fertig.<\/span><\/p>\n<p class=\"p1\"><span class=\"s1\">Das Fazit war;Eine traumhafte Woche, sch\u00f6nes Wetter und eine angenehme F\u00fchrung mit zufriedenen Kindern.\u00a0<\/span><\/p>\n<p class=\"p2\"><span class=\"s1\">\u00a0<\/span><span class=\"s1\">\u00a0<\/span><\/p>\n<p class=\"p1\"><span class=\"s1\">\u00dcbersetzt von Arnoldus.<\/span><\/p>\n","protected":false},"excerpt":{"rendered":"<p>vom 15.bis 19. Juli 2019 Am Sonntag wurde das Gel\u00e4nde von den Eltern hergerichtet damit die Kinder am Montag\u00a0 starten konnte. Wie jedes Jahr wurden viele Aktionen angeboten. Wie sch\u00f6n dass die Oase an der Dinkel liegt. Eine Seilbahn wurde auch aufgebaut. Vorher wurde Erz\u00e4hlt wie Lustig es ist ins [&hellip;]<\/p>\n","protected":false},"author":1,"featured_media":0,"comment_status":"closed","ping_status":"open","sticky":false,"template":"","format":"standard","meta":{"_acf_changed":false,"footnotes":""},"categories":[1],"tags":[],"class_list":["post-4297","post","type-post","status-publish","format-standard","hentry","category-allgemein"],"acf":[],"yoast_head":"<!-- This site is optimized with the Yoast SEO plugin v27.5 - https:\/\/yoast.com\/product\/yoast-seo-wordpress\/ -->\n<title>Kinderspielwoche der Oase - \u00d6kumenischer Kirchengarten OASE<\/title>\n<meta name=\"robots\" content=\"index, follow, max-snippet:-1, max-image-preview:large, max-video-preview:-1\" \/>\n<link rel=\"canonical\" href=\"https:\/\/oase-gronau-losser.org\/de\/2019\/kinderspielwoche-der-oase\/\" \/>\n<meta property=\"og:locale\" content=\"de_DE\" \/>\n<meta property=\"og:type\" content=\"article\" \/>\n<meta property=\"og:title\" content=\"Kinderspielwoche der Oase - \u00d6kumenischer Kirchengarten OASE\" \/>\n<meta property=\"og:description\" content=\"vom 15.bis 19. Juli 2019 Am Sonntag wurde das Gel\u00e4nde von den Eltern hergerichtet damit die Kinder am Montag\u00a0 starten konnte. Wie jedes Jahr wurden viele Aktionen angeboten. Wie sch\u00f6n dass die Oase an der Dinkel liegt. Eine Seilbahn wurde auch aufgebaut. Vorher wurde Erz\u00e4hlt wie Lustig es ist ins [&hellip;]\" \/>\n<meta property=\"og:url\" content=\"https:\/\/oase-gronau-losser.org\/de\/2019\/kinderspielwoche-der-oase\/\" \/>\n<meta property=\"og:site_name\" content=\"\u00d6kumenischer Kirchengarten OASE\" \/>\n<meta property=\"article:published_time\" content=\"2019-07-19T17:16:33+00:00\" \/>\n<meta property=\"article:modified_time\" content=\"2019-11-13T18:16:43+00:00\" \/>\n<meta name=\"author\" content=\"te-online\" \/>\n<meta name=\"twitter:card\" content=\"summary_large_image\" \/>\n<meta name=\"twitter:label1\" content=\"Verfasst von\" \/>\n\t<meta name=\"twitter:data1\" content=\"te-online\" \/>\n\t<meta name=\"twitter:label2\" content=\"Gesch\u00e4tzte Lesezeit\" \/>\n\t<meta name=\"twitter:data2\" content=\"2\u00a0Minuten\" \/>\n<script type=\"application\/ld+json\" class=\"yoast-schema-graph\">{\"@context\":\"https:\\\/\\\/schema.org\",\"@graph\":[{\"@type\":\"Article\",\"@id\":\"https:\\\/\\\/oase-gronau-losser.org\\\/de\\\/2019\\\/kinderspielwoche-der-oase\\\/#article\",\"isPartOf\":{\"@id\":\"https:\\\/\\\/oase-gronau-losser.org\\\/de\\\/2019\\\/kinderspielwoche-der-oase\\\/\"},\"author\":{\"name\":\"te-online\",\"@id\":\"https:\\\/\\\/oase-gronau-losser.org\\\/de\\\/#\\\/schema\\\/person\\\/6d8d8eabb55d875999796f3bd3c77493\"},\"headline\":\"Kinderspielwoche der Oase\",\"datePublished\":\"2019-07-19T17:16:33+00:00\",\"dateModified\":\"2019-11-13T18:16:43+00:00\",\"mainEntityOfPage\":{\"@id\":\"https:\\\/\\\/oase-gronau-losser.org\\\/de\\\/2019\\\/kinderspielwoche-der-oase\\\/\"},\"wordCount\":329,\"inLanguage\":\"de\"},{\"@type\":\"WebPage\",\"@id\":\"https:\\\/\\\/oase-gronau-losser.org\\\/de\\\/2019\\\/kinderspielwoche-der-oase\\\/\",\"url\":\"https:\\\/\\\/oase-gronau-losser.org\\\/de\\\/2019\\\/kinderspielwoche-der-oase\\\/\",\"name\":\"Kinderspielwoche der Oase - \u00d6kumenischer Kirchengarten OASE\",\"isPartOf\":{\"@id\":\"https:\\\/\\\/oase-gronau-losser.org\\\/de\\\/#website\"},\"datePublished\":\"2019-07-19T17:16:33+00:00\",\"dateModified\":\"2019-11-13T18:16:43+00:00\",\"author\":{\"@id\":\"https:\\\/\\\/oase-gronau-losser.org\\\/de\\\/#\\\/schema\\\/person\\\/6d8d8eabb55d875999796f3bd3c77493\"},\"breadcrumb\":{\"@id\":\"https:\\\/\\\/oase-gronau-losser.org\\\/de\\\/2019\\\/kinderspielwoche-der-oase\\\/#breadcrumb\"},\"inLanguage\":\"de\",\"potentialAction\":[{\"@type\":\"ReadAction\",\"target\":[\"https:\\\/\\\/oase-gronau-losser.org\\\/de\\\/2019\\\/kinderspielwoche-der-oase\\\/\"]}]},{\"@type\":\"BreadcrumbList\",\"@id\":\"https:\\\/\\\/oase-gronau-losser.org\\\/de\\\/2019\\\/kinderspielwoche-der-oase\\\/#breadcrumb\",\"itemListElement\":[{\"@type\":\"ListItem\",\"position\":1,\"name\":\"Home\",\"item\":\"https:\\\/\\\/oase-gronau-losser.org\\\/de\\\/\"},{\"@type\":\"ListItem\",\"position\":2,\"name\":\"Kinderspielwoche der Oase\"}]},{\"@type\":\"WebSite\",\"@id\":\"https:\\\/\\\/oase-gronau-losser.org\\\/de\\\/#website\",\"url\":\"https:\\\/\\\/oase-gronau-losser.org\\\/de\\\/\",\"name\":\"\u00d6kumenischer Kirchengarten OASE\",\"description\":\"Oecumenische Kerkentuin OASE \u2013 Christenen aan de grens\",\"potentialAction\":[{\"@type\":\"SearchAction\",\"target\":{\"@type\":\"EntryPoint\",\"urlTemplate\":\"https:\\\/\\\/oase-gronau-losser.org\\\/de\\\/?s={search_term_string}\"},\"query-input\":{\"@type\":\"PropertyValueSpecification\",\"valueRequired\":true,\"valueName\":\"search_term_string\"}}],\"inLanguage\":\"de\"},{\"@type\":\"Person\",\"@id\":\"https:\\\/\\\/oase-gronau-losser.org\\\/de\\\/#\\\/schema\\\/person\\\/6d8d8eabb55d875999796f3bd3c77493\",\"name\":\"te-online\",\"image\":{\"@type\":\"ImageObject\",\"inLanguage\":\"de\",\"@id\":\"https:\\\/\\\/secure.gravatar.com\\\/avatar\\\/5843780f5450e62b7f15559a7c2ec410e45b8319ea58ac7f862616ac6da9e9bc?s=96&d=mm&r=g\",\"url\":\"https:\\\/\\\/secure.gravatar.com\\\/avatar\\\/5843780f5450e62b7f15559a7c2ec410e45b8319ea58ac7f862616ac6da9e9bc?s=96&d=mm&r=g\",\"contentUrl\":\"https:\\\/\\\/secure.gravatar.com\\\/avatar\\\/5843780f5450e62b7f15559a7c2ec410e45b8319ea58ac7f862616ac6da9e9bc?s=96&d=mm&r=g\",\"caption\":\"te-online\"},\"url\":\"https:\\\/\\\/oase-gronau-losser.org\\\/de\\\/author\\\/te-online\\\/\"}]}<\/script>\n<!-- \/ Yoast SEO plugin. -->","yoast_head_json":{"title":"Kinderspielwoche der Oase - \u00d6kumenischer Kirchengarten OASE","robots":{"index":"index","follow":"follow","max-snippet":"max-snippet:-1","max-image-preview":"max-image-preview:large","max-video-preview":"max-video-preview:-1"},"canonical":"https:\/\/oase-gronau-losser.org\/de\/2019\/kinderspielwoche-der-oase\/","og_locale":"de_DE","og_type":"article","og_title":"Kinderspielwoche der Oase - \u00d6kumenischer Kirchengarten OASE","og_description":"vom 15.bis 19. Juli 2019 Am Sonntag wurde das Gel\u00e4nde von den Eltern hergerichtet damit die Kinder am Montag\u00a0 starten konnte. Wie jedes Jahr wurden viele Aktionen angeboten. Wie sch\u00f6n dass die Oase an der Dinkel liegt. Eine Seilbahn wurde auch aufgebaut. Vorher wurde Erz\u00e4hlt wie Lustig es ist ins [&hellip;]","og_url":"https:\/\/oase-gronau-losser.org\/de\/2019\/kinderspielwoche-der-oase\/","og_site_name":"\u00d6kumenischer Kirchengarten OASE","article_published_time":"2019-07-19T17:16:33+00:00","article_modified_time":"2019-11-13T18:16:43+00:00","author":"te-online","twitter_card":"summary_large_image","twitter_misc":{"Verfasst von":"te-online","Gesch\u00e4tzte Lesezeit":"2\u00a0Minuten"},"schema":{"@context":"https:\/\/schema.org","@graph":[{"@type":"Article","@id":"https:\/\/oase-gronau-losser.org\/de\/2019\/kinderspielwoche-der-oase\/#article","isPartOf":{"@id":"https:\/\/oase-gronau-losser.org\/de\/2019\/kinderspielwoche-der-oase\/"},"author":{"name":"te-online","@id":"https:\/\/oase-gronau-losser.org\/de\/#\/schema\/person\/6d8d8eabb55d875999796f3bd3c77493"},"headline":"Kinderspielwoche der Oase","datePublished":"2019-07-19T17:16:33+00:00","dateModified":"2019-11-13T18:16:43+00:00","mainEntityOfPage":{"@id":"https:\/\/oase-gronau-losser.org\/de\/2019\/kinderspielwoche-der-oase\/"},"wordCount":329,"inLanguage":"de"},{"@type":"WebPage","@id":"https:\/\/oase-gronau-losser.org\/de\/2019\/kinderspielwoche-der-oase\/","url":"https:\/\/oase-gronau-losser.org\/de\/2019\/kinderspielwoche-der-oase\/","name":"Kinderspielwoche der Oase - \u00d6kumenischer Kirchengarten OASE","isPartOf":{"@id":"https:\/\/oase-gronau-losser.org\/de\/#website"},"datePublished":"2019-07-19T17:16:33+00:00","dateModified":"2019-11-13T18:16:43+00:00","author":{"@id":"https:\/\/oase-gronau-losser.org\/de\/#\/schema\/person\/6d8d8eabb55d875999796f3bd3c77493"},"breadcrumb":{"@id":"https:\/\/oase-gronau-losser.org\/de\/2019\/kinderspielwoche-der-oase\/#breadcrumb"},"inLanguage":"de","potentialAction":[{"@type":"ReadAction","target":["https:\/\/oase-gronau-losser.org\/de\/2019\/kinderspielwoche-der-oase\/"]}]},{"@type":"BreadcrumbList","@id":"https:\/\/oase-gronau-losser.org\/de\/2019\/kinderspielwoche-der-oase\/#breadcrumb","itemListElement":[{"@type":"ListItem","position":1,"name":"Home","item":"https:\/\/oase-gronau-losser.org\/de\/"},{"@type":"ListItem","position":2,"name":"Kinderspielwoche der Oase"}]},{"@type":"WebSite","@id":"https:\/\/oase-gronau-losser.org\/de\/#website","url":"https:\/\/oase-gronau-losser.org\/de\/","name":"\u00d6kumenischer Kirchengarten OASE","description":"Oecumenische Kerkentuin OASE \u2013 Christenen aan de grens","potentialAction":[{"@type":"SearchAction","target":{"@type":"EntryPoint","urlTemplate":"https:\/\/oase-gronau-losser.org\/de\/?s={search_term_string}"},"query-input":{"@type":"PropertyValueSpecification","valueRequired":true,"valueName":"search_term_string"}}],"inLanguage":"de"},{"@type":"Person","@id":"https:\/\/oase-gronau-losser.org\/de\/#\/schema\/person\/6d8d8eabb55d875999796f3bd3c77493","name":"te-online","image":{"@type":"ImageObject","inLanguage":"de","@id":"https:\/\/secure.gravatar.com\/avatar\/5843780f5450e62b7f15559a7c2ec410e45b8319ea58ac7f862616ac6da9e9bc?s=96&d=mm&r=g","url":"https:\/\/secure.gravatar.com\/avatar\/5843780f5450e62b7f15559a7c2ec410e45b8319ea58ac7f862616ac6da9e9bc?s=96&d=mm&r=g","contentUrl":"https:\/\/secure.gravatar.com\/avatar\/5843780f5450e62b7f15559a7c2ec410e45b8319ea58ac7f862616ac6da9e9bc?s=96&d=mm&r=g","caption":"te-online"},"url":"https:\/\/oase-gronau-losser.org\/de\/author\/te-online\/"}]}},"_links":{"self":[{"href":"https:\/\/oase-gronau-losser.org\/de\/wp-json\/wp\/v2\/posts\/4297","targetHints":{"allow":["GET"]}}],"collection":[{"href":"https:\/\/oase-gronau-losser.org\/de\/wp-json\/wp\/v2\/posts"}],"about":[{"href":"https:\/\/oase-gronau-losser.org\/de\/wp-json\/wp\/v2\/types\/post"}],"author":[{"embeddable":true,"href":"https:\/\/oase-gronau-losser.org\/de\/wp-json\/wp\/v2\/users\/1"}],"replies":[{"embeddable":true,"href":"https:\/\/oase-gronau-losser.org\/de\/wp-json\/wp\/v2\/comments?post=4297"}],"version-history":[{"count":1,"href":"https:\/\/oase-gronau-losser.org\/de\/wp-json\/wp\/v2\/posts\/4297\/revisions"}],"predecessor-version":[{"id":4298,"href":"https:\/\/oase-gronau-losser.org\/de\/wp-json\/wp\/v2\/posts\/4297\/revisions\/4298"}],"wp:attachment":[{"href":"https:\/\/oase-gronau-losser.org\/de\/wp-json\/wp\/v2\/media?parent=4297"}],"wp:term":[{"taxonomy":"category","embeddable":true,"href":"https:\/\/oase-gronau-losser.org\/de\/wp-json\/wp\/v2\/categories?post=4297"},{"taxonomy":"post_tag","embeddable":true,"href":"https:\/\/oase-gronau-losser.org\/de\/wp-json\/wp\/v2\/tags?post=4297"}],"curies":[{"name":"wp","href":"https:\/\/api.w.org\/{rel}","templated":true}]}}