{"id":4246,"date":"2019-08-04T11:31:18","date_gmt":"2019-08-04T09:31:18","guid":{"rendered":"https:\/\/oase-gronau-losser.org\/de\/?p=4246"},"modified":"2019-08-04T11:31:18","modified_gmt":"2019-08-04T09:31:18","slug":"oasefeuer-09-08-behinderteneinrichtung-in-bethlehem","status":"publish","type":"post","link":"https:\/\/oase-gronau-losser.org\/de\/2019\/oasefeuer-09-08-behinderteneinrichtung-in-bethlehem\/","title":{"rendered":"Oasefeuer 09.08: Behinderteneinrichtung in Bethlehem"},"content":{"rendered":"<h3>Behinderteneinrichtung in Bethlehem<\/h3>\n<p>Am Freitag 9. August findet wieder ein Oasefeuer statt.\u00a0Frau Kohlhoff berichtet \u00fcber ihre Reise nach Israel. Sie hat in Bethlehem eine Behinderteneinrichtung besucht. Pal\u00e4stin\u00e4nsische und israelische Behinderte werden dort behandelt.<\/p>\n<p>\u00c4ltere Behinderte arbeiten in verschiedenen Werkst\u00e4tten. Auch berichtet sie \u00fcber das Zusammenleben von Pal\u00e4stinensern und Israelis. Mit Bildern und einem kleinen Film wird der Bericht veranschaulicht.<\/p>\n<p>Alle sind herzlich eingeladen. Bei Brot und Wein k\u00f6nnen wir anschlie\u00dfend dar\u00fcber ins Gespr\u00e4ch kommen..<\/p>\n<p>&nbsp;<\/p>\n<p>&nbsp;<\/p>\n","protected":false},"excerpt":{"rendered":"<p>Behinderteneinrichtung in Bethlehem Am Freitag 9. August findet wieder ein Oasefeuer statt.\u00a0Frau Kohlhoff berichtet \u00fcber ihre Reise nach Israel. Sie hat in Bethlehem eine Behinderteneinrichtung besucht. Pal\u00e4stin\u00e4nsische und israelische Behinderte werden dort behandelt. \u00c4ltere Behinderte arbeiten in verschiedenen Werkst\u00e4tten. Auch berichtet sie \u00fcber das Zusammenleben von Pal\u00e4stinensern und Israelis. Mit [&hellip;]<\/p>\n","protected":false},"author":2,"featured_media":0,"comment_status":"closed","ping_status":"open","sticky":false,"template":"","format":"standard","meta":{"_acf_changed":false,"footnotes":""},"categories":[1],"tags":[],"class_list":["post-4246","post","type-post","status-publish","format-standard","hentry","category-allgemein"],"acf":[],"yoast_head":"<!-- This site is optimized with the Yoast SEO plugin v27.5 - https:\/\/yoast.com\/product\/yoast-seo-wordpress\/ -->\n<title>Oasefeuer 09.08: Behinderteneinrichtung in Bethlehem - \u00d6kumenischer Kirchengarten OASE<\/title>\n<meta name=\"robots\" content=\"index, follow, max-snippet:-1, max-image-preview:large, max-video-preview:-1\" \/>\n<link rel=\"canonical\" href=\"https:\/\/oase-gronau-losser.org\/de\/2019\/oasefeuer-09-08-behinderteneinrichtung-in-bethlehem\/\" \/>\n<meta property=\"og:locale\" content=\"de_DE\" \/>\n<meta property=\"og:type\" content=\"article\" \/>\n<meta property=\"og:title\" content=\"Oasefeuer 09.08: Behinderteneinrichtung in Bethlehem - \u00d6kumenischer Kirchengarten OASE\" \/>\n<meta property=\"og:description\" content=\"Behinderteneinrichtung in Bethlehem Am Freitag 9. August findet wieder ein Oasefeuer statt.\u00a0Frau Kohlhoff berichtet \u00fcber ihre Reise nach Israel. Sie hat in Bethlehem eine Behinderteneinrichtung besucht. Pal\u00e4stin\u00e4nsische und israelische Behinderte werden dort behandelt. \u00c4ltere Behinderte arbeiten in verschiedenen Werkst\u00e4tten. Auch berichtet sie \u00fcber das Zusammenleben von Pal\u00e4stinensern und Israelis. Mit [&hellip;]\" \/>\n<meta property=\"og:url\" content=\"https:\/\/oase-gronau-losser.org\/de\/2019\/oasefeuer-09-08-behinderteneinrichtung-in-bethlehem\/\" \/>\n<meta property=\"og:site_name\" content=\"\u00d6kumenischer Kirchengarten OASE\" \/>\n<meta property=\"article:published_time\" content=\"2019-08-04T09:31:18+00:00\" \/>\n<meta name=\"author\" content=\"Marlies Gartmann\" \/>\n<meta name=\"twitter:card\" content=\"summary_large_image\" \/>\n<meta name=\"twitter:label1\" content=\"Verfasst von\" \/>\n\t<meta name=\"twitter:data1\" content=\"Marlies Gartmann\" \/>\n<script type=\"application\/ld+json\" class=\"yoast-schema-graph\">{\"@context\":\"https:\\\/\\\/schema.org\",\"@graph\":[{\"@type\":\"Article\",\"@id\":\"https:\\\/\\\/oase-gronau-losser.org\\\/de\\\/2019\\\/oasefeuer-09-08-behinderteneinrichtung-in-bethlehem\\\/#article\",\"isPartOf\":{\"@id\":\"https:\\\/\\\/oase-gronau-losser.org\\\/de\\\/2019\\\/oasefeuer-09-08-behinderteneinrichtung-in-bethlehem\\\/\"},\"author\":{\"name\":\"Marlies Gartmann\",\"@id\":\"https:\\\/\\\/oase-gronau-losser.org\\\/de\\\/#\\\/schema\\\/person\\\/9380b6b869112d87ee8b88736ef26ab4\"},\"headline\":\"Oasefeuer 09.08: Behinderteneinrichtung in Bethlehem\",\"datePublished\":\"2019-08-04T09:31:18+00:00\",\"mainEntityOfPage\":{\"@id\":\"https:\\\/\\\/oase-gronau-losser.org\\\/de\\\/2019\\\/oasefeuer-09-08-behinderteneinrichtung-in-bethlehem\\\/\"},\"wordCount\":88,\"inLanguage\":\"de\"},{\"@type\":\"WebPage\",\"@id\":\"https:\\\/\\\/oase-gronau-losser.org\\\/de\\\/2019\\\/oasefeuer-09-08-behinderteneinrichtung-in-bethlehem\\\/\",\"url\":\"https:\\\/\\\/oase-gronau-losser.org\\\/de\\\/2019\\\/oasefeuer-09-08-behinderteneinrichtung-in-bethlehem\\\/\",\"name\":\"Oasefeuer 09.08: Behinderteneinrichtung in Bethlehem - \u00d6kumenischer Kirchengarten OASE\",\"isPartOf\":{\"@id\":\"https:\\\/\\\/oase-gronau-losser.org\\\/de\\\/#website\"},\"datePublished\":\"2019-08-04T09:31:18+00:00\",\"author\":{\"@id\":\"https:\\\/\\\/oase-gronau-losser.org\\\/de\\\/#\\\/schema\\\/person\\\/9380b6b869112d87ee8b88736ef26ab4\"},\"breadcrumb\":{\"@id\":\"https:\\\/\\\/oase-gronau-losser.org\\\/de\\\/2019\\\/oasefeuer-09-08-behinderteneinrichtung-in-bethlehem\\\/#breadcrumb\"},\"inLanguage\":\"de\",\"potentialAction\":[{\"@type\":\"ReadAction\",\"target\":[\"https:\\\/\\\/oase-gronau-losser.org\\\/de\\\/2019\\\/oasefeuer-09-08-behinderteneinrichtung-in-bethlehem\\\/\"]}]},{\"@type\":\"BreadcrumbList\",\"@id\":\"https:\\\/\\\/oase-gronau-losser.org\\\/de\\\/2019\\\/oasefeuer-09-08-behinderteneinrichtung-in-bethlehem\\\/#breadcrumb\",\"itemListElement\":[{\"@type\":\"ListItem\",\"position\":1,\"name\":\"Home\",\"item\":\"https:\\\/\\\/oase-gronau-losser.org\\\/de\\\/\"},{\"@type\":\"ListItem\",\"position\":2,\"name\":\"Oasefeuer 09.08: Behinderteneinrichtung in Bethlehem\"}]},{\"@type\":\"WebSite\",\"@id\":\"https:\\\/\\\/oase-gronau-losser.org\\\/de\\\/#website\",\"url\":\"https:\\\/\\\/oase-gronau-losser.org\\\/de\\\/\",\"name\":\"\u00d6kumenischer Kirchengarten OASE\",\"description\":\"Oecumenische Kerkentuin OASE \u2013 Christenen aan de grens\",\"potentialAction\":[{\"@type\":\"SearchAction\",\"target\":{\"@type\":\"EntryPoint\",\"urlTemplate\":\"https:\\\/\\\/oase-gronau-losser.org\\\/de\\\/?s={search_term_string}\"},\"query-input\":{\"@type\":\"PropertyValueSpecification\",\"valueRequired\":true,\"valueName\":\"search_term_string\"}}],\"inLanguage\":\"de\"},{\"@type\":\"Person\",\"@id\":\"https:\\\/\\\/oase-gronau-losser.org\\\/de\\\/#\\\/schema\\\/person\\\/9380b6b869112d87ee8b88736ef26ab4\",\"name\":\"Marlies Gartmann\",\"image\":{\"@type\":\"ImageObject\",\"inLanguage\":\"de\",\"@id\":\"https:\\\/\\\/secure.gravatar.com\\\/avatar\\\/9aac36f1080be8aa4435935bb591e486d3d6a8d130803f68c707d7948b29569f?s=96&d=mm&r=g\",\"url\":\"https:\\\/\\\/secure.gravatar.com\\\/avatar\\\/9aac36f1080be8aa4435935bb591e486d3d6a8d130803f68c707d7948b29569f?s=96&d=mm&r=g\",\"contentUrl\":\"https:\\\/\\\/secure.gravatar.com\\\/avatar\\\/9aac36f1080be8aa4435935bb591e486d3d6a8d130803f68c707d7948b29569f?s=96&d=mm&r=g\",\"caption\":\"Marlies Gartmann\"},\"url\":\"https:\\\/\\\/oase-gronau-losser.org\\\/de\\\/author\\\/marlies\\\/\"}]}<\/script>\n<!-- \/ Yoast SEO plugin. -->","yoast_head_json":{"title":"Oasefeuer 09.08: Behinderteneinrichtung in Bethlehem - \u00d6kumenischer Kirchengarten OASE","robots":{"index":"index","follow":"follow","max-snippet":"max-snippet:-1","max-image-preview":"max-image-preview:large","max-video-preview":"max-video-preview:-1"},"canonical":"https:\/\/oase-gronau-losser.org\/de\/2019\/oasefeuer-09-08-behinderteneinrichtung-in-bethlehem\/","og_locale":"de_DE","og_type":"article","og_title":"Oasefeuer 09.08: Behinderteneinrichtung in Bethlehem - \u00d6kumenischer Kirchengarten OASE","og_description":"Behinderteneinrichtung in Bethlehem Am Freitag 9. August findet wieder ein Oasefeuer statt.\u00a0Frau Kohlhoff berichtet \u00fcber ihre Reise nach Israel. Sie hat in Bethlehem eine Behinderteneinrichtung besucht. Pal\u00e4stin\u00e4nsische und israelische Behinderte werden dort behandelt. \u00c4ltere Behinderte arbeiten in verschiedenen Werkst\u00e4tten. Auch berichtet sie \u00fcber das Zusammenleben von Pal\u00e4stinensern und Israelis. Mit [&hellip;]","og_url":"https:\/\/oase-gronau-losser.org\/de\/2019\/oasefeuer-09-08-behinderteneinrichtung-in-bethlehem\/","og_site_name":"\u00d6kumenischer Kirchengarten OASE","article_published_time":"2019-08-04T09:31:18+00:00","author":"Marlies Gartmann","twitter_card":"summary_large_image","twitter_misc":{"Verfasst von":"Marlies Gartmann"},"schema":{"@context":"https:\/\/schema.org","@graph":[{"@type":"Article","@id":"https:\/\/oase-gronau-losser.org\/de\/2019\/oasefeuer-09-08-behinderteneinrichtung-in-bethlehem\/#article","isPartOf":{"@id":"https:\/\/oase-gronau-losser.org\/de\/2019\/oasefeuer-09-08-behinderteneinrichtung-in-bethlehem\/"},"author":{"name":"Marlies Gartmann","@id":"https:\/\/oase-gronau-losser.org\/de\/#\/schema\/person\/9380b6b869112d87ee8b88736ef26ab4"},"headline":"Oasefeuer 09.08: Behinderteneinrichtung in Bethlehem","datePublished":"2019-08-04T09:31:18+00:00","mainEntityOfPage":{"@id":"https:\/\/oase-gronau-losser.org\/de\/2019\/oasefeuer-09-08-behinderteneinrichtung-in-bethlehem\/"},"wordCount":88,"inLanguage":"de"},{"@type":"WebPage","@id":"https:\/\/oase-gronau-losser.org\/de\/2019\/oasefeuer-09-08-behinderteneinrichtung-in-bethlehem\/","url":"https:\/\/oase-gronau-losser.org\/de\/2019\/oasefeuer-09-08-behinderteneinrichtung-in-bethlehem\/","name":"Oasefeuer 09.08: Behinderteneinrichtung in Bethlehem - \u00d6kumenischer Kirchengarten OASE","isPartOf":{"@id":"https:\/\/oase-gronau-losser.org\/de\/#website"},"datePublished":"2019-08-04T09:31:18+00:00","author":{"@id":"https:\/\/oase-gronau-losser.org\/de\/#\/schema\/person\/9380b6b869112d87ee8b88736ef26ab4"},"breadcrumb":{"@id":"https:\/\/oase-gronau-losser.org\/de\/2019\/oasefeuer-09-08-behinderteneinrichtung-in-bethlehem\/#breadcrumb"},"inLanguage":"de","potentialAction":[{"@type":"ReadAction","target":["https:\/\/oase-gronau-losser.org\/de\/2019\/oasefeuer-09-08-behinderteneinrichtung-in-bethlehem\/"]}]},{"@type":"BreadcrumbList","@id":"https:\/\/oase-gronau-losser.org\/de\/2019\/oasefeuer-09-08-behinderteneinrichtung-in-bethlehem\/#breadcrumb","itemListElement":[{"@type":"ListItem","position":1,"name":"Home","item":"https:\/\/oase-gronau-losser.org\/de\/"},{"@type":"ListItem","position":2,"name":"Oasefeuer 09.08: Behinderteneinrichtung in Bethlehem"}]},{"@type":"WebSite","@id":"https:\/\/oase-gronau-losser.org\/de\/#website","url":"https:\/\/oase-gronau-losser.org\/de\/","name":"\u00d6kumenischer Kirchengarten OASE","description":"Oecumenische Kerkentuin OASE \u2013 Christenen aan de grens","potentialAction":[{"@type":"SearchAction","target":{"@type":"EntryPoint","urlTemplate":"https:\/\/oase-gronau-losser.org\/de\/?s={search_term_string}"},"query-input":{"@type":"PropertyValueSpecification","valueRequired":true,"valueName":"search_term_string"}}],"inLanguage":"de"},{"@type":"Person","@id":"https:\/\/oase-gronau-losser.org\/de\/#\/schema\/person\/9380b6b869112d87ee8b88736ef26ab4","name":"Marlies Gartmann","image":{"@type":"ImageObject","inLanguage":"de","@id":"https:\/\/secure.gravatar.com\/avatar\/9aac36f1080be8aa4435935bb591e486d3d6a8d130803f68c707d7948b29569f?s=96&d=mm&r=g","url":"https:\/\/secure.gravatar.com\/avatar\/9aac36f1080be8aa4435935bb591e486d3d6a8d130803f68c707d7948b29569f?s=96&d=mm&r=g","contentUrl":"https:\/\/secure.gravatar.com\/avatar\/9aac36f1080be8aa4435935bb591e486d3d6a8d130803f68c707d7948b29569f?s=96&d=mm&r=g","caption":"Marlies Gartmann"},"url":"https:\/\/oase-gronau-losser.org\/de\/author\/marlies\/"}]}},"_links":{"self":[{"href":"https:\/\/oase-gronau-losser.org\/de\/wp-json\/wp\/v2\/posts\/4246","targetHints":{"allow":["GET"]}}],"collection":[{"href":"https:\/\/oase-gronau-losser.org\/de\/wp-json\/wp\/v2\/posts"}],"about":[{"href":"https:\/\/oase-gronau-losser.org\/de\/wp-json\/wp\/v2\/types\/post"}],"author":[{"embeddable":true,"href":"https:\/\/oase-gronau-losser.org\/de\/wp-json\/wp\/v2\/users\/2"}],"replies":[{"embeddable":true,"href":"https:\/\/oase-gronau-losser.org\/de\/wp-json\/wp\/v2\/comments?post=4246"}],"version-history":[{"count":1,"href":"https:\/\/oase-gronau-losser.org\/de\/wp-json\/wp\/v2\/posts\/4246\/revisions"}],"predecessor-version":[{"id":4247,"href":"https:\/\/oase-gronau-losser.org\/de\/wp-json\/wp\/v2\/posts\/4246\/revisions\/4247"}],"wp:attachment":[{"href":"https:\/\/oase-gronau-losser.org\/de\/wp-json\/wp\/v2\/media?parent=4246"}],"wp:term":[{"taxonomy":"category","embeddable":true,"href":"https:\/\/oase-gronau-losser.org\/de\/wp-json\/wp\/v2\/categories?post=4246"},{"taxonomy":"post_tag","embeddable":true,"href":"https:\/\/oase-gronau-losser.org\/de\/wp-json\/wp\/v2\/tags?post=4246"}],"curies":[{"name":"wp","href":"https:\/\/api.w.org\/{rel}","templated":true}]}}