{"id":4188,"date":"2018-12-27T13:58:23","date_gmt":"2018-12-27T12:58:23","guid":{"rendered":"https:\/\/oase-gronau-losser.org\/de\/?p=4188"},"modified":"2019-01-14T18:58:45","modified_gmt":"2019-01-14T17:58:45","slug":"dreikoenigswanderung-am-06-januar-2019","status":"publish","type":"post","link":"https:\/\/oase-gronau-losser.org\/de\/2018\/dreikoenigswanderung-am-06-januar-2019\/","title":{"rendered":"Dreik\u00f6nigswanderung am 06. Januar 2019"},"content":{"rendered":"<h3><strong>Dreik\u00f6nigswanderung am 6. Januar\u00a0\u00a0<\/strong><\/h3>\n<p>Beginn der Wanderung zwischen 14.00 Uhr und 14.30 Uhr.<br \/>\nTreffpunkt ist das Dorfgemeinschaftshaus in Sieringhoek bei Bad Bentheim.Von Gronau f\u00e4hrt\u00a0 man in \u00a0Richtung Bad Bentheim. Kurz hinter der Abfahrt zum Kloster Bardel muss man rechts abbiegen Ri. Gildehaus\/ Sieringhoek. Etwa 500 Meter vor dem Gildehauser Berg biegt man rechts ab nach Sieringhoek. Die Stra\u00dfe \u201eIm Sieringhoek&#8220; f\u00e4hrt man etwa 3 km. Dann biegt man links ab zum Dorfgemeinschaftshaus (Hinweisschild ). Dort sind Start und Ziel der Wanderung. Im Dorfgemeinschaftshaus gibt es hinterher Krenteweggen und Kakao. Eine kleine Andacht beschlie\u00dft den Nachmittag. Da die Wege an einigen Stellen etwas matschig sind, ist es sinnvoll, festes Schuhwerk anzuziehen.<\/p>\n<p>Wer nicht mitwandern will, kann direkt im Dorfgemeinschaftshaus bleiben und sich dort mit einigen anderen treffen.\u00a0Es gibt die M\u00f6glichkeit, abgeholt zu werden. Bitte melden bei Marlies Gartmann 02565\/3453 oder georg.gartmann@web.de.<br \/>\nWir freuen uns \u00fcber jeden Teilnehmer. Das Treffen ist offen f\u00fcr alle Interessierte.<\/p>\n","protected":false},"excerpt":{"rendered":"<p>Dreik\u00f6nigswanderung am 6. Januar\u00a0\u00a0 Beginn der Wanderung zwischen 14.00 Uhr und 14.30 Uhr. Treffpunkt ist das Dorfgemeinschaftshaus in Sieringhoek bei Bad Bentheim.Von Gronau f\u00e4hrt\u00a0 man in \u00a0Richtung Bad Bentheim. Kurz hinter der Abfahrt zum Kloster Bardel muss man rechts abbiegen Ri. Gildehaus\/ Sieringhoek. Etwa 500 Meter vor dem Gildehauser Berg [&hellip;]<\/p>\n","protected":false},"author":2,"featured_media":0,"comment_status":"closed","ping_status":"open","sticky":false,"template":"","format":"standard","meta":{"_acf_changed":false,"footnotes":""},"categories":[1],"tags":[],"class_list":["post-4188","post","type-post","status-publish","format-standard","hentry","category-allgemein"],"acf":[],"yoast_head":"<!-- This site is optimized with the Yoast SEO plugin v27.5 - https:\/\/yoast.com\/product\/yoast-seo-wordpress\/ -->\n<title>Dreik\u00f6nigswanderung am 06. Januar 2019 - \u00d6kumenischer Kirchengarten OASE<\/title>\n<meta name=\"robots\" content=\"index, follow, max-snippet:-1, max-image-preview:large, max-video-preview:-1\" \/>\n<link rel=\"canonical\" href=\"https:\/\/oase-gronau-losser.org\/de\/2018\/dreikoenigswanderung-am-06-januar-2019\/\" \/>\n<meta property=\"og:locale\" content=\"de_DE\" \/>\n<meta property=\"og:type\" content=\"article\" \/>\n<meta property=\"og:title\" content=\"Dreik\u00f6nigswanderung am 06. Januar 2019 - \u00d6kumenischer Kirchengarten OASE\" \/>\n<meta property=\"og:description\" content=\"Dreik\u00f6nigswanderung am 6. Januar\u00a0\u00a0 Beginn der Wanderung zwischen 14.00 Uhr und 14.30 Uhr. Treffpunkt ist das Dorfgemeinschaftshaus in Sieringhoek bei Bad Bentheim.Von Gronau f\u00e4hrt\u00a0 man in \u00a0Richtung Bad Bentheim. Kurz hinter der Abfahrt zum Kloster Bardel muss man rechts abbiegen Ri. Gildehaus\/ Sieringhoek. Etwa 500 Meter vor dem Gildehauser Berg [&hellip;]\" \/>\n<meta property=\"og:url\" content=\"https:\/\/oase-gronau-losser.org\/de\/2018\/dreikoenigswanderung-am-06-januar-2019\/\" \/>\n<meta property=\"og:site_name\" content=\"\u00d6kumenischer Kirchengarten OASE\" \/>\n<meta property=\"article:published_time\" content=\"2018-12-27T12:58:23+00:00\" \/>\n<meta property=\"article:modified_time\" content=\"2019-01-14T17:58:45+00:00\" \/>\n<meta name=\"author\" content=\"Marlies Gartmann\" \/>\n<meta name=\"twitter:card\" content=\"summary_large_image\" \/>\n<meta name=\"twitter:label1\" content=\"Verfasst von\" \/>\n\t<meta name=\"twitter:data1\" content=\"Marlies Gartmann\" \/>\n\t<meta name=\"twitter:label2\" content=\"Gesch\u00e4tzte Lesezeit\" \/>\n\t<meta name=\"twitter:data2\" content=\"1\u00a0Minute\" \/>\n<script type=\"application\/ld+json\" class=\"yoast-schema-graph\">{\"@context\":\"https:\\\/\\\/schema.org\",\"@graph\":[{\"@type\":\"Article\",\"@id\":\"https:\\\/\\\/oase-gronau-losser.org\\\/de\\\/2018\\\/dreikoenigswanderung-am-06-januar-2019\\\/#article\",\"isPartOf\":{\"@id\":\"https:\\\/\\\/oase-gronau-losser.org\\\/de\\\/2018\\\/dreikoenigswanderung-am-06-januar-2019\\\/\"},\"author\":{\"name\":\"Marlies Gartmann\",\"@id\":\"https:\\\/\\\/oase-gronau-losser.org\\\/de\\\/#\\\/schema\\\/person\\\/9380b6b869112d87ee8b88736ef26ab4\"},\"headline\":\"Dreik\u00f6nigswanderung am 06. Januar 2019\",\"datePublished\":\"2018-12-27T12:58:23+00:00\",\"dateModified\":\"2019-01-14T17:58:45+00:00\",\"mainEntityOfPage\":{\"@id\":\"https:\\\/\\\/oase-gronau-losser.org\\\/de\\\/2018\\\/dreikoenigswanderung-am-06-januar-2019\\\/\"},\"wordCount\":162,\"inLanguage\":\"de\"},{\"@type\":\"WebPage\",\"@id\":\"https:\\\/\\\/oase-gronau-losser.org\\\/de\\\/2018\\\/dreikoenigswanderung-am-06-januar-2019\\\/\",\"url\":\"https:\\\/\\\/oase-gronau-losser.org\\\/de\\\/2018\\\/dreikoenigswanderung-am-06-januar-2019\\\/\",\"name\":\"Dreik\u00f6nigswanderung am 06. Januar 2019 - \u00d6kumenischer Kirchengarten OASE\",\"isPartOf\":{\"@id\":\"https:\\\/\\\/oase-gronau-losser.org\\\/de\\\/#website\"},\"datePublished\":\"2018-12-27T12:58:23+00:00\",\"dateModified\":\"2019-01-14T17:58:45+00:00\",\"author\":{\"@id\":\"https:\\\/\\\/oase-gronau-losser.org\\\/de\\\/#\\\/schema\\\/person\\\/9380b6b869112d87ee8b88736ef26ab4\"},\"breadcrumb\":{\"@id\":\"https:\\\/\\\/oase-gronau-losser.org\\\/de\\\/2018\\\/dreikoenigswanderung-am-06-januar-2019\\\/#breadcrumb\"},\"inLanguage\":\"de\",\"potentialAction\":[{\"@type\":\"ReadAction\",\"target\":[\"https:\\\/\\\/oase-gronau-losser.org\\\/de\\\/2018\\\/dreikoenigswanderung-am-06-januar-2019\\\/\"]}]},{\"@type\":\"BreadcrumbList\",\"@id\":\"https:\\\/\\\/oase-gronau-losser.org\\\/de\\\/2018\\\/dreikoenigswanderung-am-06-januar-2019\\\/#breadcrumb\",\"itemListElement\":[{\"@type\":\"ListItem\",\"position\":1,\"name\":\"Home\",\"item\":\"https:\\\/\\\/oase-gronau-losser.org\\\/de\\\/\"},{\"@type\":\"ListItem\",\"position\":2,\"name\":\"Dreik\u00f6nigswanderung am 06. Januar 2019\"}]},{\"@type\":\"WebSite\",\"@id\":\"https:\\\/\\\/oase-gronau-losser.org\\\/de\\\/#website\",\"url\":\"https:\\\/\\\/oase-gronau-losser.org\\\/de\\\/\",\"name\":\"\u00d6kumenischer Kirchengarten OASE\",\"description\":\"Oecumenische Kerkentuin OASE \u2013 Christenen aan de grens\",\"potentialAction\":[{\"@type\":\"SearchAction\",\"target\":{\"@type\":\"EntryPoint\",\"urlTemplate\":\"https:\\\/\\\/oase-gronau-losser.org\\\/de\\\/?s={search_term_string}\"},\"query-input\":{\"@type\":\"PropertyValueSpecification\",\"valueRequired\":true,\"valueName\":\"search_term_string\"}}],\"inLanguage\":\"de\"},{\"@type\":\"Person\",\"@id\":\"https:\\\/\\\/oase-gronau-losser.org\\\/de\\\/#\\\/schema\\\/person\\\/9380b6b869112d87ee8b88736ef26ab4\",\"name\":\"Marlies Gartmann\",\"image\":{\"@type\":\"ImageObject\",\"inLanguage\":\"de\",\"@id\":\"https:\\\/\\\/secure.gravatar.com\\\/avatar\\\/9aac36f1080be8aa4435935bb591e486d3d6a8d130803f68c707d7948b29569f?s=96&d=mm&r=g\",\"url\":\"https:\\\/\\\/secure.gravatar.com\\\/avatar\\\/9aac36f1080be8aa4435935bb591e486d3d6a8d130803f68c707d7948b29569f?s=96&d=mm&r=g\",\"contentUrl\":\"https:\\\/\\\/secure.gravatar.com\\\/avatar\\\/9aac36f1080be8aa4435935bb591e486d3d6a8d130803f68c707d7948b29569f?s=96&d=mm&r=g\",\"caption\":\"Marlies Gartmann\"},\"url\":\"https:\\\/\\\/oase-gronau-losser.org\\\/de\\\/author\\\/marlies\\\/\"}]}<\/script>\n<!-- \/ Yoast SEO plugin. -->","yoast_head_json":{"title":"Dreik\u00f6nigswanderung am 06. Januar 2019 - \u00d6kumenischer Kirchengarten OASE","robots":{"index":"index","follow":"follow","max-snippet":"max-snippet:-1","max-image-preview":"max-image-preview:large","max-video-preview":"max-video-preview:-1"},"canonical":"https:\/\/oase-gronau-losser.org\/de\/2018\/dreikoenigswanderung-am-06-januar-2019\/","og_locale":"de_DE","og_type":"article","og_title":"Dreik\u00f6nigswanderung am 06. Januar 2019 - \u00d6kumenischer Kirchengarten OASE","og_description":"Dreik\u00f6nigswanderung am 6. Januar\u00a0\u00a0 Beginn der Wanderung zwischen 14.00 Uhr und 14.30 Uhr. Treffpunkt ist das Dorfgemeinschaftshaus in Sieringhoek bei Bad Bentheim.Von Gronau f\u00e4hrt\u00a0 man in \u00a0Richtung Bad Bentheim. Kurz hinter der Abfahrt zum Kloster Bardel muss man rechts abbiegen Ri. Gildehaus\/ Sieringhoek. Etwa 500 Meter vor dem Gildehauser Berg [&hellip;]","og_url":"https:\/\/oase-gronau-losser.org\/de\/2018\/dreikoenigswanderung-am-06-januar-2019\/","og_site_name":"\u00d6kumenischer Kirchengarten OASE","article_published_time":"2018-12-27T12:58:23+00:00","article_modified_time":"2019-01-14T17:58:45+00:00","author":"Marlies Gartmann","twitter_card":"summary_large_image","twitter_misc":{"Verfasst von":"Marlies Gartmann","Gesch\u00e4tzte Lesezeit":"1\u00a0Minute"},"schema":{"@context":"https:\/\/schema.org","@graph":[{"@type":"Article","@id":"https:\/\/oase-gronau-losser.org\/de\/2018\/dreikoenigswanderung-am-06-januar-2019\/#article","isPartOf":{"@id":"https:\/\/oase-gronau-losser.org\/de\/2018\/dreikoenigswanderung-am-06-januar-2019\/"},"author":{"name":"Marlies Gartmann","@id":"https:\/\/oase-gronau-losser.org\/de\/#\/schema\/person\/9380b6b869112d87ee8b88736ef26ab4"},"headline":"Dreik\u00f6nigswanderung am 06. Januar 2019","datePublished":"2018-12-27T12:58:23+00:00","dateModified":"2019-01-14T17:58:45+00:00","mainEntityOfPage":{"@id":"https:\/\/oase-gronau-losser.org\/de\/2018\/dreikoenigswanderung-am-06-januar-2019\/"},"wordCount":162,"inLanguage":"de"},{"@type":"WebPage","@id":"https:\/\/oase-gronau-losser.org\/de\/2018\/dreikoenigswanderung-am-06-januar-2019\/","url":"https:\/\/oase-gronau-losser.org\/de\/2018\/dreikoenigswanderung-am-06-januar-2019\/","name":"Dreik\u00f6nigswanderung am 06. Januar 2019 - \u00d6kumenischer Kirchengarten OASE","isPartOf":{"@id":"https:\/\/oase-gronau-losser.org\/de\/#website"},"datePublished":"2018-12-27T12:58:23+00:00","dateModified":"2019-01-14T17:58:45+00:00","author":{"@id":"https:\/\/oase-gronau-losser.org\/de\/#\/schema\/person\/9380b6b869112d87ee8b88736ef26ab4"},"breadcrumb":{"@id":"https:\/\/oase-gronau-losser.org\/de\/2018\/dreikoenigswanderung-am-06-januar-2019\/#breadcrumb"},"inLanguage":"de","potentialAction":[{"@type":"ReadAction","target":["https:\/\/oase-gronau-losser.org\/de\/2018\/dreikoenigswanderung-am-06-januar-2019\/"]}]},{"@type":"BreadcrumbList","@id":"https:\/\/oase-gronau-losser.org\/de\/2018\/dreikoenigswanderung-am-06-januar-2019\/#breadcrumb","itemListElement":[{"@type":"ListItem","position":1,"name":"Home","item":"https:\/\/oase-gronau-losser.org\/de\/"},{"@type":"ListItem","position":2,"name":"Dreik\u00f6nigswanderung am 06. Januar 2019"}]},{"@type":"WebSite","@id":"https:\/\/oase-gronau-losser.org\/de\/#website","url":"https:\/\/oase-gronau-losser.org\/de\/","name":"\u00d6kumenischer Kirchengarten OASE","description":"Oecumenische Kerkentuin OASE \u2013 Christenen aan de grens","potentialAction":[{"@type":"SearchAction","target":{"@type":"EntryPoint","urlTemplate":"https:\/\/oase-gronau-losser.org\/de\/?s={search_term_string}"},"query-input":{"@type":"PropertyValueSpecification","valueRequired":true,"valueName":"search_term_string"}}],"inLanguage":"de"},{"@type":"Person","@id":"https:\/\/oase-gronau-losser.org\/de\/#\/schema\/person\/9380b6b869112d87ee8b88736ef26ab4","name":"Marlies Gartmann","image":{"@type":"ImageObject","inLanguage":"de","@id":"https:\/\/secure.gravatar.com\/avatar\/9aac36f1080be8aa4435935bb591e486d3d6a8d130803f68c707d7948b29569f?s=96&d=mm&r=g","url":"https:\/\/secure.gravatar.com\/avatar\/9aac36f1080be8aa4435935bb591e486d3d6a8d130803f68c707d7948b29569f?s=96&d=mm&r=g","contentUrl":"https:\/\/secure.gravatar.com\/avatar\/9aac36f1080be8aa4435935bb591e486d3d6a8d130803f68c707d7948b29569f?s=96&d=mm&r=g","caption":"Marlies Gartmann"},"url":"https:\/\/oase-gronau-losser.org\/de\/author\/marlies\/"}]}},"_links":{"self":[{"href":"https:\/\/oase-gronau-losser.org\/de\/wp-json\/wp\/v2\/posts\/4188","targetHints":{"allow":["GET"]}}],"collection":[{"href":"https:\/\/oase-gronau-losser.org\/de\/wp-json\/wp\/v2\/posts"}],"about":[{"href":"https:\/\/oase-gronau-losser.org\/de\/wp-json\/wp\/v2\/types\/post"}],"author":[{"embeddable":true,"href":"https:\/\/oase-gronau-losser.org\/de\/wp-json\/wp\/v2\/users\/2"}],"replies":[{"embeddable":true,"href":"https:\/\/oase-gronau-losser.org\/de\/wp-json\/wp\/v2\/comments?post=4188"}],"version-history":[{"count":3,"href":"https:\/\/oase-gronau-losser.org\/de\/wp-json\/wp\/v2\/posts\/4188\/revisions"}],"predecessor-version":[{"id":4193,"href":"https:\/\/oase-gronau-losser.org\/de\/wp-json\/wp\/v2\/posts\/4188\/revisions\/4193"}],"wp:attachment":[{"href":"https:\/\/oase-gronau-losser.org\/de\/wp-json\/wp\/v2\/media?parent=4188"}],"wp:term":[{"taxonomy":"category","embeddable":true,"href":"https:\/\/oase-gronau-losser.org\/de\/wp-json\/wp\/v2\/categories?post=4188"},{"taxonomy":"post_tag","embeddable":true,"href":"https:\/\/oase-gronau-losser.org\/de\/wp-json\/wp\/v2\/tags?post=4188"}],"curies":[{"name":"wp","href":"https:\/\/api.w.org\/{rel}","templated":true}]}}