{"id":4114,"date":"2018-05-31T09:26:53","date_gmt":"2018-05-31T07:26:53","guid":{"rendered":"https:\/\/oase-gronau-losser.org\/de\/?p=4114"},"modified":"2018-05-31T09:30:45","modified_gmt":"2018-05-31T07:30:45","slug":"oasefeuer-am-1-juni-thema-welterschoepfungstag","status":"publish","type":"post","link":"https:\/\/oase-gronau-losser.org\/de\/2018\/oasefeuer-am-1-juni-thema-welterschoepfungstag\/","title":{"rendered":"Oasefeuer am 1. Juni um 19.00 Uhr   Thema: \u201eWeltersch\u00f6pfungstag\u201c"},"content":{"rendered":"<p>SIE sind herzlich eingeladen: am 01.06.2018 um 19 Uhr auf der Oase in Gronau, am Ende der Dinkelstra\u00dfe links,<\/p>\n<p>widmen wir uns dem Thema \u201eWeltersch\u00f6pfungstag\u201c. Welt ersch\u00f6pft? Wir haben doch alles! Warum unser Lebensstil zur Zeit trotzdem noch funktioniert, welche globalen Auswirkungen er hat und ob dies tats\u00e4chlich eine Entwicklung ist, die wir uns weltweit w\u00fcnschen er\u00f6rtert der Vortrag von Britta Siepmann, Referentin f\u00fcr nachhaltige Entwicklung. Anschlie\u00dfend diskutieren wir L\u00f6sungsans\u00e4tze und individuelle Handlungsoptionen. Dabei sprechen wir auch das Problem der Fl\u00fcchtlinge an. Wie f\u00fchlen sie sich hier im fremden Land? Was hat das Thema mit Fl\u00fcchtlingen zu tun?<\/p>\n","protected":false},"excerpt":{"rendered":"<p>SIE sind herzlich eingeladen: am 01.06.2018 um 19 Uhr auf der Oase in Gronau, am Ende der Dinkelstra\u00dfe links, widmen wir uns dem Thema \u201eWeltersch\u00f6pfungstag\u201c. Welt ersch\u00f6pft? Wir haben doch alles! Warum unser Lebensstil zur Zeit trotzdem noch funktioniert, welche globalen Auswirkungen er hat und ob dies tats\u00e4chlich eine Entwicklung [&hellip;]<\/p>\n","protected":false},"author":2,"featured_media":0,"comment_status":"closed","ping_status":"open","sticky":false,"template":"","format":"standard","meta":{"_acf_changed":false,"footnotes":""},"categories":[1],"tags":[],"class_list":["post-4114","post","type-post","status-publish","format-standard","hentry","category-allgemein"],"acf":[],"yoast_head":"<!-- This site is optimized with the Yoast SEO plugin v27.5 - https:\/\/yoast.com\/product\/yoast-seo-wordpress\/ -->\n<title>Oasefeuer am 1. Juni um 19.00 Uhr  Thema: \u201eWeltersch\u00f6pfungstag\u201c - \u00d6kumenischer Kirchengarten OASE<\/title>\n<meta name=\"robots\" content=\"index, follow, max-snippet:-1, max-image-preview:large, max-video-preview:-1\" \/>\n<link rel=\"canonical\" href=\"https:\/\/oase-gronau-losser.org\/de\/2018\/oasefeuer-am-1-juni-thema-welterschoepfungstag\/\" \/>\n<meta property=\"og:locale\" content=\"de_DE\" \/>\n<meta property=\"og:type\" content=\"article\" \/>\n<meta property=\"og:title\" content=\"Oasefeuer am 1. Juni um 19.00 Uhr  Thema: \u201eWeltersch\u00f6pfungstag\u201c - \u00d6kumenischer Kirchengarten OASE\" \/>\n<meta property=\"og:description\" content=\"SIE sind herzlich eingeladen: am 01.06.2018 um 19 Uhr auf der Oase in Gronau, am Ende der Dinkelstra\u00dfe links, widmen wir uns dem Thema \u201eWeltersch\u00f6pfungstag\u201c. Welt ersch\u00f6pft? Wir haben doch alles! Warum unser Lebensstil zur Zeit trotzdem noch funktioniert, welche globalen Auswirkungen er hat und ob dies tats\u00e4chlich eine Entwicklung [&hellip;]\" \/>\n<meta property=\"og:url\" content=\"https:\/\/oase-gronau-losser.org\/de\/2018\/oasefeuer-am-1-juni-thema-welterschoepfungstag\/\" \/>\n<meta property=\"og:site_name\" content=\"\u00d6kumenischer Kirchengarten OASE\" \/>\n<meta property=\"article:published_time\" content=\"2018-05-31T07:26:53+00:00\" \/>\n<meta property=\"article:modified_time\" content=\"2018-05-31T07:30:45+00:00\" \/>\n<meta name=\"author\" content=\"Marlies Gartmann\" \/>\n<meta name=\"twitter:card\" content=\"summary_large_image\" \/>\n<meta name=\"twitter:label1\" content=\"Verfasst von\" \/>\n\t<meta name=\"twitter:data1\" content=\"Marlies Gartmann\" \/>\n\t<meta name=\"twitter:label2\" content=\"Gesch\u00e4tzte Lesezeit\" \/>\n\t<meta name=\"twitter:data2\" content=\"1\u00a0Minute\" \/>\n<script type=\"application\/ld+json\" class=\"yoast-schema-graph\">{\"@context\":\"https:\\\/\\\/schema.org\",\"@graph\":[{\"@type\":\"Article\",\"@id\":\"https:\\\/\\\/oase-gronau-losser.org\\\/de\\\/2018\\\/oasefeuer-am-1-juni-thema-welterschoepfungstag\\\/#article\",\"isPartOf\":{\"@id\":\"https:\\\/\\\/oase-gronau-losser.org\\\/de\\\/2018\\\/oasefeuer-am-1-juni-thema-welterschoepfungstag\\\/\"},\"author\":{\"name\":\"Marlies Gartmann\",\"@id\":\"https:\\\/\\\/oase-gronau-losser.org\\\/de\\\/#\\\/schema\\\/person\\\/9380b6b869112d87ee8b88736ef26ab4\"},\"headline\":\"Oasefeuer am 1. Juni um 19.00 Uhr Thema: \u201eWeltersch\u00f6pfungstag\u201c\",\"datePublished\":\"2018-05-31T07:26:53+00:00\",\"dateModified\":\"2018-05-31T07:30:45+00:00\",\"mainEntityOfPage\":{\"@id\":\"https:\\\/\\\/oase-gronau-losser.org\\\/de\\\/2018\\\/oasefeuer-am-1-juni-thema-welterschoepfungstag\\\/\"},\"wordCount\":117,\"inLanguage\":\"de\"},{\"@type\":\"WebPage\",\"@id\":\"https:\\\/\\\/oase-gronau-losser.org\\\/de\\\/2018\\\/oasefeuer-am-1-juni-thema-welterschoepfungstag\\\/\",\"url\":\"https:\\\/\\\/oase-gronau-losser.org\\\/de\\\/2018\\\/oasefeuer-am-1-juni-thema-welterschoepfungstag\\\/\",\"name\":\"Oasefeuer am 1. Juni um 19.00 Uhr Thema: \u201eWeltersch\u00f6pfungstag\u201c - \u00d6kumenischer Kirchengarten OASE\",\"isPartOf\":{\"@id\":\"https:\\\/\\\/oase-gronau-losser.org\\\/de\\\/#website\"},\"datePublished\":\"2018-05-31T07:26:53+00:00\",\"dateModified\":\"2018-05-31T07:30:45+00:00\",\"author\":{\"@id\":\"https:\\\/\\\/oase-gronau-losser.org\\\/de\\\/#\\\/schema\\\/person\\\/9380b6b869112d87ee8b88736ef26ab4\"},\"breadcrumb\":{\"@id\":\"https:\\\/\\\/oase-gronau-losser.org\\\/de\\\/2018\\\/oasefeuer-am-1-juni-thema-welterschoepfungstag\\\/#breadcrumb\"},\"inLanguage\":\"de\",\"potentialAction\":[{\"@type\":\"ReadAction\",\"target\":[\"https:\\\/\\\/oase-gronau-losser.org\\\/de\\\/2018\\\/oasefeuer-am-1-juni-thema-welterschoepfungstag\\\/\"]}]},{\"@type\":\"BreadcrumbList\",\"@id\":\"https:\\\/\\\/oase-gronau-losser.org\\\/de\\\/2018\\\/oasefeuer-am-1-juni-thema-welterschoepfungstag\\\/#breadcrumb\",\"itemListElement\":[{\"@type\":\"ListItem\",\"position\":1,\"name\":\"Home\",\"item\":\"https:\\\/\\\/oase-gronau-losser.org\\\/de\\\/\"},{\"@type\":\"ListItem\",\"position\":2,\"name\":\"Oasefeuer am 1. Juni um 19.00 Uhr Thema: \u201eWeltersch\u00f6pfungstag\u201c\"}]},{\"@type\":\"WebSite\",\"@id\":\"https:\\\/\\\/oase-gronau-losser.org\\\/de\\\/#website\",\"url\":\"https:\\\/\\\/oase-gronau-losser.org\\\/de\\\/\",\"name\":\"\u00d6kumenischer Kirchengarten OASE\",\"description\":\"Oecumenische Kerkentuin OASE \u2013 Christenen aan de grens\",\"potentialAction\":[{\"@type\":\"SearchAction\",\"target\":{\"@type\":\"EntryPoint\",\"urlTemplate\":\"https:\\\/\\\/oase-gronau-losser.org\\\/de\\\/?s={search_term_string}\"},\"query-input\":{\"@type\":\"PropertyValueSpecification\",\"valueRequired\":true,\"valueName\":\"search_term_string\"}}],\"inLanguage\":\"de\"},{\"@type\":\"Person\",\"@id\":\"https:\\\/\\\/oase-gronau-losser.org\\\/de\\\/#\\\/schema\\\/person\\\/9380b6b869112d87ee8b88736ef26ab4\",\"name\":\"Marlies Gartmann\",\"image\":{\"@type\":\"ImageObject\",\"inLanguage\":\"de\",\"@id\":\"https:\\\/\\\/secure.gravatar.com\\\/avatar\\\/9aac36f1080be8aa4435935bb591e486d3d6a8d130803f68c707d7948b29569f?s=96&d=mm&r=g\",\"url\":\"https:\\\/\\\/secure.gravatar.com\\\/avatar\\\/9aac36f1080be8aa4435935bb591e486d3d6a8d130803f68c707d7948b29569f?s=96&d=mm&r=g\",\"contentUrl\":\"https:\\\/\\\/secure.gravatar.com\\\/avatar\\\/9aac36f1080be8aa4435935bb591e486d3d6a8d130803f68c707d7948b29569f?s=96&d=mm&r=g\",\"caption\":\"Marlies Gartmann\"},\"url\":\"https:\\\/\\\/oase-gronau-losser.org\\\/de\\\/author\\\/marlies\\\/\"}]}<\/script>\n<!-- \/ Yoast SEO plugin. -->","yoast_head_json":{"title":"Oasefeuer am 1. Juni um 19.00 Uhr  Thema: \u201eWeltersch\u00f6pfungstag\u201c - \u00d6kumenischer Kirchengarten OASE","robots":{"index":"index","follow":"follow","max-snippet":"max-snippet:-1","max-image-preview":"max-image-preview:large","max-video-preview":"max-video-preview:-1"},"canonical":"https:\/\/oase-gronau-losser.org\/de\/2018\/oasefeuer-am-1-juni-thema-welterschoepfungstag\/","og_locale":"de_DE","og_type":"article","og_title":"Oasefeuer am 1. Juni um 19.00 Uhr  Thema: \u201eWeltersch\u00f6pfungstag\u201c - \u00d6kumenischer Kirchengarten OASE","og_description":"SIE sind herzlich eingeladen: am 01.06.2018 um 19 Uhr auf der Oase in Gronau, am Ende der Dinkelstra\u00dfe links, widmen wir uns dem Thema \u201eWeltersch\u00f6pfungstag\u201c. Welt ersch\u00f6pft? Wir haben doch alles! Warum unser Lebensstil zur Zeit trotzdem noch funktioniert, welche globalen Auswirkungen er hat und ob dies tats\u00e4chlich eine Entwicklung [&hellip;]","og_url":"https:\/\/oase-gronau-losser.org\/de\/2018\/oasefeuer-am-1-juni-thema-welterschoepfungstag\/","og_site_name":"\u00d6kumenischer Kirchengarten OASE","article_published_time":"2018-05-31T07:26:53+00:00","article_modified_time":"2018-05-31T07:30:45+00:00","author":"Marlies Gartmann","twitter_card":"summary_large_image","twitter_misc":{"Verfasst von":"Marlies Gartmann","Gesch\u00e4tzte Lesezeit":"1\u00a0Minute"},"schema":{"@context":"https:\/\/schema.org","@graph":[{"@type":"Article","@id":"https:\/\/oase-gronau-losser.org\/de\/2018\/oasefeuer-am-1-juni-thema-welterschoepfungstag\/#article","isPartOf":{"@id":"https:\/\/oase-gronau-losser.org\/de\/2018\/oasefeuer-am-1-juni-thema-welterschoepfungstag\/"},"author":{"name":"Marlies Gartmann","@id":"https:\/\/oase-gronau-losser.org\/de\/#\/schema\/person\/9380b6b869112d87ee8b88736ef26ab4"},"headline":"Oasefeuer am 1. Juni um 19.00 Uhr Thema: \u201eWeltersch\u00f6pfungstag\u201c","datePublished":"2018-05-31T07:26:53+00:00","dateModified":"2018-05-31T07:30:45+00:00","mainEntityOfPage":{"@id":"https:\/\/oase-gronau-losser.org\/de\/2018\/oasefeuer-am-1-juni-thema-welterschoepfungstag\/"},"wordCount":117,"inLanguage":"de"},{"@type":"WebPage","@id":"https:\/\/oase-gronau-losser.org\/de\/2018\/oasefeuer-am-1-juni-thema-welterschoepfungstag\/","url":"https:\/\/oase-gronau-losser.org\/de\/2018\/oasefeuer-am-1-juni-thema-welterschoepfungstag\/","name":"Oasefeuer am 1. Juni um 19.00 Uhr Thema: \u201eWeltersch\u00f6pfungstag\u201c - \u00d6kumenischer Kirchengarten OASE","isPartOf":{"@id":"https:\/\/oase-gronau-losser.org\/de\/#website"},"datePublished":"2018-05-31T07:26:53+00:00","dateModified":"2018-05-31T07:30:45+00:00","author":{"@id":"https:\/\/oase-gronau-losser.org\/de\/#\/schema\/person\/9380b6b869112d87ee8b88736ef26ab4"},"breadcrumb":{"@id":"https:\/\/oase-gronau-losser.org\/de\/2018\/oasefeuer-am-1-juni-thema-welterschoepfungstag\/#breadcrumb"},"inLanguage":"de","potentialAction":[{"@type":"ReadAction","target":["https:\/\/oase-gronau-losser.org\/de\/2018\/oasefeuer-am-1-juni-thema-welterschoepfungstag\/"]}]},{"@type":"BreadcrumbList","@id":"https:\/\/oase-gronau-losser.org\/de\/2018\/oasefeuer-am-1-juni-thema-welterschoepfungstag\/#breadcrumb","itemListElement":[{"@type":"ListItem","position":1,"name":"Home","item":"https:\/\/oase-gronau-losser.org\/de\/"},{"@type":"ListItem","position":2,"name":"Oasefeuer am 1. Juni um 19.00 Uhr Thema: \u201eWeltersch\u00f6pfungstag\u201c"}]},{"@type":"WebSite","@id":"https:\/\/oase-gronau-losser.org\/de\/#website","url":"https:\/\/oase-gronau-losser.org\/de\/","name":"\u00d6kumenischer Kirchengarten OASE","description":"Oecumenische Kerkentuin OASE \u2013 Christenen aan de grens","potentialAction":[{"@type":"SearchAction","target":{"@type":"EntryPoint","urlTemplate":"https:\/\/oase-gronau-losser.org\/de\/?s={search_term_string}"},"query-input":{"@type":"PropertyValueSpecification","valueRequired":true,"valueName":"search_term_string"}}],"inLanguage":"de"},{"@type":"Person","@id":"https:\/\/oase-gronau-losser.org\/de\/#\/schema\/person\/9380b6b869112d87ee8b88736ef26ab4","name":"Marlies Gartmann","image":{"@type":"ImageObject","inLanguage":"de","@id":"https:\/\/secure.gravatar.com\/avatar\/9aac36f1080be8aa4435935bb591e486d3d6a8d130803f68c707d7948b29569f?s=96&d=mm&r=g","url":"https:\/\/secure.gravatar.com\/avatar\/9aac36f1080be8aa4435935bb591e486d3d6a8d130803f68c707d7948b29569f?s=96&d=mm&r=g","contentUrl":"https:\/\/secure.gravatar.com\/avatar\/9aac36f1080be8aa4435935bb591e486d3d6a8d130803f68c707d7948b29569f?s=96&d=mm&r=g","caption":"Marlies Gartmann"},"url":"https:\/\/oase-gronau-losser.org\/de\/author\/marlies\/"}]}},"_links":{"self":[{"href":"https:\/\/oase-gronau-losser.org\/de\/wp-json\/wp\/v2\/posts\/4114","targetHints":{"allow":["GET"]}}],"collection":[{"href":"https:\/\/oase-gronau-losser.org\/de\/wp-json\/wp\/v2\/posts"}],"about":[{"href":"https:\/\/oase-gronau-losser.org\/de\/wp-json\/wp\/v2\/types\/post"}],"author":[{"embeddable":true,"href":"https:\/\/oase-gronau-losser.org\/de\/wp-json\/wp\/v2\/users\/2"}],"replies":[{"embeddable":true,"href":"https:\/\/oase-gronau-losser.org\/de\/wp-json\/wp\/v2\/comments?post=4114"}],"version-history":[{"count":2,"href":"https:\/\/oase-gronau-losser.org\/de\/wp-json\/wp\/v2\/posts\/4114\/revisions"}],"predecessor-version":[{"id":4119,"href":"https:\/\/oase-gronau-losser.org\/de\/wp-json\/wp\/v2\/posts\/4114\/revisions\/4119"}],"wp:attachment":[{"href":"https:\/\/oase-gronau-losser.org\/de\/wp-json\/wp\/v2\/media?parent=4114"}],"wp:term":[{"taxonomy":"category","embeddable":true,"href":"https:\/\/oase-gronau-losser.org\/de\/wp-json\/wp\/v2\/categories?post=4114"},{"taxonomy":"post_tag","embeddable":true,"href":"https:\/\/oase-gronau-losser.org\/de\/wp-json\/wp\/v2\/tags?post=4114"}],"curies":[{"name":"wp","href":"https:\/\/api.w.org\/{rel}","templated":true}]}}