{"id":4098,"date":"2018-05-02T08:49:37","date_gmt":"2018-05-02T06:49:37","guid":{"rendered":"https:\/\/oase-gronau-losser.org\/de\/?p=4098"},"modified":"2018-05-15T16:17:13","modified_gmt":"2018-05-15T14:17:13","slug":"oasefeuer-freitag-04-mai","status":"publish","type":"post","link":"https:\/\/oase-gronau-losser.org\/de\/2018\/oasefeuer-freitag-04-mai\/","title":{"rendered":"Oasefeuer am Freitag, 18.05. um 19.00 Uhr \u00fcber alte Zinnger\u00e4te"},"content":{"rendered":"<p>Alte Zinnger\u00e4te in den Niederlanden<\/p>\n<p>Herr Wim Evers wird am Abend des 18. Mai einen Vortrag auf dem Oaseterrein \u00fcber Zinnger\u00e4te aus den Jahren von 1000 bis 1800 halten.<br \/>\nHerr Evers schickte uns die folgenden Informationen: Ein Haus von Jan Steen. Viele wissen, was das ist. Aber was ist ein Jan Steenkan?<br \/>\nEine Antwort auf diese Frage erhalten wir am Freitagabend.<\/p>\n<p>Wir erfahren mehr \u00fcber alte Zinnobjekte, wie sie in vielen Haushalten in den n\u00f6rdlichen und s\u00fcdlichen Niederlanden zu finden waren.<br \/>\nWie wurden diese Objekte hergestellt? Wer hat das getan? Wo wurde Zinnerz gefunden? Was war die Funktion der Z\u00fcnfte und der St\u00e4dte?<br \/>\nWarum waren die Zinnmarken so wichtig? Wie ist die Beziehung zur Ess- und Trinkkultur? Es wird auch auf das Aufkommen von<br \/>\nSteingutporzellan, Delfter Blau und \u00e4hnliches eingegangen.<\/p>\n<p>All dies wird mit Illustrationen von Miniaturen, Gem\u00e4lden alter Meister und Objekten erkl\u00e4rt.<\/p>\n<p>Der Vortrag beginnt um 19.00 Uhr auf der Oase. In der Pause werden \u00a0Getr\u00e4nke und Brot angeboten.<\/p>\n<p>Alle sind dazu herzlich eingeladen.<\/p>\n","protected":false},"excerpt":{"rendered":"<p>Alte Zinnger\u00e4te in den Niederlanden Herr Wim Evers wird am Abend des 18. Mai einen Vortrag auf dem Oaseterrein \u00fcber Zinnger\u00e4te aus den Jahren von 1000 bis 1800 halten. Herr Evers schickte uns die folgenden Informationen: Ein Haus von Jan Steen. Viele wissen, was das ist. Aber was ist ein [&hellip;]<\/p>\n","protected":false},"author":2,"featured_media":0,"comment_status":"closed","ping_status":"open","sticky":false,"template":"","format":"standard","meta":{"_acf_changed":false,"footnotes":""},"categories":[1],"tags":[],"class_list":["post-4098","post","type-post","status-publish","format-standard","hentry","category-allgemein"],"acf":[],"yoast_head":"<!-- This site is optimized with the Yoast SEO plugin v27.5 - https:\/\/yoast.com\/product\/yoast-seo-wordpress\/ -->\n<title>Oasefeuer am Freitag, 18.05. um 19.00 Uhr \u00fcber alte Zinnger\u00e4te - \u00d6kumenischer Kirchengarten OASE<\/title>\n<meta name=\"robots\" content=\"index, follow, max-snippet:-1, max-image-preview:large, max-video-preview:-1\" \/>\n<link rel=\"canonical\" href=\"https:\/\/oase-gronau-losser.org\/de\/2018\/oasefeuer-freitag-04-mai\/\" \/>\n<meta property=\"og:locale\" content=\"de_DE\" \/>\n<meta property=\"og:type\" content=\"article\" \/>\n<meta property=\"og:title\" content=\"Oasefeuer am Freitag, 18.05. um 19.00 Uhr \u00fcber alte Zinnger\u00e4te - \u00d6kumenischer Kirchengarten OASE\" \/>\n<meta property=\"og:description\" content=\"Alte Zinnger\u00e4te in den Niederlanden Herr Wim Evers wird am Abend des 18. Mai einen Vortrag auf dem Oaseterrein \u00fcber Zinnger\u00e4te aus den Jahren von 1000 bis 1800 halten. Herr Evers schickte uns die folgenden Informationen: Ein Haus von Jan Steen. Viele wissen, was das ist. Aber was ist ein [&hellip;]\" \/>\n<meta property=\"og:url\" content=\"https:\/\/oase-gronau-losser.org\/de\/2018\/oasefeuer-freitag-04-mai\/\" \/>\n<meta property=\"og:site_name\" content=\"\u00d6kumenischer Kirchengarten OASE\" \/>\n<meta property=\"article:published_time\" content=\"2018-05-02T06:49:37+00:00\" \/>\n<meta property=\"article:modified_time\" content=\"2018-05-15T14:17:13+00:00\" \/>\n<meta name=\"author\" content=\"Marlies Gartmann\" \/>\n<meta name=\"twitter:card\" content=\"summary_large_image\" \/>\n<meta name=\"twitter:label1\" content=\"Verfasst von\" \/>\n\t<meta name=\"twitter:data1\" content=\"Marlies Gartmann\" \/>\n\t<meta name=\"twitter:label2\" content=\"Gesch\u00e4tzte Lesezeit\" \/>\n\t<meta name=\"twitter:data2\" content=\"1\u00a0Minute\" \/>\n<script type=\"application\/ld+json\" class=\"yoast-schema-graph\">{\"@context\":\"https:\\\/\\\/schema.org\",\"@graph\":[{\"@type\":\"Article\",\"@id\":\"https:\\\/\\\/oase-gronau-losser.org\\\/de\\\/2018\\\/oasefeuer-freitag-04-mai\\\/#article\",\"isPartOf\":{\"@id\":\"https:\\\/\\\/oase-gronau-losser.org\\\/de\\\/2018\\\/oasefeuer-freitag-04-mai\\\/\"},\"author\":{\"name\":\"Marlies Gartmann\",\"@id\":\"https:\\\/\\\/oase-gronau-losser.org\\\/de\\\/#\\\/schema\\\/person\\\/9380b6b869112d87ee8b88736ef26ab4\"},\"headline\":\"Oasefeuer am Freitag, 18.05. um 19.00 Uhr \u00fcber alte Zinnger\u00e4te\",\"datePublished\":\"2018-05-02T06:49:37+00:00\",\"dateModified\":\"2018-05-15T14:17:13+00:00\",\"mainEntityOfPage\":{\"@id\":\"https:\\\/\\\/oase-gronau-losser.org\\\/de\\\/2018\\\/oasefeuer-freitag-04-mai\\\/\"},\"wordCount\":179,\"inLanguage\":\"de\"},{\"@type\":\"WebPage\",\"@id\":\"https:\\\/\\\/oase-gronau-losser.org\\\/de\\\/2018\\\/oasefeuer-freitag-04-mai\\\/\",\"url\":\"https:\\\/\\\/oase-gronau-losser.org\\\/de\\\/2018\\\/oasefeuer-freitag-04-mai\\\/\",\"name\":\"Oasefeuer am Freitag, 18.05. um 19.00 Uhr \u00fcber alte Zinnger\u00e4te - \u00d6kumenischer Kirchengarten OASE\",\"isPartOf\":{\"@id\":\"https:\\\/\\\/oase-gronau-losser.org\\\/de\\\/#website\"},\"datePublished\":\"2018-05-02T06:49:37+00:00\",\"dateModified\":\"2018-05-15T14:17:13+00:00\",\"author\":{\"@id\":\"https:\\\/\\\/oase-gronau-losser.org\\\/de\\\/#\\\/schema\\\/person\\\/9380b6b869112d87ee8b88736ef26ab4\"},\"breadcrumb\":{\"@id\":\"https:\\\/\\\/oase-gronau-losser.org\\\/de\\\/2018\\\/oasefeuer-freitag-04-mai\\\/#breadcrumb\"},\"inLanguage\":\"de\",\"potentialAction\":[{\"@type\":\"ReadAction\",\"target\":[\"https:\\\/\\\/oase-gronau-losser.org\\\/de\\\/2018\\\/oasefeuer-freitag-04-mai\\\/\"]}]},{\"@type\":\"BreadcrumbList\",\"@id\":\"https:\\\/\\\/oase-gronau-losser.org\\\/de\\\/2018\\\/oasefeuer-freitag-04-mai\\\/#breadcrumb\",\"itemListElement\":[{\"@type\":\"ListItem\",\"position\":1,\"name\":\"Home\",\"item\":\"https:\\\/\\\/oase-gronau-losser.org\\\/de\\\/\"},{\"@type\":\"ListItem\",\"position\":2,\"name\":\"Oasefeuer am Freitag, 18.05. um 19.00 Uhr \u00fcber alte Zinnger\u00e4te\"}]},{\"@type\":\"WebSite\",\"@id\":\"https:\\\/\\\/oase-gronau-losser.org\\\/de\\\/#website\",\"url\":\"https:\\\/\\\/oase-gronau-losser.org\\\/de\\\/\",\"name\":\"\u00d6kumenischer Kirchengarten OASE\",\"description\":\"Oecumenische Kerkentuin OASE \u2013 Christenen aan de grens\",\"potentialAction\":[{\"@type\":\"SearchAction\",\"target\":{\"@type\":\"EntryPoint\",\"urlTemplate\":\"https:\\\/\\\/oase-gronau-losser.org\\\/de\\\/?s={search_term_string}\"},\"query-input\":{\"@type\":\"PropertyValueSpecification\",\"valueRequired\":true,\"valueName\":\"search_term_string\"}}],\"inLanguage\":\"de\"},{\"@type\":\"Person\",\"@id\":\"https:\\\/\\\/oase-gronau-losser.org\\\/de\\\/#\\\/schema\\\/person\\\/9380b6b869112d87ee8b88736ef26ab4\",\"name\":\"Marlies Gartmann\",\"image\":{\"@type\":\"ImageObject\",\"inLanguage\":\"de\",\"@id\":\"https:\\\/\\\/secure.gravatar.com\\\/avatar\\\/9aac36f1080be8aa4435935bb591e486d3d6a8d130803f68c707d7948b29569f?s=96&d=mm&r=g\",\"url\":\"https:\\\/\\\/secure.gravatar.com\\\/avatar\\\/9aac36f1080be8aa4435935bb591e486d3d6a8d130803f68c707d7948b29569f?s=96&d=mm&r=g\",\"contentUrl\":\"https:\\\/\\\/secure.gravatar.com\\\/avatar\\\/9aac36f1080be8aa4435935bb591e486d3d6a8d130803f68c707d7948b29569f?s=96&d=mm&r=g\",\"caption\":\"Marlies Gartmann\"},\"url\":\"https:\\\/\\\/oase-gronau-losser.org\\\/de\\\/author\\\/marlies\\\/\"}]}<\/script>\n<!-- \/ Yoast SEO plugin. -->","yoast_head_json":{"title":"Oasefeuer am Freitag, 18.05. um 19.00 Uhr \u00fcber alte Zinnger\u00e4te - \u00d6kumenischer Kirchengarten OASE","robots":{"index":"index","follow":"follow","max-snippet":"max-snippet:-1","max-image-preview":"max-image-preview:large","max-video-preview":"max-video-preview:-1"},"canonical":"https:\/\/oase-gronau-losser.org\/de\/2018\/oasefeuer-freitag-04-mai\/","og_locale":"de_DE","og_type":"article","og_title":"Oasefeuer am Freitag, 18.05. um 19.00 Uhr \u00fcber alte Zinnger\u00e4te - \u00d6kumenischer Kirchengarten OASE","og_description":"Alte Zinnger\u00e4te in den Niederlanden Herr Wim Evers wird am Abend des 18. Mai einen Vortrag auf dem Oaseterrein \u00fcber Zinnger\u00e4te aus den Jahren von 1000 bis 1800 halten. Herr Evers schickte uns die folgenden Informationen: Ein Haus von Jan Steen. Viele wissen, was das ist. Aber was ist ein [&hellip;]","og_url":"https:\/\/oase-gronau-losser.org\/de\/2018\/oasefeuer-freitag-04-mai\/","og_site_name":"\u00d6kumenischer Kirchengarten OASE","article_published_time":"2018-05-02T06:49:37+00:00","article_modified_time":"2018-05-15T14:17:13+00:00","author":"Marlies Gartmann","twitter_card":"summary_large_image","twitter_misc":{"Verfasst von":"Marlies Gartmann","Gesch\u00e4tzte Lesezeit":"1\u00a0Minute"},"schema":{"@context":"https:\/\/schema.org","@graph":[{"@type":"Article","@id":"https:\/\/oase-gronau-losser.org\/de\/2018\/oasefeuer-freitag-04-mai\/#article","isPartOf":{"@id":"https:\/\/oase-gronau-losser.org\/de\/2018\/oasefeuer-freitag-04-mai\/"},"author":{"name":"Marlies Gartmann","@id":"https:\/\/oase-gronau-losser.org\/de\/#\/schema\/person\/9380b6b869112d87ee8b88736ef26ab4"},"headline":"Oasefeuer am Freitag, 18.05. um 19.00 Uhr \u00fcber alte Zinnger\u00e4te","datePublished":"2018-05-02T06:49:37+00:00","dateModified":"2018-05-15T14:17:13+00:00","mainEntityOfPage":{"@id":"https:\/\/oase-gronau-losser.org\/de\/2018\/oasefeuer-freitag-04-mai\/"},"wordCount":179,"inLanguage":"de"},{"@type":"WebPage","@id":"https:\/\/oase-gronau-losser.org\/de\/2018\/oasefeuer-freitag-04-mai\/","url":"https:\/\/oase-gronau-losser.org\/de\/2018\/oasefeuer-freitag-04-mai\/","name":"Oasefeuer am Freitag, 18.05. um 19.00 Uhr \u00fcber alte Zinnger\u00e4te - \u00d6kumenischer Kirchengarten OASE","isPartOf":{"@id":"https:\/\/oase-gronau-losser.org\/de\/#website"},"datePublished":"2018-05-02T06:49:37+00:00","dateModified":"2018-05-15T14:17:13+00:00","author":{"@id":"https:\/\/oase-gronau-losser.org\/de\/#\/schema\/person\/9380b6b869112d87ee8b88736ef26ab4"},"breadcrumb":{"@id":"https:\/\/oase-gronau-losser.org\/de\/2018\/oasefeuer-freitag-04-mai\/#breadcrumb"},"inLanguage":"de","potentialAction":[{"@type":"ReadAction","target":["https:\/\/oase-gronau-losser.org\/de\/2018\/oasefeuer-freitag-04-mai\/"]}]},{"@type":"BreadcrumbList","@id":"https:\/\/oase-gronau-losser.org\/de\/2018\/oasefeuer-freitag-04-mai\/#breadcrumb","itemListElement":[{"@type":"ListItem","position":1,"name":"Home","item":"https:\/\/oase-gronau-losser.org\/de\/"},{"@type":"ListItem","position":2,"name":"Oasefeuer am Freitag, 18.05. um 19.00 Uhr \u00fcber alte Zinnger\u00e4te"}]},{"@type":"WebSite","@id":"https:\/\/oase-gronau-losser.org\/de\/#website","url":"https:\/\/oase-gronau-losser.org\/de\/","name":"\u00d6kumenischer Kirchengarten OASE","description":"Oecumenische Kerkentuin OASE \u2013 Christenen aan de grens","potentialAction":[{"@type":"SearchAction","target":{"@type":"EntryPoint","urlTemplate":"https:\/\/oase-gronau-losser.org\/de\/?s={search_term_string}"},"query-input":{"@type":"PropertyValueSpecification","valueRequired":true,"valueName":"search_term_string"}}],"inLanguage":"de"},{"@type":"Person","@id":"https:\/\/oase-gronau-losser.org\/de\/#\/schema\/person\/9380b6b869112d87ee8b88736ef26ab4","name":"Marlies Gartmann","image":{"@type":"ImageObject","inLanguage":"de","@id":"https:\/\/secure.gravatar.com\/avatar\/9aac36f1080be8aa4435935bb591e486d3d6a8d130803f68c707d7948b29569f?s=96&d=mm&r=g","url":"https:\/\/secure.gravatar.com\/avatar\/9aac36f1080be8aa4435935bb591e486d3d6a8d130803f68c707d7948b29569f?s=96&d=mm&r=g","contentUrl":"https:\/\/secure.gravatar.com\/avatar\/9aac36f1080be8aa4435935bb591e486d3d6a8d130803f68c707d7948b29569f?s=96&d=mm&r=g","caption":"Marlies Gartmann"},"url":"https:\/\/oase-gronau-losser.org\/de\/author\/marlies\/"}]}},"_links":{"self":[{"href":"https:\/\/oase-gronau-losser.org\/de\/wp-json\/wp\/v2\/posts\/4098","targetHints":{"allow":["GET"]}}],"collection":[{"href":"https:\/\/oase-gronau-losser.org\/de\/wp-json\/wp\/v2\/posts"}],"about":[{"href":"https:\/\/oase-gronau-losser.org\/de\/wp-json\/wp\/v2\/types\/post"}],"author":[{"embeddable":true,"href":"https:\/\/oase-gronau-losser.org\/de\/wp-json\/wp\/v2\/users\/2"}],"replies":[{"embeddable":true,"href":"https:\/\/oase-gronau-losser.org\/de\/wp-json\/wp\/v2\/comments?post=4098"}],"version-history":[{"count":4,"href":"https:\/\/oase-gronau-losser.org\/de\/wp-json\/wp\/v2\/posts\/4098\/revisions"}],"predecessor-version":[{"id":4103,"href":"https:\/\/oase-gronau-losser.org\/de\/wp-json\/wp\/v2\/posts\/4098\/revisions\/4103"}],"wp:attachment":[{"href":"https:\/\/oase-gronau-losser.org\/de\/wp-json\/wp\/v2\/media?parent=4098"}],"wp:term":[{"taxonomy":"category","embeddable":true,"href":"https:\/\/oase-gronau-losser.org\/de\/wp-json\/wp\/v2\/categories?post=4098"},{"taxonomy":"post_tag","embeddable":true,"href":"https:\/\/oase-gronau-losser.org\/de\/wp-json\/wp\/v2\/tags?post=4098"}],"curies":[{"name":"wp","href":"https:\/\/api.w.org\/{rel}","templated":true}]}}