{"id":3965,"date":"2018-02-28T23:37:37","date_gmt":"2018-02-28T22:37:37","guid":{"rendered":"https:\/\/oase-gronau-losser.org\/de\/?p=3965"},"modified":"2018-03-26T21:10:25","modified_gmt":"2018-03-26T19:10:25","slug":"dreikoenigswanderung-2018","status":"publish","type":"post","link":"https:\/\/oase-gronau-losser.org\/de\/2018\/dreikoenigswanderung-2018\/","title":{"rendered":"Dreik\u00f6nigswanderung 2018"},"content":{"rendered":"<p>Sonntag, 7 Januar<\/p>\n<p>Trotz der Tatsache, dass die niederl\u00e4ndische Presse der Dreik\u00f6nigswanderung wenig oder gar keine Aufmerksamkeit schenkte, folgten etwa 30 Menschen den Sternen am Tankenberg in De Lutte. Die Wanderung f\u00fchrte erneut durch eine h\u00fcgelige und malerische Landschaft mit wundersch\u00f6nen Ausblicken. In einem alten Bauernhof gab es auf der Tenne \u00a0hei\u00dfe Schokolade mit leckerem Krenteweggen.<\/p>\n<p>Die Vorsitzende begr\u00fc\u00dfte die Anwesenden und w\u00fcnschte allen noch nachtr\u00e4glich ein gutes neues Jahr. Danach\u00a0 gab es reichlich Zeit f\u00fcr\u00a0 Gespr\u00e4che und Begegnungen zwischen Deutschen und Niederl\u00e4ndern.<\/p>\n<p>Die Pastorin Frau \u00a0Gonda Elzinga aus Glanerbrug\u00a0 gestaltete eine kurze Vesper in zwei Sprachen. Sie hatte eine wundervolle Geschichte \u00fcber den vierten Weg. Hier zeigte sich einmal mehr das \u00f6kumenische Denken \u00fcber die Grenzen hinweg.<\/p>\n<p>Die Teilnehmer sangen bekannte Lieder und gingen nach diesem inspirierenden Nachmittag gest\u00e4rkt nach Hause. N\u00e4chstes Jahr werden wir uns eine sch\u00f6ne Gegend in Deutschland suchen und dort die Dreik\u00f6nigswanderung anbieten.<\/p>\n<p>F\u00fcr jetzt herzliche Gr\u00fc\u00dfe vom Oaseteam.<\/p>\n","protected":false},"excerpt":{"rendered":"<p>Sonntag, 7 Januar Trotz der Tatsache, dass die niederl\u00e4ndische Presse der Dreik\u00f6nigswanderung wenig oder gar keine Aufmerksamkeit schenkte, folgten etwa 30 Menschen den Sternen am Tankenberg in De Lutte. Die Wanderung f\u00fchrte erneut durch eine h\u00fcgelige und malerische Landschaft mit wundersch\u00f6nen Ausblicken. In einem alten Bauernhof gab es auf der [&hellip;]<\/p>\n","protected":false},"author":1,"featured_media":0,"comment_status":"closed","ping_status":"open","sticky":false,"template":"","format":"standard","meta":{"_acf_changed":false,"footnotes":""},"categories":[1],"tags":[],"class_list":["post-3965","post","type-post","status-publish","format-standard","hentry","category-allgemein"],"acf":[],"yoast_head":"<!-- This site is optimized with the Yoast SEO plugin v27.5 - https:\/\/yoast.com\/product\/yoast-seo-wordpress\/ -->\n<title>Dreik\u00f6nigswanderung 2018 - \u00d6kumenischer Kirchengarten OASE<\/title>\n<meta name=\"robots\" content=\"index, follow, max-snippet:-1, max-image-preview:large, max-video-preview:-1\" \/>\n<link rel=\"canonical\" href=\"https:\/\/oase-gronau-losser.org\/de\/2018\/dreikoenigswanderung-2018\/\" \/>\n<meta property=\"og:locale\" content=\"de_DE\" \/>\n<meta property=\"og:type\" content=\"article\" \/>\n<meta property=\"og:title\" content=\"Dreik\u00f6nigswanderung 2018 - \u00d6kumenischer Kirchengarten OASE\" \/>\n<meta property=\"og:description\" content=\"Sonntag, 7 Januar Trotz der Tatsache, dass die niederl\u00e4ndische Presse der Dreik\u00f6nigswanderung wenig oder gar keine Aufmerksamkeit schenkte, folgten etwa 30 Menschen den Sternen am Tankenberg in De Lutte. Die Wanderung f\u00fchrte erneut durch eine h\u00fcgelige und malerische Landschaft mit wundersch\u00f6nen Ausblicken. In einem alten Bauernhof gab es auf der [&hellip;]\" \/>\n<meta property=\"og:url\" content=\"https:\/\/oase-gronau-losser.org\/de\/2018\/dreikoenigswanderung-2018\/\" \/>\n<meta property=\"og:site_name\" content=\"\u00d6kumenischer Kirchengarten OASE\" \/>\n<meta property=\"article:published_time\" content=\"2018-02-28T22:37:37+00:00\" \/>\n<meta property=\"article:modified_time\" content=\"2018-03-26T19:10:25+00:00\" \/>\n<meta name=\"author\" content=\"te-online\" \/>\n<meta name=\"twitter:card\" content=\"summary_large_image\" \/>\n<meta name=\"twitter:label1\" content=\"Verfasst von\" \/>\n\t<meta name=\"twitter:data1\" content=\"te-online\" \/>\n\t<meta name=\"twitter:label2\" content=\"Gesch\u00e4tzte Lesezeit\" \/>\n\t<meta name=\"twitter:data2\" content=\"1\u00a0Minute\" \/>\n<script type=\"application\/ld+json\" class=\"yoast-schema-graph\">{\"@context\":\"https:\\\/\\\/schema.org\",\"@graph\":[{\"@type\":\"Article\",\"@id\":\"https:\\\/\\\/oase-gronau-losser.org\\\/de\\\/2018\\\/dreikoenigswanderung-2018\\\/#article\",\"isPartOf\":{\"@id\":\"https:\\\/\\\/oase-gronau-losser.org\\\/de\\\/2018\\\/dreikoenigswanderung-2018\\\/\"},\"author\":{\"name\":\"te-online\",\"@id\":\"https:\\\/\\\/oase-gronau-losser.org\\\/de\\\/#\\\/schema\\\/person\\\/6d8d8eabb55d875999796f3bd3c77493\"},\"headline\":\"Dreik\u00f6nigswanderung 2018\",\"datePublished\":\"2018-02-28T22:37:37+00:00\",\"dateModified\":\"2018-03-26T19:10:25+00:00\",\"mainEntityOfPage\":{\"@id\":\"https:\\\/\\\/oase-gronau-losser.org\\\/de\\\/2018\\\/dreikoenigswanderung-2018\\\/\"},\"wordCount\":172,\"inLanguage\":\"de\"},{\"@type\":\"WebPage\",\"@id\":\"https:\\\/\\\/oase-gronau-losser.org\\\/de\\\/2018\\\/dreikoenigswanderung-2018\\\/\",\"url\":\"https:\\\/\\\/oase-gronau-losser.org\\\/de\\\/2018\\\/dreikoenigswanderung-2018\\\/\",\"name\":\"Dreik\u00f6nigswanderung 2018 - \u00d6kumenischer Kirchengarten OASE\",\"isPartOf\":{\"@id\":\"https:\\\/\\\/oase-gronau-losser.org\\\/de\\\/#website\"},\"datePublished\":\"2018-02-28T22:37:37+00:00\",\"dateModified\":\"2018-03-26T19:10:25+00:00\",\"author\":{\"@id\":\"https:\\\/\\\/oase-gronau-losser.org\\\/de\\\/#\\\/schema\\\/person\\\/6d8d8eabb55d875999796f3bd3c77493\"},\"breadcrumb\":{\"@id\":\"https:\\\/\\\/oase-gronau-losser.org\\\/de\\\/2018\\\/dreikoenigswanderung-2018\\\/#breadcrumb\"},\"inLanguage\":\"de\",\"potentialAction\":[{\"@type\":\"ReadAction\",\"target\":[\"https:\\\/\\\/oase-gronau-losser.org\\\/de\\\/2018\\\/dreikoenigswanderung-2018\\\/\"]}]},{\"@type\":\"BreadcrumbList\",\"@id\":\"https:\\\/\\\/oase-gronau-losser.org\\\/de\\\/2018\\\/dreikoenigswanderung-2018\\\/#breadcrumb\",\"itemListElement\":[{\"@type\":\"ListItem\",\"position\":1,\"name\":\"Home\",\"item\":\"https:\\\/\\\/oase-gronau-losser.org\\\/de\\\/\"},{\"@type\":\"ListItem\",\"position\":2,\"name\":\"Dreik\u00f6nigswanderung 2018\"}]},{\"@type\":\"WebSite\",\"@id\":\"https:\\\/\\\/oase-gronau-losser.org\\\/de\\\/#website\",\"url\":\"https:\\\/\\\/oase-gronau-losser.org\\\/de\\\/\",\"name\":\"\u00d6kumenischer Kirchengarten OASE\",\"description\":\"Oecumenische Kerkentuin OASE \u2013 Christenen aan de grens\",\"potentialAction\":[{\"@type\":\"SearchAction\",\"target\":{\"@type\":\"EntryPoint\",\"urlTemplate\":\"https:\\\/\\\/oase-gronau-losser.org\\\/de\\\/?s={search_term_string}\"},\"query-input\":{\"@type\":\"PropertyValueSpecification\",\"valueRequired\":true,\"valueName\":\"search_term_string\"}}],\"inLanguage\":\"de\"},{\"@type\":\"Person\",\"@id\":\"https:\\\/\\\/oase-gronau-losser.org\\\/de\\\/#\\\/schema\\\/person\\\/6d8d8eabb55d875999796f3bd3c77493\",\"name\":\"te-online\",\"image\":{\"@type\":\"ImageObject\",\"inLanguage\":\"de\",\"@id\":\"https:\\\/\\\/secure.gravatar.com\\\/avatar\\\/5843780f5450e62b7f15559a7c2ec410e45b8319ea58ac7f862616ac6da9e9bc?s=96&d=mm&r=g\",\"url\":\"https:\\\/\\\/secure.gravatar.com\\\/avatar\\\/5843780f5450e62b7f15559a7c2ec410e45b8319ea58ac7f862616ac6da9e9bc?s=96&d=mm&r=g\",\"contentUrl\":\"https:\\\/\\\/secure.gravatar.com\\\/avatar\\\/5843780f5450e62b7f15559a7c2ec410e45b8319ea58ac7f862616ac6da9e9bc?s=96&d=mm&r=g\",\"caption\":\"te-online\"},\"url\":\"https:\\\/\\\/oase-gronau-losser.org\\\/de\\\/author\\\/te-online\\\/\"}]}<\/script>\n<!-- \/ Yoast SEO plugin. -->","yoast_head_json":{"title":"Dreik\u00f6nigswanderung 2018 - \u00d6kumenischer Kirchengarten OASE","robots":{"index":"index","follow":"follow","max-snippet":"max-snippet:-1","max-image-preview":"max-image-preview:large","max-video-preview":"max-video-preview:-1"},"canonical":"https:\/\/oase-gronau-losser.org\/de\/2018\/dreikoenigswanderung-2018\/","og_locale":"de_DE","og_type":"article","og_title":"Dreik\u00f6nigswanderung 2018 - \u00d6kumenischer Kirchengarten OASE","og_description":"Sonntag, 7 Januar Trotz der Tatsache, dass die niederl\u00e4ndische Presse der Dreik\u00f6nigswanderung wenig oder gar keine Aufmerksamkeit schenkte, folgten etwa 30 Menschen den Sternen am Tankenberg in De Lutte. Die Wanderung f\u00fchrte erneut durch eine h\u00fcgelige und malerische Landschaft mit wundersch\u00f6nen Ausblicken. In einem alten Bauernhof gab es auf der [&hellip;]","og_url":"https:\/\/oase-gronau-losser.org\/de\/2018\/dreikoenigswanderung-2018\/","og_site_name":"\u00d6kumenischer Kirchengarten OASE","article_published_time":"2018-02-28T22:37:37+00:00","article_modified_time":"2018-03-26T19:10:25+00:00","author":"te-online","twitter_card":"summary_large_image","twitter_misc":{"Verfasst von":"te-online","Gesch\u00e4tzte Lesezeit":"1\u00a0Minute"},"schema":{"@context":"https:\/\/schema.org","@graph":[{"@type":"Article","@id":"https:\/\/oase-gronau-losser.org\/de\/2018\/dreikoenigswanderung-2018\/#article","isPartOf":{"@id":"https:\/\/oase-gronau-losser.org\/de\/2018\/dreikoenigswanderung-2018\/"},"author":{"name":"te-online","@id":"https:\/\/oase-gronau-losser.org\/de\/#\/schema\/person\/6d8d8eabb55d875999796f3bd3c77493"},"headline":"Dreik\u00f6nigswanderung 2018","datePublished":"2018-02-28T22:37:37+00:00","dateModified":"2018-03-26T19:10:25+00:00","mainEntityOfPage":{"@id":"https:\/\/oase-gronau-losser.org\/de\/2018\/dreikoenigswanderung-2018\/"},"wordCount":172,"inLanguage":"de"},{"@type":"WebPage","@id":"https:\/\/oase-gronau-losser.org\/de\/2018\/dreikoenigswanderung-2018\/","url":"https:\/\/oase-gronau-losser.org\/de\/2018\/dreikoenigswanderung-2018\/","name":"Dreik\u00f6nigswanderung 2018 - \u00d6kumenischer Kirchengarten OASE","isPartOf":{"@id":"https:\/\/oase-gronau-losser.org\/de\/#website"},"datePublished":"2018-02-28T22:37:37+00:00","dateModified":"2018-03-26T19:10:25+00:00","author":{"@id":"https:\/\/oase-gronau-losser.org\/de\/#\/schema\/person\/6d8d8eabb55d875999796f3bd3c77493"},"breadcrumb":{"@id":"https:\/\/oase-gronau-losser.org\/de\/2018\/dreikoenigswanderung-2018\/#breadcrumb"},"inLanguage":"de","potentialAction":[{"@type":"ReadAction","target":["https:\/\/oase-gronau-losser.org\/de\/2018\/dreikoenigswanderung-2018\/"]}]},{"@type":"BreadcrumbList","@id":"https:\/\/oase-gronau-losser.org\/de\/2018\/dreikoenigswanderung-2018\/#breadcrumb","itemListElement":[{"@type":"ListItem","position":1,"name":"Home","item":"https:\/\/oase-gronau-losser.org\/de\/"},{"@type":"ListItem","position":2,"name":"Dreik\u00f6nigswanderung 2018"}]},{"@type":"WebSite","@id":"https:\/\/oase-gronau-losser.org\/de\/#website","url":"https:\/\/oase-gronau-losser.org\/de\/","name":"\u00d6kumenischer Kirchengarten OASE","description":"Oecumenische Kerkentuin OASE \u2013 Christenen aan de grens","potentialAction":[{"@type":"SearchAction","target":{"@type":"EntryPoint","urlTemplate":"https:\/\/oase-gronau-losser.org\/de\/?s={search_term_string}"},"query-input":{"@type":"PropertyValueSpecification","valueRequired":true,"valueName":"search_term_string"}}],"inLanguage":"de"},{"@type":"Person","@id":"https:\/\/oase-gronau-losser.org\/de\/#\/schema\/person\/6d8d8eabb55d875999796f3bd3c77493","name":"te-online","image":{"@type":"ImageObject","inLanguage":"de","@id":"https:\/\/secure.gravatar.com\/avatar\/5843780f5450e62b7f15559a7c2ec410e45b8319ea58ac7f862616ac6da9e9bc?s=96&d=mm&r=g","url":"https:\/\/secure.gravatar.com\/avatar\/5843780f5450e62b7f15559a7c2ec410e45b8319ea58ac7f862616ac6da9e9bc?s=96&d=mm&r=g","contentUrl":"https:\/\/secure.gravatar.com\/avatar\/5843780f5450e62b7f15559a7c2ec410e45b8319ea58ac7f862616ac6da9e9bc?s=96&d=mm&r=g","caption":"te-online"},"url":"https:\/\/oase-gronau-losser.org\/de\/author\/te-online\/"}]}},"_links":{"self":[{"href":"https:\/\/oase-gronau-losser.org\/de\/wp-json\/wp\/v2\/posts\/3965","targetHints":{"allow":["GET"]}}],"collection":[{"href":"https:\/\/oase-gronau-losser.org\/de\/wp-json\/wp\/v2\/posts"}],"about":[{"href":"https:\/\/oase-gronau-losser.org\/de\/wp-json\/wp\/v2\/types\/post"}],"author":[{"embeddable":true,"href":"https:\/\/oase-gronau-losser.org\/de\/wp-json\/wp\/v2\/users\/1"}],"replies":[{"embeddable":true,"href":"https:\/\/oase-gronau-losser.org\/de\/wp-json\/wp\/v2\/comments?post=3965"}],"version-history":[{"count":6,"href":"https:\/\/oase-gronau-losser.org\/de\/wp-json\/wp\/v2\/posts\/3965\/revisions"}],"predecessor-version":[{"id":4050,"href":"https:\/\/oase-gronau-losser.org\/de\/wp-json\/wp\/v2\/posts\/3965\/revisions\/4050"}],"wp:attachment":[{"href":"https:\/\/oase-gronau-losser.org\/de\/wp-json\/wp\/v2\/media?parent=3965"}],"wp:term":[{"taxonomy":"category","embeddable":true,"href":"https:\/\/oase-gronau-losser.org\/de\/wp-json\/wp\/v2\/categories?post=3965"},{"taxonomy":"post_tag","embeddable":true,"href":"https:\/\/oase-gronau-losser.org\/de\/wp-json\/wp\/v2\/tags?post=3965"}],"curies":[{"name":"wp","href":"https:\/\/api.w.org\/{rel}","templated":true}]}}