{"id":3773,"date":"2017-11-21T15:37:01","date_gmt":"2017-11-21T14:37:01","guid":{"rendered":"https:\/\/oase-gronau-losser.org\/de\/?p=3773"},"modified":"2018-01-20T13:52:18","modified_gmt":"2018-01-20T12:52:18","slug":"overzicht-oase-seizoen-2017","status":"publish","type":"post","link":"https:\/\/oase-gronau-losser.org\/de\/2017\/overzicht-oase-seizoen-2017\/","title":{"rendered":"Jahresr\u00fcckblick 2017"},"content":{"rendered":"<p>Das 14. Oasejahr ist beendet und wir haben uns 2017 mit dem Thema &#8222;Jeder hat Begabungen&#8220; besch\u00e4ftigt und verschiede Aktivit\u00e4ten angeboten. Ostern wurde mit dem Sonnenaufgang schon fr\u00fch Morgens auf der Oase gefeiert. Junge Menschen kamen mit Laternen zu Fuss aus Glanerbrug zum Oster-Gottesdienst. Lieder und Gebete waren nat\u00fcrlich zweisprachig. Nach dem Gottesdienst wurde ein Fr\u00fchst\u00fcck in\u00a0 dem Geb\u00e4ude der \u201eGronauer Tafel\u201c\u00a0 angeboten. Dei Fussgruppe wechselte gegenseitige Ergebnissen im Familiengottesdienst um 10.00 Uhr aus.<\/p>\n<p>Auf der Oase gab es jeden Sonntag Kaffe und Kuchen. Der Stammplatz unter dem Apfelbaum wurde regelm\u00e4\u00dfig und gerne benutzt. Viele Erfahrungen und Erlebnisse wurde beim Kaffee besprochen.<\/p>\n<p>Die Oase wurde oft von Spazierg\u00e4ngern und Radfahrern entdeckt. An den Sonntagen fanden die Wochenendschlussandachten statt. Diese Andachten wurden immer weniger besucht. Die allj\u00e4hrlichen Aktivit\u00e4ten, die Sonntags statt fanden wurden sehr gut angenommen.<\/p>\n<p>Am Welttag, mit dem Thema \u201eHunger in Afrika\u201c gab es Diskussionen, vegetarisches Essen, Brot aus dem Lehmofen und Musik aus Afrika.<\/p>\n<p>Fairtrade Produkte wurde auch angeboten. Als Vertretung der Unesco, \u201ekinderkulturelle Karawane\u201c pr\u00e4sentierte sich am Sonntag eine Gruppe junger Menschen aus Brasilien und zeigten das Leben in Brasilien mit Musik Tanz und Gesang.<\/p>\n<p>Beim Bergfest wurde mit Leitung und Ehrenamtlichen den ersten Teil der Saison besprochen und nach Anregungen f\u00fcr die zweite Saisonh\u00e4lfte gesucht.<\/p>\n<p>Die Ferienspiele f\u00fcr Kinder und jungen Gruppenf\u00fchrerinnen wurde sehr gut angenommen. Auch die Dinkel entdecken und das Forschen nach dem Leben im Wasser wird uns noch lange in Erinnerung bleiben.<\/p>\n<p>Am 8. Oktober wurde zum letzten Mal in der Saison zum Fr\u00fcchtefest eingeladen. Dabei ernteten wir die Erfolge des Themas &#8222;Jeder hat F\u00e4higkeiten&#8220;. Auf dem Gel\u00e4nde gab es Verkaufsst\u00e4nde mit Produkten aus Natur und Garten. Es wurden auch Fairtradeprodukten angeboten zur unterst\u00fctzung\u00a0 f\u00fcr einen gute Zweck. Viele Interessierte unterhielten sich und genossen von K\u00fcrbissuppe und holl\u00e4ndische Pfannkuchen.<\/p>\n<p>Den ganzen Tag \u00fcber gab es frisch gepressten Apfelsaft und Brot aus dem Lehmofen. Am Nachmittag bot der Chor Aggatisimo aus Epe ein Ohrenschmaus dar. Beendet wurde der Tag mit einem grossen Dankesch\u00f6n f\u00fcr alle Mitarbeiter und Ehrenamtlichen.<\/p>\n<p>Die Arbeitsgruppe hat viele Stunden f\u00fcr Reparaturen und Vorbeugungsma\u00dfnahmen gegen Vandalismus und Diebstahl investiert um die Oase zu erhalten.<\/p>\n<p>Jede zweite gerade Woche, am Freitagabend findet ein Oasefeuer statt. Es wurden viele Neuigkeiten und Themen zu Jahresmotto angeboten. Die Besucherzahl war recht unterschiedlich. Trinken und Essen wurden dabei auch angeboten.<\/p>\n<p>Du bist willkommen bei allen Aktivit\u00e4ten auf der Oase. Viel sch\u00f6ne Gr\u00fcsse und sch\u00f6ne Feiertage.<\/p>\n<p>&nbsp;<\/p>\n<p>i.A. Carlien Oldenkamp en Oane de Vries.<\/p>\n<p><em>\u00dcbersetzung: Arnoldus van Bommel.<\/em><\/p>\n","protected":false},"excerpt":{"rendered":"<p>Das 14. Oasejahr ist beendet und wir haben uns 2017 mit dem Thema &#8222;Jeder hat Begabungen&#8220; besch\u00e4ftigt und verschiede Aktivit\u00e4ten angeboten. Ostern wurde mit dem Sonnenaufgang schon fr\u00fch Morgens auf der Oase gefeiert. Junge Menschen kamen mit Laternen zu Fuss aus Glanerbrug zum Oster-Gottesdienst. Lieder und Gebete waren nat\u00fcrlich zweisprachig. [&hellip;]<\/p>\n","protected":false},"author":1,"featured_media":0,"comment_status":"closed","ping_status":"open","sticky":false,"template":"","format":"standard","meta":{"_acf_changed":false,"footnotes":""},"categories":[1],"tags":[],"class_list":["post-3773","post","type-post","status-publish","format-standard","hentry","category-allgemein"],"acf":[],"yoast_head":"<!-- This site is optimized with the Yoast SEO plugin v27.5 - https:\/\/yoast.com\/product\/yoast-seo-wordpress\/ -->\n<title>Jahresr\u00fcckblick 2017 - \u00d6kumenischer Kirchengarten OASE<\/title>\n<meta name=\"robots\" content=\"index, follow, max-snippet:-1, max-image-preview:large, max-video-preview:-1\" \/>\n<link rel=\"canonical\" href=\"https:\/\/oase-gronau-losser.org\/de\/2017\/overzicht-oase-seizoen-2017\/\" \/>\n<meta property=\"og:locale\" content=\"de_DE\" \/>\n<meta property=\"og:type\" content=\"article\" \/>\n<meta property=\"og:title\" content=\"Jahresr\u00fcckblick 2017 - \u00d6kumenischer Kirchengarten OASE\" \/>\n<meta property=\"og:description\" content=\"Das 14. Oasejahr ist beendet und wir haben uns 2017 mit dem Thema &#8222;Jeder hat Begabungen&#8220; besch\u00e4ftigt und verschiede Aktivit\u00e4ten angeboten. Ostern wurde mit dem Sonnenaufgang schon fr\u00fch Morgens auf der Oase gefeiert. Junge Menschen kamen mit Laternen zu Fuss aus Glanerbrug zum Oster-Gottesdienst. Lieder und Gebete waren nat\u00fcrlich zweisprachig. [&hellip;]\" \/>\n<meta property=\"og:url\" content=\"https:\/\/oase-gronau-losser.org\/de\/2017\/overzicht-oase-seizoen-2017\/\" \/>\n<meta property=\"og:site_name\" content=\"\u00d6kumenischer Kirchengarten OASE\" \/>\n<meta property=\"article:published_time\" content=\"2017-11-21T14:37:01+00:00\" \/>\n<meta property=\"article:modified_time\" content=\"2018-01-20T12:52:18+00:00\" \/>\n<meta name=\"author\" content=\"te-online\" \/>\n<meta name=\"twitter:card\" content=\"summary_large_image\" \/>\n<meta name=\"twitter:label1\" content=\"Verfasst von\" \/>\n\t<meta name=\"twitter:data1\" content=\"te-online\" \/>\n\t<meta name=\"twitter:label2\" content=\"Gesch\u00e4tzte Lesezeit\" \/>\n\t<meta name=\"twitter:data2\" content=\"2\u00a0Minuten\" \/>\n<script type=\"application\/ld+json\" class=\"yoast-schema-graph\">{\"@context\":\"https:\\\/\\\/schema.org\",\"@graph\":[{\"@type\":\"Article\",\"@id\":\"https:\\\/\\\/oase-gronau-losser.org\\\/de\\\/2017\\\/overzicht-oase-seizoen-2017\\\/#article\",\"isPartOf\":{\"@id\":\"https:\\\/\\\/oase-gronau-losser.org\\\/de\\\/2017\\\/overzicht-oase-seizoen-2017\\\/\"},\"author\":{\"name\":\"te-online\",\"@id\":\"https:\\\/\\\/oase-gronau-losser.org\\\/de\\\/#\\\/schema\\\/person\\\/6d8d8eabb55d875999796f3bd3c77493\"},\"headline\":\"Jahresr\u00fcckblick 2017\",\"datePublished\":\"2017-11-21T14:37:01+00:00\",\"dateModified\":\"2018-01-20T12:52:18+00:00\",\"mainEntityOfPage\":{\"@id\":\"https:\\\/\\\/oase-gronau-losser.org\\\/de\\\/2017\\\/overzicht-oase-seizoen-2017\\\/\"},\"wordCount\":442,\"inLanguage\":\"de\"},{\"@type\":\"WebPage\",\"@id\":\"https:\\\/\\\/oase-gronau-losser.org\\\/de\\\/2017\\\/overzicht-oase-seizoen-2017\\\/\",\"url\":\"https:\\\/\\\/oase-gronau-losser.org\\\/de\\\/2017\\\/overzicht-oase-seizoen-2017\\\/\",\"name\":\"Jahresr\u00fcckblick 2017 - \u00d6kumenischer Kirchengarten OASE\",\"isPartOf\":{\"@id\":\"https:\\\/\\\/oase-gronau-losser.org\\\/de\\\/#website\"},\"datePublished\":\"2017-11-21T14:37:01+00:00\",\"dateModified\":\"2018-01-20T12:52:18+00:00\",\"author\":{\"@id\":\"https:\\\/\\\/oase-gronau-losser.org\\\/de\\\/#\\\/schema\\\/person\\\/6d8d8eabb55d875999796f3bd3c77493\"},\"breadcrumb\":{\"@id\":\"https:\\\/\\\/oase-gronau-losser.org\\\/de\\\/2017\\\/overzicht-oase-seizoen-2017\\\/#breadcrumb\"},\"inLanguage\":\"de\",\"potentialAction\":[{\"@type\":\"ReadAction\",\"target\":[\"https:\\\/\\\/oase-gronau-losser.org\\\/de\\\/2017\\\/overzicht-oase-seizoen-2017\\\/\"]}]},{\"@type\":\"BreadcrumbList\",\"@id\":\"https:\\\/\\\/oase-gronau-losser.org\\\/de\\\/2017\\\/overzicht-oase-seizoen-2017\\\/#breadcrumb\",\"itemListElement\":[{\"@type\":\"ListItem\",\"position\":1,\"name\":\"Home\",\"item\":\"https:\\\/\\\/oase-gronau-losser.org\\\/de\\\/\"},{\"@type\":\"ListItem\",\"position\":2,\"name\":\"Jahresr\u00fcckblick 2017\"}]},{\"@type\":\"WebSite\",\"@id\":\"https:\\\/\\\/oase-gronau-losser.org\\\/de\\\/#website\",\"url\":\"https:\\\/\\\/oase-gronau-losser.org\\\/de\\\/\",\"name\":\"\u00d6kumenischer Kirchengarten OASE\",\"description\":\"Oecumenische Kerkentuin OASE \u2013 Christenen aan de grens\",\"potentialAction\":[{\"@type\":\"SearchAction\",\"target\":{\"@type\":\"EntryPoint\",\"urlTemplate\":\"https:\\\/\\\/oase-gronau-losser.org\\\/de\\\/?s={search_term_string}\"},\"query-input\":{\"@type\":\"PropertyValueSpecification\",\"valueRequired\":true,\"valueName\":\"search_term_string\"}}],\"inLanguage\":\"de\"},{\"@type\":\"Person\",\"@id\":\"https:\\\/\\\/oase-gronau-losser.org\\\/de\\\/#\\\/schema\\\/person\\\/6d8d8eabb55d875999796f3bd3c77493\",\"name\":\"te-online\",\"image\":{\"@type\":\"ImageObject\",\"inLanguage\":\"de\",\"@id\":\"https:\\\/\\\/secure.gravatar.com\\\/avatar\\\/5843780f5450e62b7f15559a7c2ec410e45b8319ea58ac7f862616ac6da9e9bc?s=96&d=mm&r=g\",\"url\":\"https:\\\/\\\/secure.gravatar.com\\\/avatar\\\/5843780f5450e62b7f15559a7c2ec410e45b8319ea58ac7f862616ac6da9e9bc?s=96&d=mm&r=g\",\"contentUrl\":\"https:\\\/\\\/secure.gravatar.com\\\/avatar\\\/5843780f5450e62b7f15559a7c2ec410e45b8319ea58ac7f862616ac6da9e9bc?s=96&d=mm&r=g\",\"caption\":\"te-online\"},\"url\":\"https:\\\/\\\/oase-gronau-losser.org\\\/de\\\/author\\\/te-online\\\/\"}]}<\/script>\n<!-- \/ Yoast SEO plugin. -->","yoast_head_json":{"title":"Jahresr\u00fcckblick 2017 - \u00d6kumenischer Kirchengarten OASE","robots":{"index":"index","follow":"follow","max-snippet":"max-snippet:-1","max-image-preview":"max-image-preview:large","max-video-preview":"max-video-preview:-1"},"canonical":"https:\/\/oase-gronau-losser.org\/de\/2017\/overzicht-oase-seizoen-2017\/","og_locale":"de_DE","og_type":"article","og_title":"Jahresr\u00fcckblick 2017 - \u00d6kumenischer Kirchengarten OASE","og_description":"Das 14. Oasejahr ist beendet und wir haben uns 2017 mit dem Thema &#8222;Jeder hat Begabungen&#8220; besch\u00e4ftigt und verschiede Aktivit\u00e4ten angeboten. Ostern wurde mit dem Sonnenaufgang schon fr\u00fch Morgens auf der Oase gefeiert. Junge Menschen kamen mit Laternen zu Fuss aus Glanerbrug zum Oster-Gottesdienst. Lieder und Gebete waren nat\u00fcrlich zweisprachig. [&hellip;]","og_url":"https:\/\/oase-gronau-losser.org\/de\/2017\/overzicht-oase-seizoen-2017\/","og_site_name":"\u00d6kumenischer Kirchengarten OASE","article_published_time":"2017-11-21T14:37:01+00:00","article_modified_time":"2018-01-20T12:52:18+00:00","author":"te-online","twitter_card":"summary_large_image","twitter_misc":{"Verfasst von":"te-online","Gesch\u00e4tzte Lesezeit":"2\u00a0Minuten"},"schema":{"@context":"https:\/\/schema.org","@graph":[{"@type":"Article","@id":"https:\/\/oase-gronau-losser.org\/de\/2017\/overzicht-oase-seizoen-2017\/#article","isPartOf":{"@id":"https:\/\/oase-gronau-losser.org\/de\/2017\/overzicht-oase-seizoen-2017\/"},"author":{"name":"te-online","@id":"https:\/\/oase-gronau-losser.org\/de\/#\/schema\/person\/6d8d8eabb55d875999796f3bd3c77493"},"headline":"Jahresr\u00fcckblick 2017","datePublished":"2017-11-21T14:37:01+00:00","dateModified":"2018-01-20T12:52:18+00:00","mainEntityOfPage":{"@id":"https:\/\/oase-gronau-losser.org\/de\/2017\/overzicht-oase-seizoen-2017\/"},"wordCount":442,"inLanguage":"de"},{"@type":"WebPage","@id":"https:\/\/oase-gronau-losser.org\/de\/2017\/overzicht-oase-seizoen-2017\/","url":"https:\/\/oase-gronau-losser.org\/de\/2017\/overzicht-oase-seizoen-2017\/","name":"Jahresr\u00fcckblick 2017 - \u00d6kumenischer Kirchengarten OASE","isPartOf":{"@id":"https:\/\/oase-gronau-losser.org\/de\/#website"},"datePublished":"2017-11-21T14:37:01+00:00","dateModified":"2018-01-20T12:52:18+00:00","author":{"@id":"https:\/\/oase-gronau-losser.org\/de\/#\/schema\/person\/6d8d8eabb55d875999796f3bd3c77493"},"breadcrumb":{"@id":"https:\/\/oase-gronau-losser.org\/de\/2017\/overzicht-oase-seizoen-2017\/#breadcrumb"},"inLanguage":"de","potentialAction":[{"@type":"ReadAction","target":["https:\/\/oase-gronau-losser.org\/de\/2017\/overzicht-oase-seizoen-2017\/"]}]},{"@type":"BreadcrumbList","@id":"https:\/\/oase-gronau-losser.org\/de\/2017\/overzicht-oase-seizoen-2017\/#breadcrumb","itemListElement":[{"@type":"ListItem","position":1,"name":"Home","item":"https:\/\/oase-gronau-losser.org\/de\/"},{"@type":"ListItem","position":2,"name":"Jahresr\u00fcckblick 2017"}]},{"@type":"WebSite","@id":"https:\/\/oase-gronau-losser.org\/de\/#website","url":"https:\/\/oase-gronau-losser.org\/de\/","name":"\u00d6kumenischer Kirchengarten OASE","description":"Oecumenische Kerkentuin OASE \u2013 Christenen aan de grens","potentialAction":[{"@type":"SearchAction","target":{"@type":"EntryPoint","urlTemplate":"https:\/\/oase-gronau-losser.org\/de\/?s={search_term_string}"},"query-input":{"@type":"PropertyValueSpecification","valueRequired":true,"valueName":"search_term_string"}}],"inLanguage":"de"},{"@type":"Person","@id":"https:\/\/oase-gronau-losser.org\/de\/#\/schema\/person\/6d8d8eabb55d875999796f3bd3c77493","name":"te-online","image":{"@type":"ImageObject","inLanguage":"de","@id":"https:\/\/secure.gravatar.com\/avatar\/5843780f5450e62b7f15559a7c2ec410e45b8319ea58ac7f862616ac6da9e9bc?s=96&d=mm&r=g","url":"https:\/\/secure.gravatar.com\/avatar\/5843780f5450e62b7f15559a7c2ec410e45b8319ea58ac7f862616ac6da9e9bc?s=96&d=mm&r=g","contentUrl":"https:\/\/secure.gravatar.com\/avatar\/5843780f5450e62b7f15559a7c2ec410e45b8319ea58ac7f862616ac6da9e9bc?s=96&d=mm&r=g","caption":"te-online"},"url":"https:\/\/oase-gronau-losser.org\/de\/author\/te-online\/"}]}},"_links":{"self":[{"href":"https:\/\/oase-gronau-losser.org\/de\/wp-json\/wp\/v2\/posts\/3773","targetHints":{"allow":["GET"]}}],"collection":[{"href":"https:\/\/oase-gronau-losser.org\/de\/wp-json\/wp\/v2\/posts"}],"about":[{"href":"https:\/\/oase-gronau-losser.org\/de\/wp-json\/wp\/v2\/types\/post"}],"author":[{"embeddable":true,"href":"https:\/\/oase-gronau-losser.org\/de\/wp-json\/wp\/v2\/users\/1"}],"replies":[{"embeddable":true,"href":"https:\/\/oase-gronau-losser.org\/de\/wp-json\/wp\/v2\/comments?post=3773"}],"version-history":[{"count":4,"href":"https:\/\/oase-gronau-losser.org\/de\/wp-json\/wp\/v2\/posts\/3773\/revisions"}],"predecessor-version":[{"id":3969,"href":"https:\/\/oase-gronau-losser.org\/de\/wp-json\/wp\/v2\/posts\/3773\/revisions\/3969"}],"wp:attachment":[{"href":"https:\/\/oase-gronau-losser.org\/de\/wp-json\/wp\/v2\/media?parent=3773"}],"wp:term":[{"taxonomy":"category","embeddable":true,"href":"https:\/\/oase-gronau-losser.org\/de\/wp-json\/wp\/v2\/categories?post=3773"},{"taxonomy":"post_tag","embeddable":true,"href":"https:\/\/oase-gronau-losser.org\/de\/wp-json\/wp\/v2\/tags?post=3773"}],"curies":[{"name":"wp","href":"https:\/\/api.w.org\/{rel}","templated":true}]}}