{"id":3688,"date":"2017-10-06T23:02:10","date_gmt":"2017-10-06T21:02:10","guid":{"rendered":"https:\/\/oase-gronau-losser.org\/de\/?p=3688"},"modified":"2018-03-25T17:10:40","modified_gmt":"2018-03-25T15:10:40","slug":"korte-impressie-theatervoorstelling-met-braziliaanse-jongeren-op-de-oase","status":"publish","type":"post","link":"https:\/\/oase-gronau-losser.org\/de\/2017\/korte-impressie-theatervoorstelling-met-braziliaanse-jongeren-op-de-oase\/","title":{"rendered":"Theaterauftritt mit brasilianischen Jugendlichen auf der Oase"},"content":{"rendered":"<p class=\"p1\"><span class=\"s1\">Im Vorfeld waren wir Erwartungsvoll \u00fcber den Besuch der jungen Menschen aus Brasilien auf der Oase. Sie zeigten uns mit ihrem Gesang, Tanz und Theater, das Leben aus den armen Regionen Brasiliens.\u00a0<\/span><\/p>\n<p class=\"p1\"><span class=\"s1\">Die Oase wurde von etwa 60 G\u00e4sten besucht. Am Samstag regnete es noch, aber am Sonntag, den 1. Oktober war das Wetter angenehm. Die bunten Kleider leuchteten in der Sonne w\u00e4hrend des Auftritts. Der erste Abschnitt der Vorf\u00fchrung stellte die erb\u00e4rmlichen Umst\u00e4nde auf dem Lande im Norden Brasiliens da und auch die Alternativen einer Gro\u00dfstadt, wo gleichzeitig das soziale Gef\u00fcge verloren geht. Abh\u00e4ngigkeit und Einsamkeit beherrschen den Tag. Im zweiten Teil der Vorf\u00fchrung vermitteln die Jungendlichen, wie die Kraft, Gelenkigkeit, Musik und der Takt dieses Volkes ungebrochen ist und die Entwicklung nie aufh\u00f6rt. Gl\u00fccklicherweise hat Pater Beda Projekte geschaffen, in denen junge Menschen mit einer gezielten Ausbildung ihre Chancen auf dem<\/span><span class=\"s1\"> Arbeitsmarkt vergr\u00f6\u00dfern k\u00f6nnen, ohne dass das soziale Gef\u00fcge verloren geht.\u00a0<a href=\"https:\/\/oase-gronau-losser.org\/de\/wp-content\/uploads\/sites\/2\/2017\/10\/140-Oase-1Okt17.jpg\"><img loading=\"lazy\" decoding=\"async\" class=\"size-medium wp-image-3732 alignleft\" src=\"https:\/\/oase-gronau-losser.org\/de\/wp-content\/uploads\/sites\/2\/2017\/10\/140-Oase-1Okt17-300x212.jpg\" alt=\"\" width=\"300\" height=\"212\" srcset=\"https:\/\/oase-gronau-losser.org\/de\/wp-content\/uploads\/sites\/2\/2017\/10\/140-Oase-1Okt17-300x212.jpg 300w, https:\/\/oase-gronau-losser.org\/de\/wp-content\/uploads\/sites\/2\/2017\/10\/140-Oase-1Okt17-768x543.jpg 768w, https:\/\/oase-gronau-losser.org\/de\/wp-content\/uploads\/sites\/2\/2017\/10\/140-Oase-1Okt17-1024x724.jpg 1024w\" sizes=\"auto, (max-width: 300px) 100vw, 300px\" \/><\/a><\/span><\/p>\n<p class=\"p1\"><span class=\"s1\">Acht Wochen lang begleitet der Sozialarbeiter Marcos Xenofonte eine Gruppe junger Menschen aus Brasilien in Deutschland. Sie treten im Namen der Unesco mit der Gruppe \u201eKinderkulturelle Karawane, Verde\u201c auf. Marcos Xeofonte ist auch vielen bekannt durch seine Besuche auf der Oase und von den St\u00e4nden mit Produkten und Informationen aus Brasilien. Es sind viele Fotos gemacht worde. Bilder sagen oft mehr als Worte. <\/span><\/p>\n<p class=\"p1\"><span class=\"s1\">\u00a0<\/span><\/p>\n<p>&nbsp;<\/p>\n<p class=\"p1\"><span class=\"s1\">\u00dcbersetzung aus dem Niederl\u00e4ndischen von Arnold van Bommel<\/span><\/p>\n","protected":false},"excerpt":{"rendered":"<p>Im Vorfeld waren wir Erwartungsvoll \u00fcber den Besuch der jungen Menschen aus Brasilien auf der Oase. Sie zeigten uns mit ihrem Gesang, Tanz und Theater, das Leben aus den armen Regionen Brasiliens.\u00a0 Die Oase wurde von etwa 60 G\u00e4sten besucht. Am Samstag regnete es noch, aber am Sonntag, den 1. [&hellip;]<\/p>\n","protected":false},"author":1,"featured_media":0,"comment_status":"closed","ping_status":"open","sticky":false,"template":"","format":"standard","meta":{"_acf_changed":false,"footnotes":""},"categories":[1],"tags":[],"class_list":["post-3688","post","type-post","status-publish","format-standard","hentry","category-allgemein"],"acf":[],"yoast_head":"<!-- This site is optimized with the Yoast SEO plugin v27.5 - https:\/\/yoast.com\/product\/yoast-seo-wordpress\/ -->\n<title>Theaterauftritt mit brasilianischen Jugendlichen auf der Oase - \u00d6kumenischer Kirchengarten OASE<\/title>\n<meta name=\"robots\" content=\"index, follow, max-snippet:-1, max-image-preview:large, max-video-preview:-1\" \/>\n<link rel=\"canonical\" href=\"https:\/\/oase-gronau-losser.org\/de\/2017\/korte-impressie-theatervoorstelling-met-braziliaanse-jongeren-op-de-oase\/\" \/>\n<meta property=\"og:locale\" content=\"de_DE\" \/>\n<meta property=\"og:type\" content=\"article\" \/>\n<meta property=\"og:title\" content=\"Theaterauftritt mit brasilianischen Jugendlichen auf der Oase - \u00d6kumenischer Kirchengarten OASE\" \/>\n<meta property=\"og:description\" content=\"Im Vorfeld waren wir Erwartungsvoll \u00fcber den Besuch der jungen Menschen aus Brasilien auf der Oase. Sie zeigten uns mit ihrem Gesang, Tanz und Theater, das Leben aus den armen Regionen Brasiliens.\u00a0 Die Oase wurde von etwa 60 G\u00e4sten besucht. Am Samstag regnete es noch, aber am Sonntag, den 1. [&hellip;]\" \/>\n<meta property=\"og:url\" content=\"https:\/\/oase-gronau-losser.org\/de\/2017\/korte-impressie-theatervoorstelling-met-braziliaanse-jongeren-op-de-oase\/\" \/>\n<meta property=\"og:site_name\" content=\"\u00d6kumenischer Kirchengarten OASE\" \/>\n<meta property=\"article:published_time\" content=\"2017-10-06T21:02:10+00:00\" \/>\n<meta property=\"article:modified_time\" content=\"2018-03-25T15:10:40+00:00\" \/>\n<meta property=\"og:image\" content=\"https:\/\/oase-gronau-losser.org\/de\/wp-content\/uploads\/sites\/2\/2017\/10\/140-Oase-1Okt17-300x212.jpg\" \/>\n<meta name=\"author\" content=\"te-online\" \/>\n<meta name=\"twitter:card\" content=\"summary_large_image\" \/>\n<meta name=\"twitter:label1\" content=\"Verfasst von\" \/>\n\t<meta name=\"twitter:data1\" content=\"te-online\" \/>\n\t<meta name=\"twitter:label2\" content=\"Gesch\u00e4tzte Lesezeit\" \/>\n\t<meta name=\"twitter:data2\" content=\"1\u00a0Minute\" \/>\n<script type=\"application\/ld+json\" class=\"yoast-schema-graph\">{\"@context\":\"https:\\\/\\\/schema.org\",\"@graph\":[{\"@type\":\"Article\",\"@id\":\"https:\\\/\\\/oase-gronau-losser.org\\\/de\\\/2017\\\/korte-impressie-theatervoorstelling-met-braziliaanse-jongeren-op-de-oase\\\/#article\",\"isPartOf\":{\"@id\":\"https:\\\/\\\/oase-gronau-losser.org\\\/de\\\/2017\\\/korte-impressie-theatervoorstelling-met-braziliaanse-jongeren-op-de-oase\\\/\"},\"author\":{\"name\":\"te-online\",\"@id\":\"https:\\\/\\\/oase-gronau-losser.org\\\/de\\\/#\\\/schema\\\/person\\\/6d8d8eabb55d875999796f3bd3c77493\"},\"headline\":\"Theaterauftritt mit brasilianischen Jugendlichen auf der Oase\",\"datePublished\":\"2017-10-06T21:02:10+00:00\",\"dateModified\":\"2018-03-25T15:10:40+00:00\",\"mainEntityOfPage\":{\"@id\":\"https:\\\/\\\/oase-gronau-losser.org\\\/de\\\/2017\\\/korte-impressie-theatervoorstelling-met-braziliaanse-jongeren-op-de-oase\\\/\"},\"wordCount\":246,\"image\":{\"@id\":\"https:\\\/\\\/oase-gronau-losser.org\\\/de\\\/2017\\\/korte-impressie-theatervoorstelling-met-braziliaanse-jongeren-op-de-oase\\\/#primaryimage\"},\"thumbnailUrl\":\"https:\\\/\\\/oase-gronau-losser.org\\\/de\\\/wp-content\\\/uploads\\\/sites\\\/2\\\/2017\\\/10\\\/140-Oase-1Okt17-300x212.jpg\",\"inLanguage\":\"de\"},{\"@type\":\"WebPage\",\"@id\":\"https:\\\/\\\/oase-gronau-losser.org\\\/de\\\/2017\\\/korte-impressie-theatervoorstelling-met-braziliaanse-jongeren-op-de-oase\\\/\",\"url\":\"https:\\\/\\\/oase-gronau-losser.org\\\/de\\\/2017\\\/korte-impressie-theatervoorstelling-met-braziliaanse-jongeren-op-de-oase\\\/\",\"name\":\"Theaterauftritt mit brasilianischen Jugendlichen auf der Oase - \u00d6kumenischer Kirchengarten OASE\",\"isPartOf\":{\"@id\":\"https:\\\/\\\/oase-gronau-losser.org\\\/de\\\/#website\"},\"primaryImageOfPage\":{\"@id\":\"https:\\\/\\\/oase-gronau-losser.org\\\/de\\\/2017\\\/korte-impressie-theatervoorstelling-met-braziliaanse-jongeren-op-de-oase\\\/#primaryimage\"},\"image\":{\"@id\":\"https:\\\/\\\/oase-gronau-losser.org\\\/de\\\/2017\\\/korte-impressie-theatervoorstelling-met-braziliaanse-jongeren-op-de-oase\\\/#primaryimage\"},\"thumbnailUrl\":\"https:\\\/\\\/oase-gronau-losser.org\\\/de\\\/wp-content\\\/uploads\\\/sites\\\/2\\\/2017\\\/10\\\/140-Oase-1Okt17-300x212.jpg\",\"datePublished\":\"2017-10-06T21:02:10+00:00\",\"dateModified\":\"2018-03-25T15:10:40+00:00\",\"author\":{\"@id\":\"https:\\\/\\\/oase-gronau-losser.org\\\/de\\\/#\\\/schema\\\/person\\\/6d8d8eabb55d875999796f3bd3c77493\"},\"breadcrumb\":{\"@id\":\"https:\\\/\\\/oase-gronau-losser.org\\\/de\\\/2017\\\/korte-impressie-theatervoorstelling-met-braziliaanse-jongeren-op-de-oase\\\/#breadcrumb\"},\"inLanguage\":\"de\",\"potentialAction\":[{\"@type\":\"ReadAction\",\"target\":[\"https:\\\/\\\/oase-gronau-losser.org\\\/de\\\/2017\\\/korte-impressie-theatervoorstelling-met-braziliaanse-jongeren-op-de-oase\\\/\"]}]},{\"@type\":\"ImageObject\",\"inLanguage\":\"de\",\"@id\":\"https:\\\/\\\/oase-gronau-losser.org\\\/de\\\/2017\\\/korte-impressie-theatervoorstelling-met-braziliaanse-jongeren-op-de-oase\\\/#primaryimage\",\"url\":\"https:\\\/\\\/oase-gronau-losser.org\\\/de\\\/wp-content\\\/uploads\\\/sites\\\/2\\\/2017\\\/10\\\/140-Oase-1Okt17.jpg\",\"contentUrl\":\"https:\\\/\\\/oase-gronau-losser.org\\\/de\\\/wp-content\\\/uploads\\\/sites\\\/2\\\/2017\\\/10\\\/140-Oase-1Okt17.jpg\",\"width\":3023,\"height\":2138},{\"@type\":\"BreadcrumbList\",\"@id\":\"https:\\\/\\\/oase-gronau-losser.org\\\/de\\\/2017\\\/korte-impressie-theatervoorstelling-met-braziliaanse-jongeren-op-de-oase\\\/#breadcrumb\",\"itemListElement\":[{\"@type\":\"ListItem\",\"position\":1,\"name\":\"Home\",\"item\":\"https:\\\/\\\/oase-gronau-losser.org\\\/de\\\/\"},{\"@type\":\"ListItem\",\"position\":2,\"name\":\"Theaterauftritt mit brasilianischen Jugendlichen auf der Oase\"}]},{\"@type\":\"WebSite\",\"@id\":\"https:\\\/\\\/oase-gronau-losser.org\\\/de\\\/#website\",\"url\":\"https:\\\/\\\/oase-gronau-losser.org\\\/de\\\/\",\"name\":\"\u00d6kumenischer Kirchengarten OASE\",\"description\":\"Oecumenische Kerkentuin OASE \u2013 Christenen aan de grens\",\"potentialAction\":[{\"@type\":\"SearchAction\",\"target\":{\"@type\":\"EntryPoint\",\"urlTemplate\":\"https:\\\/\\\/oase-gronau-losser.org\\\/de\\\/?s={search_term_string}\"},\"query-input\":{\"@type\":\"PropertyValueSpecification\",\"valueRequired\":true,\"valueName\":\"search_term_string\"}}],\"inLanguage\":\"de\"},{\"@type\":\"Person\",\"@id\":\"https:\\\/\\\/oase-gronau-losser.org\\\/de\\\/#\\\/schema\\\/person\\\/6d8d8eabb55d875999796f3bd3c77493\",\"name\":\"te-online\",\"image\":{\"@type\":\"ImageObject\",\"inLanguage\":\"de\",\"@id\":\"https:\\\/\\\/secure.gravatar.com\\\/avatar\\\/5843780f5450e62b7f15559a7c2ec410e45b8319ea58ac7f862616ac6da9e9bc?s=96&d=mm&r=g\",\"url\":\"https:\\\/\\\/secure.gravatar.com\\\/avatar\\\/5843780f5450e62b7f15559a7c2ec410e45b8319ea58ac7f862616ac6da9e9bc?s=96&d=mm&r=g\",\"contentUrl\":\"https:\\\/\\\/secure.gravatar.com\\\/avatar\\\/5843780f5450e62b7f15559a7c2ec410e45b8319ea58ac7f862616ac6da9e9bc?s=96&d=mm&r=g\",\"caption\":\"te-online\"},\"url\":\"https:\\\/\\\/oase-gronau-losser.org\\\/de\\\/author\\\/te-online\\\/\"}]}<\/script>\n<!-- \/ Yoast SEO plugin. -->","yoast_head_json":{"title":"Theaterauftritt mit brasilianischen Jugendlichen auf der Oase - \u00d6kumenischer Kirchengarten OASE","robots":{"index":"index","follow":"follow","max-snippet":"max-snippet:-1","max-image-preview":"max-image-preview:large","max-video-preview":"max-video-preview:-1"},"canonical":"https:\/\/oase-gronau-losser.org\/de\/2017\/korte-impressie-theatervoorstelling-met-braziliaanse-jongeren-op-de-oase\/","og_locale":"de_DE","og_type":"article","og_title":"Theaterauftritt mit brasilianischen Jugendlichen auf der Oase - \u00d6kumenischer Kirchengarten OASE","og_description":"Im Vorfeld waren wir Erwartungsvoll \u00fcber den Besuch der jungen Menschen aus Brasilien auf der Oase. Sie zeigten uns mit ihrem Gesang, Tanz und Theater, das Leben aus den armen Regionen Brasiliens.\u00a0 Die Oase wurde von etwa 60 G\u00e4sten besucht. Am Samstag regnete es noch, aber am Sonntag, den 1. [&hellip;]","og_url":"https:\/\/oase-gronau-losser.org\/de\/2017\/korte-impressie-theatervoorstelling-met-braziliaanse-jongeren-op-de-oase\/","og_site_name":"\u00d6kumenischer Kirchengarten OASE","article_published_time":"2017-10-06T21:02:10+00:00","article_modified_time":"2018-03-25T15:10:40+00:00","og_image":[{"url":"https:\/\/oase-gronau-losser.org\/de\/wp-content\/uploads\/sites\/2\/2017\/10\/140-Oase-1Okt17-300x212.jpg","type":"","width":"","height":""}],"author":"te-online","twitter_card":"summary_large_image","twitter_misc":{"Verfasst von":"te-online","Gesch\u00e4tzte Lesezeit":"1\u00a0Minute"},"schema":{"@context":"https:\/\/schema.org","@graph":[{"@type":"Article","@id":"https:\/\/oase-gronau-losser.org\/de\/2017\/korte-impressie-theatervoorstelling-met-braziliaanse-jongeren-op-de-oase\/#article","isPartOf":{"@id":"https:\/\/oase-gronau-losser.org\/de\/2017\/korte-impressie-theatervoorstelling-met-braziliaanse-jongeren-op-de-oase\/"},"author":{"name":"te-online","@id":"https:\/\/oase-gronau-losser.org\/de\/#\/schema\/person\/6d8d8eabb55d875999796f3bd3c77493"},"headline":"Theaterauftritt mit brasilianischen Jugendlichen auf der Oase","datePublished":"2017-10-06T21:02:10+00:00","dateModified":"2018-03-25T15:10:40+00:00","mainEntityOfPage":{"@id":"https:\/\/oase-gronau-losser.org\/de\/2017\/korte-impressie-theatervoorstelling-met-braziliaanse-jongeren-op-de-oase\/"},"wordCount":246,"image":{"@id":"https:\/\/oase-gronau-losser.org\/de\/2017\/korte-impressie-theatervoorstelling-met-braziliaanse-jongeren-op-de-oase\/#primaryimage"},"thumbnailUrl":"https:\/\/oase-gronau-losser.org\/de\/wp-content\/uploads\/sites\/2\/2017\/10\/140-Oase-1Okt17-300x212.jpg","inLanguage":"de"},{"@type":"WebPage","@id":"https:\/\/oase-gronau-losser.org\/de\/2017\/korte-impressie-theatervoorstelling-met-braziliaanse-jongeren-op-de-oase\/","url":"https:\/\/oase-gronau-losser.org\/de\/2017\/korte-impressie-theatervoorstelling-met-braziliaanse-jongeren-op-de-oase\/","name":"Theaterauftritt mit brasilianischen Jugendlichen auf der Oase - \u00d6kumenischer Kirchengarten OASE","isPartOf":{"@id":"https:\/\/oase-gronau-losser.org\/de\/#website"},"primaryImageOfPage":{"@id":"https:\/\/oase-gronau-losser.org\/de\/2017\/korte-impressie-theatervoorstelling-met-braziliaanse-jongeren-op-de-oase\/#primaryimage"},"image":{"@id":"https:\/\/oase-gronau-losser.org\/de\/2017\/korte-impressie-theatervoorstelling-met-braziliaanse-jongeren-op-de-oase\/#primaryimage"},"thumbnailUrl":"https:\/\/oase-gronau-losser.org\/de\/wp-content\/uploads\/sites\/2\/2017\/10\/140-Oase-1Okt17-300x212.jpg","datePublished":"2017-10-06T21:02:10+00:00","dateModified":"2018-03-25T15:10:40+00:00","author":{"@id":"https:\/\/oase-gronau-losser.org\/de\/#\/schema\/person\/6d8d8eabb55d875999796f3bd3c77493"},"breadcrumb":{"@id":"https:\/\/oase-gronau-losser.org\/de\/2017\/korte-impressie-theatervoorstelling-met-braziliaanse-jongeren-op-de-oase\/#breadcrumb"},"inLanguage":"de","potentialAction":[{"@type":"ReadAction","target":["https:\/\/oase-gronau-losser.org\/de\/2017\/korte-impressie-theatervoorstelling-met-braziliaanse-jongeren-op-de-oase\/"]}]},{"@type":"ImageObject","inLanguage":"de","@id":"https:\/\/oase-gronau-losser.org\/de\/2017\/korte-impressie-theatervoorstelling-met-braziliaanse-jongeren-op-de-oase\/#primaryimage","url":"https:\/\/oase-gronau-losser.org\/de\/wp-content\/uploads\/sites\/2\/2017\/10\/140-Oase-1Okt17.jpg","contentUrl":"https:\/\/oase-gronau-losser.org\/de\/wp-content\/uploads\/sites\/2\/2017\/10\/140-Oase-1Okt17.jpg","width":3023,"height":2138},{"@type":"BreadcrumbList","@id":"https:\/\/oase-gronau-losser.org\/de\/2017\/korte-impressie-theatervoorstelling-met-braziliaanse-jongeren-op-de-oase\/#breadcrumb","itemListElement":[{"@type":"ListItem","position":1,"name":"Home","item":"https:\/\/oase-gronau-losser.org\/de\/"},{"@type":"ListItem","position":2,"name":"Theaterauftritt mit brasilianischen Jugendlichen auf der Oase"}]},{"@type":"WebSite","@id":"https:\/\/oase-gronau-losser.org\/de\/#website","url":"https:\/\/oase-gronau-losser.org\/de\/","name":"\u00d6kumenischer Kirchengarten OASE","description":"Oecumenische Kerkentuin OASE \u2013 Christenen aan de grens","potentialAction":[{"@type":"SearchAction","target":{"@type":"EntryPoint","urlTemplate":"https:\/\/oase-gronau-losser.org\/de\/?s={search_term_string}"},"query-input":{"@type":"PropertyValueSpecification","valueRequired":true,"valueName":"search_term_string"}}],"inLanguage":"de"},{"@type":"Person","@id":"https:\/\/oase-gronau-losser.org\/de\/#\/schema\/person\/6d8d8eabb55d875999796f3bd3c77493","name":"te-online","image":{"@type":"ImageObject","inLanguage":"de","@id":"https:\/\/secure.gravatar.com\/avatar\/5843780f5450e62b7f15559a7c2ec410e45b8319ea58ac7f862616ac6da9e9bc?s=96&d=mm&r=g","url":"https:\/\/secure.gravatar.com\/avatar\/5843780f5450e62b7f15559a7c2ec410e45b8319ea58ac7f862616ac6da9e9bc?s=96&d=mm&r=g","contentUrl":"https:\/\/secure.gravatar.com\/avatar\/5843780f5450e62b7f15559a7c2ec410e45b8319ea58ac7f862616ac6da9e9bc?s=96&d=mm&r=g","caption":"te-online"},"url":"https:\/\/oase-gronau-losser.org\/de\/author\/te-online\/"}]}},"_links":{"self":[{"href":"https:\/\/oase-gronau-losser.org\/de\/wp-json\/wp\/v2\/posts\/3688","targetHints":{"allow":["GET"]}}],"collection":[{"href":"https:\/\/oase-gronau-losser.org\/de\/wp-json\/wp\/v2\/posts"}],"about":[{"href":"https:\/\/oase-gronau-losser.org\/de\/wp-json\/wp\/v2\/types\/post"}],"author":[{"embeddable":true,"href":"https:\/\/oase-gronau-losser.org\/de\/wp-json\/wp\/v2\/users\/1"}],"replies":[{"embeddable":true,"href":"https:\/\/oase-gronau-losser.org\/de\/wp-json\/wp\/v2\/comments?post=3688"}],"version-history":[{"count":6,"href":"https:\/\/oase-gronau-losser.org\/de\/wp-json\/wp\/v2\/posts\/3688\/revisions"}],"predecessor-version":[{"id":4076,"href":"https:\/\/oase-gronau-losser.org\/de\/wp-json\/wp\/v2\/posts\/3688\/revisions\/4076"}],"wp:attachment":[{"href":"https:\/\/oase-gronau-losser.org\/de\/wp-json\/wp\/v2\/media?parent=3688"}],"wp:term":[{"taxonomy":"category","embeddable":true,"href":"https:\/\/oase-gronau-losser.org\/de\/wp-json\/wp\/v2\/categories?post=3688"},{"taxonomy":"post_tag","embeddable":true,"href":"https:\/\/oase-gronau-losser.org\/de\/wp-json\/wp\/v2\/tags?post=3688"}],"curies":[{"name":"wp","href":"https:\/\/api.w.org\/{rel}","templated":true}]}}