{"id":3675,"date":"2017-09-02T18:45:02","date_gmt":"2017-09-02T16:45:02","guid":{"rendered":"https:\/\/oase-gronau-losser.org\/de\/?p=3675"},"modified":"2017-09-21T18:45:25","modified_gmt":"2017-09-21T16:45:25","slug":"abschlusstreffen-fuer-kinder-und-gaeste-auf-dem-oasegelaende","status":"publish","type":"post","link":"https:\/\/oase-gronau-losser.org\/de\/2017\/abschlusstreffen-fuer-kinder-und-gaeste-auf-dem-oasegelaende\/","title":{"rendered":"Abschlusstreffen f\u00fcr Kinder und G\u00e4ste auf dem Oasegel\u00e4nde"},"content":{"rendered":"<p>Vom 24.\u00a0Juli bis 28. Juli fand auf dem Oasegel\u00e4nde eine Spielwoche f\u00fcr Kinder aus dem Grensgebiet\u00a0 statt. Die Kinder, die daran teilnahmen konnten nicht genug davon bekommen und fanden es viel zu kurz. Deshalb organisiert das Oaseteam am Feitag den 8. September einen Spielabend f\u00fcr Kinder und Interssierte. Gemeinsames Singen, Brot backen und eine Reflexion \u00fcber die Spielwoche finden auch statt. Gute Ideen f\u00fcr die n\u00e4chste Spielwoche sind immer willkommen.<\/p>\n<p>Eltern und G\u00e4ste sind auch herzlich eingeladen.<br \/>\nAuf wiedersehn am Freitag den 8. September ab 19.00 Uhr.<\/p>\n<p>Sch\u00f6ne Gr\u00fc\u00dfe, Das Oaseteam.<\/p>\n<p><em>\u00dcberzetzung: Arnold van Bommel<\/em><\/p>\n","protected":false},"excerpt":{"rendered":"<p>Vom 24.\u00a0Juli bis 28. Juli fand auf dem Oasegel\u00e4nde eine Spielwoche f\u00fcr Kinder aus dem Grensgebiet\u00a0 statt. Die Kinder, die daran teilnahmen konnten nicht genug davon bekommen und fanden es viel zu kurz. Deshalb organisiert das Oaseteam am Feitag den 8. September einen Spielabend f\u00fcr Kinder und Interssierte. Gemeinsames Singen, [&hellip;]<\/p>\n","protected":false},"author":1,"featured_media":0,"comment_status":"closed","ping_status":"open","sticky":false,"template":"","format":"standard","meta":{"_acf_changed":false,"footnotes":""},"categories":[1],"tags":[],"class_list":["post-3675","post","type-post","status-publish","format-standard","hentry","category-allgemein"],"acf":[],"yoast_head":"<!-- This site is optimized with the Yoast SEO plugin v27.5 - https:\/\/yoast.com\/product\/yoast-seo-wordpress\/ -->\n<title>Abschlusstreffen f\u00fcr Kinder und G\u00e4ste auf dem Oasegel\u00e4nde - \u00d6kumenischer Kirchengarten OASE<\/title>\n<meta name=\"robots\" content=\"index, follow, max-snippet:-1, max-image-preview:large, max-video-preview:-1\" \/>\n<link rel=\"canonical\" href=\"https:\/\/oase-gronau-losser.org\/de\/2017\/abschlusstreffen-fuer-kinder-und-gaeste-auf-dem-oasegelaende\/\" \/>\n<meta property=\"og:locale\" content=\"de_DE\" \/>\n<meta property=\"og:type\" content=\"article\" \/>\n<meta property=\"og:title\" content=\"Abschlusstreffen f\u00fcr Kinder und G\u00e4ste auf dem Oasegel\u00e4nde - \u00d6kumenischer Kirchengarten OASE\" \/>\n<meta property=\"og:description\" content=\"Vom 24.\u00a0Juli bis 28. Juli fand auf dem Oasegel\u00e4nde eine Spielwoche f\u00fcr Kinder aus dem Grensgebiet\u00a0 statt. Die Kinder, die daran teilnahmen konnten nicht genug davon bekommen und fanden es viel zu kurz. Deshalb organisiert das Oaseteam am Feitag den 8. September einen Spielabend f\u00fcr Kinder und Interssierte. Gemeinsames Singen, [&hellip;]\" \/>\n<meta property=\"og:url\" content=\"https:\/\/oase-gronau-losser.org\/de\/2017\/abschlusstreffen-fuer-kinder-und-gaeste-auf-dem-oasegelaende\/\" \/>\n<meta property=\"og:site_name\" content=\"\u00d6kumenischer Kirchengarten OASE\" \/>\n<meta property=\"article:published_time\" content=\"2017-09-02T16:45:02+00:00\" \/>\n<meta property=\"article:modified_time\" content=\"2017-09-21T16:45:25+00:00\" \/>\n<meta name=\"author\" content=\"te-online\" \/>\n<meta name=\"twitter:card\" content=\"summary_large_image\" \/>\n<meta name=\"twitter:label1\" content=\"Verfasst von\" \/>\n\t<meta name=\"twitter:data1\" content=\"te-online\" \/>\n<script type=\"application\/ld+json\" class=\"yoast-schema-graph\">{\"@context\":\"https:\\\/\\\/schema.org\",\"@graph\":[{\"@type\":\"Article\",\"@id\":\"https:\\\/\\\/oase-gronau-losser.org\\\/de\\\/2017\\\/abschlusstreffen-fuer-kinder-und-gaeste-auf-dem-oasegelaende\\\/#article\",\"isPartOf\":{\"@id\":\"https:\\\/\\\/oase-gronau-losser.org\\\/de\\\/2017\\\/abschlusstreffen-fuer-kinder-und-gaeste-auf-dem-oasegelaende\\\/\"},\"author\":{\"name\":\"te-online\",\"@id\":\"https:\\\/\\\/oase-gronau-losser.org\\\/de\\\/#\\\/schema\\\/person\\\/6d8d8eabb55d875999796f3bd3c77493\"},\"headline\":\"Abschlusstreffen f\u00fcr Kinder und G\u00e4ste auf dem Oasegel\u00e4nde\",\"datePublished\":\"2017-09-02T16:45:02+00:00\",\"dateModified\":\"2017-09-21T16:45:25+00:00\",\"mainEntityOfPage\":{\"@id\":\"https:\\\/\\\/oase-gronau-losser.org\\\/de\\\/2017\\\/abschlusstreffen-fuer-kinder-und-gaeste-auf-dem-oasegelaende\\\/\"},\"wordCount\":110,\"inLanguage\":\"de\"},{\"@type\":\"WebPage\",\"@id\":\"https:\\\/\\\/oase-gronau-losser.org\\\/de\\\/2017\\\/abschlusstreffen-fuer-kinder-und-gaeste-auf-dem-oasegelaende\\\/\",\"url\":\"https:\\\/\\\/oase-gronau-losser.org\\\/de\\\/2017\\\/abschlusstreffen-fuer-kinder-und-gaeste-auf-dem-oasegelaende\\\/\",\"name\":\"Abschlusstreffen f\u00fcr Kinder und G\u00e4ste auf dem Oasegel\u00e4nde - \u00d6kumenischer Kirchengarten OASE\",\"isPartOf\":{\"@id\":\"https:\\\/\\\/oase-gronau-losser.org\\\/de\\\/#website\"},\"datePublished\":\"2017-09-02T16:45:02+00:00\",\"dateModified\":\"2017-09-21T16:45:25+00:00\",\"author\":{\"@id\":\"https:\\\/\\\/oase-gronau-losser.org\\\/de\\\/#\\\/schema\\\/person\\\/6d8d8eabb55d875999796f3bd3c77493\"},\"breadcrumb\":{\"@id\":\"https:\\\/\\\/oase-gronau-losser.org\\\/de\\\/2017\\\/abschlusstreffen-fuer-kinder-und-gaeste-auf-dem-oasegelaende\\\/#breadcrumb\"},\"inLanguage\":\"de\",\"potentialAction\":[{\"@type\":\"ReadAction\",\"target\":[\"https:\\\/\\\/oase-gronau-losser.org\\\/de\\\/2017\\\/abschlusstreffen-fuer-kinder-und-gaeste-auf-dem-oasegelaende\\\/\"]}]},{\"@type\":\"BreadcrumbList\",\"@id\":\"https:\\\/\\\/oase-gronau-losser.org\\\/de\\\/2017\\\/abschlusstreffen-fuer-kinder-und-gaeste-auf-dem-oasegelaende\\\/#breadcrumb\",\"itemListElement\":[{\"@type\":\"ListItem\",\"position\":1,\"name\":\"Home\",\"item\":\"https:\\\/\\\/oase-gronau-losser.org\\\/de\\\/\"},{\"@type\":\"ListItem\",\"position\":2,\"name\":\"Abschlusstreffen f\u00fcr Kinder und G\u00e4ste auf dem Oasegel\u00e4nde\"}]},{\"@type\":\"WebSite\",\"@id\":\"https:\\\/\\\/oase-gronau-losser.org\\\/de\\\/#website\",\"url\":\"https:\\\/\\\/oase-gronau-losser.org\\\/de\\\/\",\"name\":\"\u00d6kumenischer Kirchengarten OASE\",\"description\":\"Oecumenische Kerkentuin OASE \u2013 Christenen aan de grens\",\"potentialAction\":[{\"@type\":\"SearchAction\",\"target\":{\"@type\":\"EntryPoint\",\"urlTemplate\":\"https:\\\/\\\/oase-gronau-losser.org\\\/de\\\/?s={search_term_string}\"},\"query-input\":{\"@type\":\"PropertyValueSpecification\",\"valueRequired\":true,\"valueName\":\"search_term_string\"}}],\"inLanguage\":\"de\"},{\"@type\":\"Person\",\"@id\":\"https:\\\/\\\/oase-gronau-losser.org\\\/de\\\/#\\\/schema\\\/person\\\/6d8d8eabb55d875999796f3bd3c77493\",\"name\":\"te-online\",\"image\":{\"@type\":\"ImageObject\",\"inLanguage\":\"de\",\"@id\":\"https:\\\/\\\/secure.gravatar.com\\\/avatar\\\/5843780f5450e62b7f15559a7c2ec410e45b8319ea58ac7f862616ac6da9e9bc?s=96&d=mm&r=g\",\"url\":\"https:\\\/\\\/secure.gravatar.com\\\/avatar\\\/5843780f5450e62b7f15559a7c2ec410e45b8319ea58ac7f862616ac6da9e9bc?s=96&d=mm&r=g\",\"contentUrl\":\"https:\\\/\\\/secure.gravatar.com\\\/avatar\\\/5843780f5450e62b7f15559a7c2ec410e45b8319ea58ac7f862616ac6da9e9bc?s=96&d=mm&r=g\",\"caption\":\"te-online\"},\"url\":\"https:\\\/\\\/oase-gronau-losser.org\\\/de\\\/author\\\/te-online\\\/\"}]}<\/script>\n<!-- \/ Yoast SEO plugin. -->","yoast_head_json":{"title":"Abschlusstreffen f\u00fcr Kinder und G\u00e4ste auf dem Oasegel\u00e4nde - \u00d6kumenischer Kirchengarten OASE","robots":{"index":"index","follow":"follow","max-snippet":"max-snippet:-1","max-image-preview":"max-image-preview:large","max-video-preview":"max-video-preview:-1"},"canonical":"https:\/\/oase-gronau-losser.org\/de\/2017\/abschlusstreffen-fuer-kinder-und-gaeste-auf-dem-oasegelaende\/","og_locale":"de_DE","og_type":"article","og_title":"Abschlusstreffen f\u00fcr Kinder und G\u00e4ste auf dem Oasegel\u00e4nde - \u00d6kumenischer Kirchengarten OASE","og_description":"Vom 24.\u00a0Juli bis 28. Juli fand auf dem Oasegel\u00e4nde eine Spielwoche f\u00fcr Kinder aus dem Grensgebiet\u00a0 statt. Die Kinder, die daran teilnahmen konnten nicht genug davon bekommen und fanden es viel zu kurz. Deshalb organisiert das Oaseteam am Feitag den 8. September einen Spielabend f\u00fcr Kinder und Interssierte. Gemeinsames Singen, [&hellip;]","og_url":"https:\/\/oase-gronau-losser.org\/de\/2017\/abschlusstreffen-fuer-kinder-und-gaeste-auf-dem-oasegelaende\/","og_site_name":"\u00d6kumenischer Kirchengarten OASE","article_published_time":"2017-09-02T16:45:02+00:00","article_modified_time":"2017-09-21T16:45:25+00:00","author":"te-online","twitter_card":"summary_large_image","twitter_misc":{"Verfasst von":"te-online"},"schema":{"@context":"https:\/\/schema.org","@graph":[{"@type":"Article","@id":"https:\/\/oase-gronau-losser.org\/de\/2017\/abschlusstreffen-fuer-kinder-und-gaeste-auf-dem-oasegelaende\/#article","isPartOf":{"@id":"https:\/\/oase-gronau-losser.org\/de\/2017\/abschlusstreffen-fuer-kinder-und-gaeste-auf-dem-oasegelaende\/"},"author":{"name":"te-online","@id":"https:\/\/oase-gronau-losser.org\/de\/#\/schema\/person\/6d8d8eabb55d875999796f3bd3c77493"},"headline":"Abschlusstreffen f\u00fcr Kinder und G\u00e4ste auf dem Oasegel\u00e4nde","datePublished":"2017-09-02T16:45:02+00:00","dateModified":"2017-09-21T16:45:25+00:00","mainEntityOfPage":{"@id":"https:\/\/oase-gronau-losser.org\/de\/2017\/abschlusstreffen-fuer-kinder-und-gaeste-auf-dem-oasegelaende\/"},"wordCount":110,"inLanguage":"de"},{"@type":"WebPage","@id":"https:\/\/oase-gronau-losser.org\/de\/2017\/abschlusstreffen-fuer-kinder-und-gaeste-auf-dem-oasegelaende\/","url":"https:\/\/oase-gronau-losser.org\/de\/2017\/abschlusstreffen-fuer-kinder-und-gaeste-auf-dem-oasegelaende\/","name":"Abschlusstreffen f\u00fcr Kinder und G\u00e4ste auf dem Oasegel\u00e4nde - \u00d6kumenischer Kirchengarten OASE","isPartOf":{"@id":"https:\/\/oase-gronau-losser.org\/de\/#website"},"datePublished":"2017-09-02T16:45:02+00:00","dateModified":"2017-09-21T16:45:25+00:00","author":{"@id":"https:\/\/oase-gronau-losser.org\/de\/#\/schema\/person\/6d8d8eabb55d875999796f3bd3c77493"},"breadcrumb":{"@id":"https:\/\/oase-gronau-losser.org\/de\/2017\/abschlusstreffen-fuer-kinder-und-gaeste-auf-dem-oasegelaende\/#breadcrumb"},"inLanguage":"de","potentialAction":[{"@type":"ReadAction","target":["https:\/\/oase-gronau-losser.org\/de\/2017\/abschlusstreffen-fuer-kinder-und-gaeste-auf-dem-oasegelaende\/"]}]},{"@type":"BreadcrumbList","@id":"https:\/\/oase-gronau-losser.org\/de\/2017\/abschlusstreffen-fuer-kinder-und-gaeste-auf-dem-oasegelaende\/#breadcrumb","itemListElement":[{"@type":"ListItem","position":1,"name":"Home","item":"https:\/\/oase-gronau-losser.org\/de\/"},{"@type":"ListItem","position":2,"name":"Abschlusstreffen f\u00fcr Kinder und G\u00e4ste auf dem Oasegel\u00e4nde"}]},{"@type":"WebSite","@id":"https:\/\/oase-gronau-losser.org\/de\/#website","url":"https:\/\/oase-gronau-losser.org\/de\/","name":"\u00d6kumenischer Kirchengarten OASE","description":"Oecumenische Kerkentuin OASE \u2013 Christenen aan de grens","potentialAction":[{"@type":"SearchAction","target":{"@type":"EntryPoint","urlTemplate":"https:\/\/oase-gronau-losser.org\/de\/?s={search_term_string}"},"query-input":{"@type":"PropertyValueSpecification","valueRequired":true,"valueName":"search_term_string"}}],"inLanguage":"de"},{"@type":"Person","@id":"https:\/\/oase-gronau-losser.org\/de\/#\/schema\/person\/6d8d8eabb55d875999796f3bd3c77493","name":"te-online","image":{"@type":"ImageObject","inLanguage":"de","@id":"https:\/\/secure.gravatar.com\/avatar\/5843780f5450e62b7f15559a7c2ec410e45b8319ea58ac7f862616ac6da9e9bc?s=96&d=mm&r=g","url":"https:\/\/secure.gravatar.com\/avatar\/5843780f5450e62b7f15559a7c2ec410e45b8319ea58ac7f862616ac6da9e9bc?s=96&d=mm&r=g","contentUrl":"https:\/\/secure.gravatar.com\/avatar\/5843780f5450e62b7f15559a7c2ec410e45b8319ea58ac7f862616ac6da9e9bc?s=96&d=mm&r=g","caption":"te-online"},"url":"https:\/\/oase-gronau-losser.org\/de\/author\/te-online\/"}]}},"_links":{"self":[{"href":"https:\/\/oase-gronau-losser.org\/de\/wp-json\/wp\/v2\/posts\/3675","targetHints":{"allow":["GET"]}}],"collection":[{"href":"https:\/\/oase-gronau-losser.org\/de\/wp-json\/wp\/v2\/posts"}],"about":[{"href":"https:\/\/oase-gronau-losser.org\/de\/wp-json\/wp\/v2\/types\/post"}],"author":[{"embeddable":true,"href":"https:\/\/oase-gronau-losser.org\/de\/wp-json\/wp\/v2\/users\/1"}],"replies":[{"embeddable":true,"href":"https:\/\/oase-gronau-losser.org\/de\/wp-json\/wp\/v2\/comments?post=3675"}],"version-history":[{"count":1,"href":"https:\/\/oase-gronau-losser.org\/de\/wp-json\/wp\/v2\/posts\/3675\/revisions"}],"predecessor-version":[{"id":3676,"href":"https:\/\/oase-gronau-losser.org\/de\/wp-json\/wp\/v2\/posts\/3675\/revisions\/3676"}],"wp:attachment":[{"href":"https:\/\/oase-gronau-losser.org\/de\/wp-json\/wp\/v2\/media?parent=3675"}],"wp:term":[{"taxonomy":"category","embeddable":true,"href":"https:\/\/oase-gronau-losser.org\/de\/wp-json\/wp\/v2\/categories?post=3675"},{"taxonomy":"post_tag","embeddable":true,"href":"https:\/\/oase-gronau-losser.org\/de\/wp-json\/wp\/v2\/tags?post=3675"}],"curies":[{"name":"wp","href":"https:\/\/api.w.org\/{rel}","templated":true}]}}