{"id":3223,"date":"2015-08-24T17:35:49","date_gmt":"2015-08-24T15:35:49","guid":{"rendered":"\/\/oase-gronau-losser.org\/de\/?p=3223"},"modified":"2015-09-01T21:47:43","modified_gmt":"2015-09-01T19:47:43","slug":"den-sabbat-feiern-mit-herz-und-seele","status":"publish","type":"post","link":"https:\/\/oase-gronau-losser.org\/de\/2015\/den-sabbat-feiern-mit-herz-und-seele\/","title":{"rendered":"Den Sabbat feiern \u2013\u00a0mit Herz und Seele"},"content":{"rendered":"<p>Die Freitagabende auf der Oase stehen dieses Jahr unter dem Motto der evangelischen Kirche in den Niederlanden:\u00a0 Mit Herz, Leib und Seele \u2013 Feiern und Verbinden. Bei dem \u201dOase-Feuer\u201c am 4. September wird\u00a0 Pfarrerin Heike Bergmann \u00fcber die Bedeutung des Sabbat in der Bibel und im Judentum berichten.<\/p>\n<p>In der j\u00fcdischen und christlichen Tradition spielt der Feiertag eine besondere Rolle. Wie wichtig\u00a0 die Unterbrechung der Arbeit\u00a0 ist, wird heute immer mehr vergessen. Aber nach der biblischen \u00dcberlieferung\u00a0 ist der siebte Tag die \u201eKrone\u201c der Sch\u00f6pfung und soll die Menschen erinnern: Sie und alle Gesch\u00f6pfe sind keine Sklaven der Arbeit und des Konsums. Was das bedeuten kann, dar\u00fcber k\u00f6nnen die Teilnehmenden ins Gespr\u00e4ch kommen.<\/p>\n<p><strong>Herzliche Einladung an alle Interessierten. Brot, Wein und andere Getr\u00e4nke stehen bereit.<\/strong><\/p>\n","protected":false},"excerpt":{"rendered":"<p>Die Freitagabende auf der Oase stehen dieses Jahr unter dem Motto der evangelischen Kirche in den Niederlanden:  Mit Herz, Leib und Seele \u2013 Feiern und Verbinden. <strong>Bei dem \u201dOase-Feuer\u201c am 4. September wird  Pfarrerin Heike Bergmann \u00fcber die Bedeutung des Sabbat in der Bibel und im Judentum berichten.<\/strong><\/p>\n","protected":false},"author":1,"featured_media":0,"comment_status":"closed","ping_status":"open","sticky":false,"template":"","format":"standard","meta":{"_acf_changed":false,"footnotes":""},"categories":[1],"tags":[],"class_list":["post-3223","post","type-post","status-publish","format-standard","hentry","category-allgemein"],"acf":[],"yoast_head":"<!-- This site is optimized with the Yoast SEO plugin v27.5 - https:\/\/yoast.com\/product\/yoast-seo-wordpress\/ -->\n<title>Den Sabbat feiern \u2013\u00a0mit Herz und Seele - \u00d6kumenischer Kirchengarten OASE<\/title>\n<meta name=\"robots\" content=\"index, follow, max-snippet:-1, max-image-preview:large, max-video-preview:-1\" \/>\n<link rel=\"canonical\" href=\"https:\/\/oase-gronau-losser.org\/de\/2015\/den-sabbat-feiern-mit-herz-und-seele\/\" \/>\n<meta property=\"og:locale\" content=\"de_DE\" \/>\n<meta property=\"og:type\" content=\"article\" \/>\n<meta property=\"og:title\" content=\"Den Sabbat feiern \u2013\u00a0mit Herz und Seele - \u00d6kumenischer Kirchengarten OASE\" \/>\n<meta property=\"og:description\" content=\"Die Freitagabende auf der Oase stehen dieses Jahr unter dem Motto der evangelischen Kirche in den Niederlanden: Mit Herz, Leib und Seele \u2013 Feiern und Verbinden. Bei dem \u201dOase-Feuer\u201c am 4. September wird Pfarrerin Heike Bergmann \u00fcber die Bedeutung des Sabbat in der Bibel und im Judentum berichten.\" \/>\n<meta property=\"og:url\" content=\"https:\/\/oase-gronau-losser.org\/de\/2015\/den-sabbat-feiern-mit-herz-und-seele\/\" \/>\n<meta property=\"og:site_name\" content=\"\u00d6kumenischer Kirchengarten OASE\" \/>\n<meta property=\"article:published_time\" content=\"2015-08-24T15:35:49+00:00\" \/>\n<meta property=\"article:modified_time\" content=\"2015-09-01T19:47:43+00:00\" \/>\n<meta name=\"author\" content=\"te-online\" \/>\n<meta name=\"twitter:card\" content=\"summary_large_image\" \/>\n<meta name=\"twitter:label1\" content=\"Verfasst von\" \/>\n\t<meta name=\"twitter:data1\" content=\"te-online\" \/>\n\t<meta name=\"twitter:label2\" content=\"Gesch\u00e4tzte Lesezeit\" \/>\n\t<meta name=\"twitter:data2\" content=\"1\u00a0Minute\" \/>\n<script type=\"application\/ld+json\" class=\"yoast-schema-graph\">{\"@context\":\"https:\\\/\\\/schema.org\",\"@graph\":[{\"@type\":\"Article\",\"@id\":\"https:\\\/\\\/oase-gronau-losser.org\\\/de\\\/2015\\\/den-sabbat-feiern-mit-herz-und-seele\\\/#article\",\"isPartOf\":{\"@id\":\"https:\\\/\\\/oase-gronau-losser.org\\\/de\\\/2015\\\/den-sabbat-feiern-mit-herz-und-seele\\\/\"},\"author\":{\"name\":\"te-online\",\"@id\":\"https:\\\/\\\/oase-gronau-losser.org\\\/de\\\/#\\\/schema\\\/person\\\/6d8d8eabb55d875999796f3bd3c77493\"},\"headline\":\"Den Sabbat feiern \u2013\u00a0mit Herz und Seele\",\"datePublished\":\"2015-08-24T15:35:49+00:00\",\"dateModified\":\"2015-09-01T19:47:43+00:00\",\"mainEntityOfPage\":{\"@id\":\"https:\\\/\\\/oase-gronau-losser.org\\\/de\\\/2015\\\/den-sabbat-feiern-mit-herz-und-seele\\\/\"},\"wordCount\":137,\"inLanguage\":\"de\"},{\"@type\":\"WebPage\",\"@id\":\"https:\\\/\\\/oase-gronau-losser.org\\\/de\\\/2015\\\/den-sabbat-feiern-mit-herz-und-seele\\\/\",\"url\":\"https:\\\/\\\/oase-gronau-losser.org\\\/de\\\/2015\\\/den-sabbat-feiern-mit-herz-und-seele\\\/\",\"name\":\"Den Sabbat feiern \u2013\u00a0mit Herz und Seele - \u00d6kumenischer Kirchengarten OASE\",\"isPartOf\":{\"@id\":\"https:\\\/\\\/oase-gronau-losser.org\\\/de\\\/#website\"},\"datePublished\":\"2015-08-24T15:35:49+00:00\",\"dateModified\":\"2015-09-01T19:47:43+00:00\",\"author\":{\"@id\":\"https:\\\/\\\/oase-gronau-losser.org\\\/de\\\/#\\\/schema\\\/person\\\/6d8d8eabb55d875999796f3bd3c77493\"},\"breadcrumb\":{\"@id\":\"https:\\\/\\\/oase-gronau-losser.org\\\/de\\\/2015\\\/den-sabbat-feiern-mit-herz-und-seele\\\/#breadcrumb\"},\"inLanguage\":\"de\",\"potentialAction\":[{\"@type\":\"ReadAction\",\"target\":[\"https:\\\/\\\/oase-gronau-losser.org\\\/de\\\/2015\\\/den-sabbat-feiern-mit-herz-und-seele\\\/\"]}]},{\"@type\":\"BreadcrumbList\",\"@id\":\"https:\\\/\\\/oase-gronau-losser.org\\\/de\\\/2015\\\/den-sabbat-feiern-mit-herz-und-seele\\\/#breadcrumb\",\"itemListElement\":[{\"@type\":\"ListItem\",\"position\":1,\"name\":\"Home\",\"item\":\"https:\\\/\\\/oase-gronau-losser.org\\\/de\\\/\"},{\"@type\":\"ListItem\",\"position\":2,\"name\":\"Den Sabbat feiern \u2013\u00a0mit Herz und Seele\"}]},{\"@type\":\"WebSite\",\"@id\":\"https:\\\/\\\/oase-gronau-losser.org\\\/de\\\/#website\",\"url\":\"https:\\\/\\\/oase-gronau-losser.org\\\/de\\\/\",\"name\":\"\u00d6kumenischer Kirchengarten OASE\",\"description\":\"Oecumenische Kerkentuin OASE \u2013 Christenen aan de grens\",\"potentialAction\":[{\"@type\":\"SearchAction\",\"target\":{\"@type\":\"EntryPoint\",\"urlTemplate\":\"https:\\\/\\\/oase-gronau-losser.org\\\/de\\\/?s={search_term_string}\"},\"query-input\":{\"@type\":\"PropertyValueSpecification\",\"valueRequired\":true,\"valueName\":\"search_term_string\"}}],\"inLanguage\":\"de\"},{\"@type\":\"Person\",\"@id\":\"https:\\\/\\\/oase-gronau-losser.org\\\/de\\\/#\\\/schema\\\/person\\\/6d8d8eabb55d875999796f3bd3c77493\",\"name\":\"te-online\",\"image\":{\"@type\":\"ImageObject\",\"inLanguage\":\"de\",\"@id\":\"https:\\\/\\\/secure.gravatar.com\\\/avatar\\\/5843780f5450e62b7f15559a7c2ec410e45b8319ea58ac7f862616ac6da9e9bc?s=96&d=mm&r=g\",\"url\":\"https:\\\/\\\/secure.gravatar.com\\\/avatar\\\/5843780f5450e62b7f15559a7c2ec410e45b8319ea58ac7f862616ac6da9e9bc?s=96&d=mm&r=g\",\"contentUrl\":\"https:\\\/\\\/secure.gravatar.com\\\/avatar\\\/5843780f5450e62b7f15559a7c2ec410e45b8319ea58ac7f862616ac6da9e9bc?s=96&d=mm&r=g\",\"caption\":\"te-online\"},\"url\":\"https:\\\/\\\/oase-gronau-losser.org\\\/de\\\/author\\\/te-online\\\/\"}]}<\/script>\n<!-- \/ Yoast SEO plugin. -->","yoast_head_json":{"title":"Den Sabbat feiern \u2013\u00a0mit Herz und Seele - \u00d6kumenischer Kirchengarten OASE","robots":{"index":"index","follow":"follow","max-snippet":"max-snippet:-1","max-image-preview":"max-image-preview:large","max-video-preview":"max-video-preview:-1"},"canonical":"https:\/\/oase-gronau-losser.org\/de\/2015\/den-sabbat-feiern-mit-herz-und-seele\/","og_locale":"de_DE","og_type":"article","og_title":"Den Sabbat feiern \u2013\u00a0mit Herz und Seele - \u00d6kumenischer Kirchengarten OASE","og_description":"Die Freitagabende auf der Oase stehen dieses Jahr unter dem Motto der evangelischen Kirche in den Niederlanden: Mit Herz, Leib und Seele \u2013 Feiern und Verbinden. Bei dem \u201dOase-Feuer\u201c am 4. September wird Pfarrerin Heike Bergmann \u00fcber die Bedeutung des Sabbat in der Bibel und im Judentum berichten.","og_url":"https:\/\/oase-gronau-losser.org\/de\/2015\/den-sabbat-feiern-mit-herz-und-seele\/","og_site_name":"\u00d6kumenischer Kirchengarten OASE","article_published_time":"2015-08-24T15:35:49+00:00","article_modified_time":"2015-09-01T19:47:43+00:00","author":"te-online","twitter_card":"summary_large_image","twitter_misc":{"Verfasst von":"te-online","Gesch\u00e4tzte Lesezeit":"1\u00a0Minute"},"schema":{"@context":"https:\/\/schema.org","@graph":[{"@type":"Article","@id":"https:\/\/oase-gronau-losser.org\/de\/2015\/den-sabbat-feiern-mit-herz-und-seele\/#article","isPartOf":{"@id":"https:\/\/oase-gronau-losser.org\/de\/2015\/den-sabbat-feiern-mit-herz-und-seele\/"},"author":{"name":"te-online","@id":"https:\/\/oase-gronau-losser.org\/de\/#\/schema\/person\/6d8d8eabb55d875999796f3bd3c77493"},"headline":"Den Sabbat feiern \u2013\u00a0mit Herz und Seele","datePublished":"2015-08-24T15:35:49+00:00","dateModified":"2015-09-01T19:47:43+00:00","mainEntityOfPage":{"@id":"https:\/\/oase-gronau-losser.org\/de\/2015\/den-sabbat-feiern-mit-herz-und-seele\/"},"wordCount":137,"inLanguage":"de"},{"@type":"WebPage","@id":"https:\/\/oase-gronau-losser.org\/de\/2015\/den-sabbat-feiern-mit-herz-und-seele\/","url":"https:\/\/oase-gronau-losser.org\/de\/2015\/den-sabbat-feiern-mit-herz-und-seele\/","name":"Den Sabbat feiern \u2013\u00a0mit Herz und Seele - \u00d6kumenischer Kirchengarten OASE","isPartOf":{"@id":"https:\/\/oase-gronau-losser.org\/de\/#website"},"datePublished":"2015-08-24T15:35:49+00:00","dateModified":"2015-09-01T19:47:43+00:00","author":{"@id":"https:\/\/oase-gronau-losser.org\/de\/#\/schema\/person\/6d8d8eabb55d875999796f3bd3c77493"},"breadcrumb":{"@id":"https:\/\/oase-gronau-losser.org\/de\/2015\/den-sabbat-feiern-mit-herz-und-seele\/#breadcrumb"},"inLanguage":"de","potentialAction":[{"@type":"ReadAction","target":["https:\/\/oase-gronau-losser.org\/de\/2015\/den-sabbat-feiern-mit-herz-und-seele\/"]}]},{"@type":"BreadcrumbList","@id":"https:\/\/oase-gronau-losser.org\/de\/2015\/den-sabbat-feiern-mit-herz-und-seele\/#breadcrumb","itemListElement":[{"@type":"ListItem","position":1,"name":"Home","item":"https:\/\/oase-gronau-losser.org\/de\/"},{"@type":"ListItem","position":2,"name":"Den Sabbat feiern \u2013\u00a0mit Herz und Seele"}]},{"@type":"WebSite","@id":"https:\/\/oase-gronau-losser.org\/de\/#website","url":"https:\/\/oase-gronau-losser.org\/de\/","name":"\u00d6kumenischer Kirchengarten OASE","description":"Oecumenische Kerkentuin OASE \u2013 Christenen aan de grens","potentialAction":[{"@type":"SearchAction","target":{"@type":"EntryPoint","urlTemplate":"https:\/\/oase-gronau-losser.org\/de\/?s={search_term_string}"},"query-input":{"@type":"PropertyValueSpecification","valueRequired":true,"valueName":"search_term_string"}}],"inLanguage":"de"},{"@type":"Person","@id":"https:\/\/oase-gronau-losser.org\/de\/#\/schema\/person\/6d8d8eabb55d875999796f3bd3c77493","name":"te-online","image":{"@type":"ImageObject","inLanguage":"de","@id":"https:\/\/secure.gravatar.com\/avatar\/5843780f5450e62b7f15559a7c2ec410e45b8319ea58ac7f862616ac6da9e9bc?s=96&d=mm&r=g","url":"https:\/\/secure.gravatar.com\/avatar\/5843780f5450e62b7f15559a7c2ec410e45b8319ea58ac7f862616ac6da9e9bc?s=96&d=mm&r=g","contentUrl":"https:\/\/secure.gravatar.com\/avatar\/5843780f5450e62b7f15559a7c2ec410e45b8319ea58ac7f862616ac6da9e9bc?s=96&d=mm&r=g","caption":"te-online"},"url":"https:\/\/oase-gronau-losser.org\/de\/author\/te-online\/"}]}},"_links":{"self":[{"href":"https:\/\/oase-gronau-losser.org\/de\/wp-json\/wp\/v2\/posts\/3223","targetHints":{"allow":["GET"]}}],"collection":[{"href":"https:\/\/oase-gronau-losser.org\/de\/wp-json\/wp\/v2\/posts"}],"about":[{"href":"https:\/\/oase-gronau-losser.org\/de\/wp-json\/wp\/v2\/types\/post"}],"author":[{"embeddable":true,"href":"https:\/\/oase-gronau-losser.org\/de\/wp-json\/wp\/v2\/users\/1"}],"replies":[{"embeddable":true,"href":"https:\/\/oase-gronau-losser.org\/de\/wp-json\/wp\/v2\/comments?post=3223"}],"version-history":[{"count":4,"href":"https:\/\/oase-gronau-losser.org\/de\/wp-json\/wp\/v2\/posts\/3223\/revisions"}],"predecessor-version":[{"id":3248,"href":"https:\/\/oase-gronau-losser.org\/de\/wp-json\/wp\/v2\/posts\/3223\/revisions\/3248"}],"wp:attachment":[{"href":"https:\/\/oase-gronau-losser.org\/de\/wp-json\/wp\/v2\/media?parent=3223"}],"wp:term":[{"taxonomy":"category","embeddable":true,"href":"https:\/\/oase-gronau-losser.org\/de\/wp-json\/wp\/v2\/categories?post=3223"},{"taxonomy":"post_tag","embeddable":true,"href":"https:\/\/oase-gronau-losser.org\/de\/wp-json\/wp\/v2\/tags?post=3223"}],"curies":[{"name":"wp","href":"https:\/\/api.w.org\/{rel}","templated":true}]}}