{"id":3218,"date":"2015-07-31T15:53:20","date_gmt":"2015-07-31T13:53:20","guid":{"rendered":"\/\/oase-gronau-losser.org\/de\/?p=3218"},"modified":"2015-07-31T15:53:20","modified_gmt":"2015-07-31T13:53:20","slug":"biologe-richard-struijk-haelt-am-7-august-vortrag-auf-der-oase","status":"publish","type":"post","link":"https:\/\/oase-gronau-losser.org\/de\/2015\/biologe-richard-struijk-haelt-am-7-august-vortrag-auf-der-oase\/","title":{"rendered":"Biologe Richard Struijk h\u00e4lt am 7. August Vortrag auf der Oase"},"content":{"rendered":"<p><strong>Am 7. August 2015 spricht Richard Struijk \u00fcber ein Leben und Arbeiten in Papua-Neu-Guinea.<\/strong> Er wird von seiner Erfahrung mit Lepra-Erkrankten berichten und an diesem Abend wird das Oasefeuer als Zeichen f\u00fcr W\u00e4rme und Licht angez\u00fcndet. Es besteht die M\u00f6glichkeit, w\u00e4hrend oder im Anschluss des Vortrags Fragen an Herrn Struijk zu stellen. Das Oase-Team hofft, wieder viele Besucher bei Brot und Wein begr\u00fc\u00dfen zu d\u00fcrfen.<\/p>\n<p><em>Wet dat je zeer welkom bent.<\/em><\/p>\n<p>Herzliche Gr\u00fc\u00dfe<\/p>\n<p><em>Oane de Vries im Namen des Oase-Teams<\/em><\/p>\n","protected":false},"excerpt":{"rendered":"<p><strong>Am 7. August 2015 spricht Richard Struijk \u00fcber ein Leben und Arbeiten in Papua-Neu-Guinea.<\/strong> Gleichzeitig gibt es wieder ein Oase-Feuer mit Brot und Wein. Seien Sie herzlich willkommen!<\/p>\n","protected":false},"author":1,"featured_media":0,"comment_status":"closed","ping_status":"open","sticky":false,"template":"","format":"standard","meta":{"_acf_changed":false,"footnotes":""},"categories":[1],"tags":[],"class_list":["post-3218","post","type-post","status-publish","format-standard","hentry","category-allgemein"],"acf":[],"yoast_head":"<!-- This site is optimized with the Yoast SEO plugin v27.5 - https:\/\/yoast.com\/product\/yoast-seo-wordpress\/ -->\n<title>Biologe Richard Struijk h\u00e4lt am 7. August Vortrag auf der Oase - \u00d6kumenischer Kirchengarten OASE<\/title>\n<meta name=\"robots\" content=\"index, follow, max-snippet:-1, max-image-preview:large, max-video-preview:-1\" \/>\n<link rel=\"canonical\" href=\"https:\/\/oase-gronau-losser.org\/de\/2015\/biologe-richard-struijk-haelt-am-7-august-vortrag-auf-der-oase\/\" \/>\n<meta property=\"og:locale\" content=\"de_DE\" \/>\n<meta property=\"og:type\" content=\"article\" \/>\n<meta property=\"og:title\" content=\"Biologe Richard Struijk h\u00e4lt am 7. August Vortrag auf der Oase - \u00d6kumenischer Kirchengarten OASE\" \/>\n<meta property=\"og:description\" content=\"Am 7. August 2015 spricht Richard Struijk \u00fcber ein Leben und Arbeiten in Papua-Neu-Guinea. Gleichzeitig gibt es wieder ein Oase-Feuer mit Brot und Wein. Seien Sie herzlich willkommen!\" \/>\n<meta property=\"og:url\" content=\"https:\/\/oase-gronau-losser.org\/de\/2015\/biologe-richard-struijk-haelt-am-7-august-vortrag-auf-der-oase\/\" \/>\n<meta property=\"og:site_name\" content=\"\u00d6kumenischer Kirchengarten OASE\" \/>\n<meta property=\"article:published_time\" content=\"2015-07-31T13:53:20+00:00\" \/>\n<meta name=\"author\" content=\"te-online\" \/>\n<meta name=\"twitter:card\" content=\"summary_large_image\" \/>\n<meta name=\"twitter:label1\" content=\"Verfasst von\" \/>\n\t<meta name=\"twitter:data1\" content=\"te-online\" \/>\n<script type=\"application\/ld+json\" class=\"yoast-schema-graph\">{\"@context\":\"https:\\\/\\\/schema.org\",\"@graph\":[{\"@type\":\"Article\",\"@id\":\"https:\\\/\\\/oase-gronau-losser.org\\\/de\\\/2015\\\/biologe-richard-struijk-haelt-am-7-august-vortrag-auf-der-oase\\\/#article\",\"isPartOf\":{\"@id\":\"https:\\\/\\\/oase-gronau-losser.org\\\/de\\\/2015\\\/biologe-richard-struijk-haelt-am-7-august-vortrag-auf-der-oase\\\/\"},\"author\":{\"name\":\"te-online\",\"@id\":\"https:\\\/\\\/oase-gronau-losser.org\\\/de\\\/#\\\/schema\\\/person\\\/6d8d8eabb55d875999796f3bd3c77493\"},\"headline\":\"Biologe Richard Struijk h\u00e4lt am 7. August Vortrag auf der Oase\",\"datePublished\":\"2015-07-31T13:53:20+00:00\",\"mainEntityOfPage\":{\"@id\":\"https:\\\/\\\/oase-gronau-losser.org\\\/de\\\/2015\\\/biologe-richard-struijk-haelt-am-7-august-vortrag-auf-der-oase\\\/\"},\"wordCount\":97,\"inLanguage\":\"de\"},{\"@type\":\"WebPage\",\"@id\":\"https:\\\/\\\/oase-gronau-losser.org\\\/de\\\/2015\\\/biologe-richard-struijk-haelt-am-7-august-vortrag-auf-der-oase\\\/\",\"url\":\"https:\\\/\\\/oase-gronau-losser.org\\\/de\\\/2015\\\/biologe-richard-struijk-haelt-am-7-august-vortrag-auf-der-oase\\\/\",\"name\":\"Biologe Richard Struijk h\u00e4lt am 7. August Vortrag auf der Oase - \u00d6kumenischer Kirchengarten OASE\",\"isPartOf\":{\"@id\":\"https:\\\/\\\/oase-gronau-losser.org\\\/de\\\/#website\"},\"datePublished\":\"2015-07-31T13:53:20+00:00\",\"author\":{\"@id\":\"https:\\\/\\\/oase-gronau-losser.org\\\/de\\\/#\\\/schema\\\/person\\\/6d8d8eabb55d875999796f3bd3c77493\"},\"breadcrumb\":{\"@id\":\"https:\\\/\\\/oase-gronau-losser.org\\\/de\\\/2015\\\/biologe-richard-struijk-haelt-am-7-august-vortrag-auf-der-oase\\\/#breadcrumb\"},\"inLanguage\":\"de\",\"potentialAction\":[{\"@type\":\"ReadAction\",\"target\":[\"https:\\\/\\\/oase-gronau-losser.org\\\/de\\\/2015\\\/biologe-richard-struijk-haelt-am-7-august-vortrag-auf-der-oase\\\/\"]}]},{\"@type\":\"BreadcrumbList\",\"@id\":\"https:\\\/\\\/oase-gronau-losser.org\\\/de\\\/2015\\\/biologe-richard-struijk-haelt-am-7-august-vortrag-auf-der-oase\\\/#breadcrumb\",\"itemListElement\":[{\"@type\":\"ListItem\",\"position\":1,\"name\":\"Home\",\"item\":\"https:\\\/\\\/oase-gronau-losser.org\\\/de\\\/\"},{\"@type\":\"ListItem\",\"position\":2,\"name\":\"Biologe Richard Struijk h\u00e4lt am 7. August Vortrag auf der Oase\"}]},{\"@type\":\"WebSite\",\"@id\":\"https:\\\/\\\/oase-gronau-losser.org\\\/de\\\/#website\",\"url\":\"https:\\\/\\\/oase-gronau-losser.org\\\/de\\\/\",\"name\":\"\u00d6kumenischer Kirchengarten OASE\",\"description\":\"Oecumenische Kerkentuin OASE \u2013 Christenen aan de grens\",\"potentialAction\":[{\"@type\":\"SearchAction\",\"target\":{\"@type\":\"EntryPoint\",\"urlTemplate\":\"https:\\\/\\\/oase-gronau-losser.org\\\/de\\\/?s={search_term_string}\"},\"query-input\":{\"@type\":\"PropertyValueSpecification\",\"valueRequired\":true,\"valueName\":\"search_term_string\"}}],\"inLanguage\":\"de\"},{\"@type\":\"Person\",\"@id\":\"https:\\\/\\\/oase-gronau-losser.org\\\/de\\\/#\\\/schema\\\/person\\\/6d8d8eabb55d875999796f3bd3c77493\",\"name\":\"te-online\",\"image\":{\"@type\":\"ImageObject\",\"inLanguage\":\"de\",\"@id\":\"https:\\\/\\\/secure.gravatar.com\\\/avatar\\\/5843780f5450e62b7f15559a7c2ec410e45b8319ea58ac7f862616ac6da9e9bc?s=96&d=mm&r=g\",\"url\":\"https:\\\/\\\/secure.gravatar.com\\\/avatar\\\/5843780f5450e62b7f15559a7c2ec410e45b8319ea58ac7f862616ac6da9e9bc?s=96&d=mm&r=g\",\"contentUrl\":\"https:\\\/\\\/secure.gravatar.com\\\/avatar\\\/5843780f5450e62b7f15559a7c2ec410e45b8319ea58ac7f862616ac6da9e9bc?s=96&d=mm&r=g\",\"caption\":\"te-online\"},\"url\":\"https:\\\/\\\/oase-gronau-losser.org\\\/de\\\/author\\\/te-online\\\/\"}]}<\/script>\n<!-- \/ Yoast SEO plugin. -->","yoast_head_json":{"title":"Biologe Richard Struijk h\u00e4lt am 7. August Vortrag auf der Oase - \u00d6kumenischer Kirchengarten OASE","robots":{"index":"index","follow":"follow","max-snippet":"max-snippet:-1","max-image-preview":"max-image-preview:large","max-video-preview":"max-video-preview:-1"},"canonical":"https:\/\/oase-gronau-losser.org\/de\/2015\/biologe-richard-struijk-haelt-am-7-august-vortrag-auf-der-oase\/","og_locale":"de_DE","og_type":"article","og_title":"Biologe Richard Struijk h\u00e4lt am 7. August Vortrag auf der Oase - \u00d6kumenischer Kirchengarten OASE","og_description":"Am 7. August 2015 spricht Richard Struijk \u00fcber ein Leben und Arbeiten in Papua-Neu-Guinea. Gleichzeitig gibt es wieder ein Oase-Feuer mit Brot und Wein. Seien Sie herzlich willkommen!","og_url":"https:\/\/oase-gronau-losser.org\/de\/2015\/biologe-richard-struijk-haelt-am-7-august-vortrag-auf-der-oase\/","og_site_name":"\u00d6kumenischer Kirchengarten OASE","article_published_time":"2015-07-31T13:53:20+00:00","author":"te-online","twitter_card":"summary_large_image","twitter_misc":{"Verfasst von":"te-online"},"schema":{"@context":"https:\/\/schema.org","@graph":[{"@type":"Article","@id":"https:\/\/oase-gronau-losser.org\/de\/2015\/biologe-richard-struijk-haelt-am-7-august-vortrag-auf-der-oase\/#article","isPartOf":{"@id":"https:\/\/oase-gronau-losser.org\/de\/2015\/biologe-richard-struijk-haelt-am-7-august-vortrag-auf-der-oase\/"},"author":{"name":"te-online","@id":"https:\/\/oase-gronau-losser.org\/de\/#\/schema\/person\/6d8d8eabb55d875999796f3bd3c77493"},"headline":"Biologe Richard Struijk h\u00e4lt am 7. August Vortrag auf der Oase","datePublished":"2015-07-31T13:53:20+00:00","mainEntityOfPage":{"@id":"https:\/\/oase-gronau-losser.org\/de\/2015\/biologe-richard-struijk-haelt-am-7-august-vortrag-auf-der-oase\/"},"wordCount":97,"inLanguage":"de"},{"@type":"WebPage","@id":"https:\/\/oase-gronau-losser.org\/de\/2015\/biologe-richard-struijk-haelt-am-7-august-vortrag-auf-der-oase\/","url":"https:\/\/oase-gronau-losser.org\/de\/2015\/biologe-richard-struijk-haelt-am-7-august-vortrag-auf-der-oase\/","name":"Biologe Richard Struijk h\u00e4lt am 7. August Vortrag auf der Oase - \u00d6kumenischer Kirchengarten OASE","isPartOf":{"@id":"https:\/\/oase-gronau-losser.org\/de\/#website"},"datePublished":"2015-07-31T13:53:20+00:00","author":{"@id":"https:\/\/oase-gronau-losser.org\/de\/#\/schema\/person\/6d8d8eabb55d875999796f3bd3c77493"},"breadcrumb":{"@id":"https:\/\/oase-gronau-losser.org\/de\/2015\/biologe-richard-struijk-haelt-am-7-august-vortrag-auf-der-oase\/#breadcrumb"},"inLanguage":"de","potentialAction":[{"@type":"ReadAction","target":["https:\/\/oase-gronau-losser.org\/de\/2015\/biologe-richard-struijk-haelt-am-7-august-vortrag-auf-der-oase\/"]}]},{"@type":"BreadcrumbList","@id":"https:\/\/oase-gronau-losser.org\/de\/2015\/biologe-richard-struijk-haelt-am-7-august-vortrag-auf-der-oase\/#breadcrumb","itemListElement":[{"@type":"ListItem","position":1,"name":"Home","item":"https:\/\/oase-gronau-losser.org\/de\/"},{"@type":"ListItem","position":2,"name":"Biologe Richard Struijk h\u00e4lt am 7. August Vortrag auf der Oase"}]},{"@type":"WebSite","@id":"https:\/\/oase-gronau-losser.org\/de\/#website","url":"https:\/\/oase-gronau-losser.org\/de\/","name":"\u00d6kumenischer Kirchengarten OASE","description":"Oecumenische Kerkentuin OASE \u2013 Christenen aan de grens","potentialAction":[{"@type":"SearchAction","target":{"@type":"EntryPoint","urlTemplate":"https:\/\/oase-gronau-losser.org\/de\/?s={search_term_string}"},"query-input":{"@type":"PropertyValueSpecification","valueRequired":true,"valueName":"search_term_string"}}],"inLanguage":"de"},{"@type":"Person","@id":"https:\/\/oase-gronau-losser.org\/de\/#\/schema\/person\/6d8d8eabb55d875999796f3bd3c77493","name":"te-online","image":{"@type":"ImageObject","inLanguage":"de","@id":"https:\/\/secure.gravatar.com\/avatar\/5843780f5450e62b7f15559a7c2ec410e45b8319ea58ac7f862616ac6da9e9bc?s=96&d=mm&r=g","url":"https:\/\/secure.gravatar.com\/avatar\/5843780f5450e62b7f15559a7c2ec410e45b8319ea58ac7f862616ac6da9e9bc?s=96&d=mm&r=g","contentUrl":"https:\/\/secure.gravatar.com\/avatar\/5843780f5450e62b7f15559a7c2ec410e45b8319ea58ac7f862616ac6da9e9bc?s=96&d=mm&r=g","caption":"te-online"},"url":"https:\/\/oase-gronau-losser.org\/de\/author\/te-online\/"}]}},"_links":{"self":[{"href":"https:\/\/oase-gronau-losser.org\/de\/wp-json\/wp\/v2\/posts\/3218","targetHints":{"allow":["GET"]}}],"collection":[{"href":"https:\/\/oase-gronau-losser.org\/de\/wp-json\/wp\/v2\/posts"}],"about":[{"href":"https:\/\/oase-gronau-losser.org\/de\/wp-json\/wp\/v2\/types\/post"}],"author":[{"embeddable":true,"href":"https:\/\/oase-gronau-losser.org\/de\/wp-json\/wp\/v2\/users\/1"}],"replies":[{"embeddable":true,"href":"https:\/\/oase-gronau-losser.org\/de\/wp-json\/wp\/v2\/comments?post=3218"}],"version-history":[{"count":3,"href":"https:\/\/oase-gronau-losser.org\/de\/wp-json\/wp\/v2\/posts\/3218\/revisions"}],"predecessor-version":[{"id":3221,"href":"https:\/\/oase-gronau-losser.org\/de\/wp-json\/wp\/v2\/posts\/3218\/revisions\/3221"}],"wp:attachment":[{"href":"https:\/\/oase-gronau-losser.org\/de\/wp-json\/wp\/v2\/media?parent=3218"}],"wp:term":[{"taxonomy":"category","embeddable":true,"href":"https:\/\/oase-gronau-losser.org\/de\/wp-json\/wp\/v2\/categories?post=3218"},{"taxonomy":"post_tag","embeddable":true,"href":"https:\/\/oase-gronau-losser.org\/de\/wp-json\/wp\/v2\/tags?post=3218"}],"curies":[{"name":"wp","href":"https:\/\/api.w.org\/{rel}","templated":true}]}}