{"id":2322,"date":"2015-05-11T19:01:37","date_gmt":"2015-05-11T17:01:37","guid":{"rendered":"\/\/oase-gronau-losser.org\/de\/?p=2322"},"modified":"2015-05-11T19:03:17","modified_gmt":"2015-05-11T17:03:17","slug":"welche-farben-hat-der-himmel-andacht-zu-himmelfahrt-auf-der-oase","status":"publish","type":"post","link":"https:\/\/oase-gronau-losser.org\/de\/2015\/welche-farben-hat-der-himmel-andacht-zu-himmelfahrt-auf-der-oase\/","title":{"rendered":"Welche Farben hat der Himmel?"},"content":{"rendered":"<p>Am Donnerstag, den 14. Mai., l\u00e4dt der Oase-Verein zu einer Andacht auf dem Gel\u00e4nde des \u00f6kumenischen Kirchengartens an der Dinkelstra\u00dfe ein.<\/p>\n<p><strong>Welche Farben hat der Himmel?<\/strong> Der K\u00fcnstler Vincent van Gogh hat dem Himmel in seinen ausdrucksstarken Bildern viele Farben gegeben. Seine Bilder vom Himmel haben den verstorbenen Dichter und Kabarettisten Hanns-Dieter H\u00fcsch zu Gedichten inspiriert. Die \u00bbHimmelsbilder\u00ab beider K\u00fcnstler und die Kraft der Farben werden im Zentrum der Andacht am Donnerstag stehen.<\/p>\n<p><strong>Beginn:<\/strong> 17.00 Uhr.<\/p>\n<p>Die Oase ist vorher ge\u00f6ffnet und Besucherinnen und Besucher sind zu Kaffee und Kuchen wie immer herzlich willkommen.<\/p>\n","protected":false},"excerpt":{"rendered":"<p><strong>\u2013 Andacht zu Himmelfahrt auf der Oase.<\/strong> Am Donnerstag, den 14. Mai., l\u00e4dt der Oase-Verein zu einer Andacht auf dem Gel\u00e4nde des \u00f6kumenischen Kirchengartens an der Dinkelstra\u00dfe ein.<\/p>\n","protected":false},"author":1,"featured_media":0,"comment_status":"closed","ping_status":"open","sticky":false,"template":"","format":"standard","meta":{"_acf_changed":false,"footnotes":""},"categories":[1],"tags":[],"class_list":["post-2322","post","type-post","status-publish","format-standard","hentry","category-allgemein"],"acf":[],"yoast_head":"<!-- This site is optimized with the Yoast SEO plugin v27.5 - https:\/\/yoast.com\/product\/yoast-seo-wordpress\/ -->\n<title>Welche Farben hat der Himmel? - \u00d6kumenischer Kirchengarten OASE<\/title>\n<meta name=\"robots\" content=\"index, follow, max-snippet:-1, max-image-preview:large, max-video-preview:-1\" \/>\n<link rel=\"canonical\" href=\"https:\/\/oase-gronau-losser.org\/de\/2015\/welche-farben-hat-der-himmel-andacht-zu-himmelfahrt-auf-der-oase\/\" \/>\n<meta property=\"og:locale\" content=\"de_DE\" \/>\n<meta property=\"og:type\" content=\"article\" \/>\n<meta property=\"og:title\" content=\"Welche Farben hat der Himmel? - \u00d6kumenischer Kirchengarten OASE\" \/>\n<meta property=\"og:description\" content=\"\u2013 Andacht zu Himmelfahrt auf der Oase. Am Donnerstag, den 14. Mai., l\u00e4dt der Oase-Verein zu einer Andacht auf dem Gel\u00e4nde des \u00f6kumenischen Kirchengartens an der Dinkelstra\u00dfe ein.\" \/>\n<meta property=\"og:url\" content=\"https:\/\/oase-gronau-losser.org\/de\/2015\/welche-farben-hat-der-himmel-andacht-zu-himmelfahrt-auf-der-oase\/\" \/>\n<meta property=\"og:site_name\" content=\"\u00d6kumenischer Kirchengarten OASE\" \/>\n<meta property=\"article:published_time\" content=\"2015-05-11T17:01:37+00:00\" \/>\n<meta property=\"article:modified_time\" content=\"2015-05-11T17:03:17+00:00\" \/>\n<meta name=\"author\" content=\"te-online\" \/>\n<meta name=\"twitter:card\" content=\"summary_large_image\" \/>\n<meta name=\"twitter:label1\" content=\"Verfasst von\" \/>\n\t<meta name=\"twitter:data1\" content=\"te-online\" \/>\n<script type=\"application\/ld+json\" class=\"yoast-schema-graph\">{\"@context\":\"https:\\\/\\\/schema.org\",\"@graph\":[{\"@type\":\"Article\",\"@id\":\"https:\\\/\\\/oase-gronau-losser.org\\\/de\\\/2015\\\/welche-farben-hat-der-himmel-andacht-zu-himmelfahrt-auf-der-oase\\\/#article\",\"isPartOf\":{\"@id\":\"https:\\\/\\\/oase-gronau-losser.org\\\/de\\\/2015\\\/welche-farben-hat-der-himmel-andacht-zu-himmelfahrt-auf-der-oase\\\/\"},\"author\":{\"name\":\"te-online\",\"@id\":\"https:\\\/\\\/oase-gronau-losser.org\\\/de\\\/#\\\/schema\\\/person\\\/6d8d8eabb55d875999796f3bd3c77493\"},\"headline\":\"Welche Farben hat der Himmel?\",\"datePublished\":\"2015-05-11T17:01:37+00:00\",\"dateModified\":\"2015-05-11T17:03:17+00:00\",\"mainEntityOfPage\":{\"@id\":\"https:\\\/\\\/oase-gronau-losser.org\\\/de\\\/2015\\\/welche-farben-hat-der-himmel-andacht-zu-himmelfahrt-auf-der-oase\\\/\"},\"wordCount\":104,\"inLanguage\":\"de\"},{\"@type\":\"WebPage\",\"@id\":\"https:\\\/\\\/oase-gronau-losser.org\\\/de\\\/2015\\\/welche-farben-hat-der-himmel-andacht-zu-himmelfahrt-auf-der-oase\\\/\",\"url\":\"https:\\\/\\\/oase-gronau-losser.org\\\/de\\\/2015\\\/welche-farben-hat-der-himmel-andacht-zu-himmelfahrt-auf-der-oase\\\/\",\"name\":\"Welche Farben hat der Himmel? - \u00d6kumenischer Kirchengarten OASE\",\"isPartOf\":{\"@id\":\"https:\\\/\\\/oase-gronau-losser.org\\\/de\\\/#website\"},\"datePublished\":\"2015-05-11T17:01:37+00:00\",\"dateModified\":\"2015-05-11T17:03:17+00:00\",\"author\":{\"@id\":\"https:\\\/\\\/oase-gronau-losser.org\\\/de\\\/#\\\/schema\\\/person\\\/6d8d8eabb55d875999796f3bd3c77493\"},\"breadcrumb\":{\"@id\":\"https:\\\/\\\/oase-gronau-losser.org\\\/de\\\/2015\\\/welche-farben-hat-der-himmel-andacht-zu-himmelfahrt-auf-der-oase\\\/#breadcrumb\"},\"inLanguage\":\"de\",\"potentialAction\":[{\"@type\":\"ReadAction\",\"target\":[\"https:\\\/\\\/oase-gronau-losser.org\\\/de\\\/2015\\\/welche-farben-hat-der-himmel-andacht-zu-himmelfahrt-auf-der-oase\\\/\"]}]},{\"@type\":\"BreadcrumbList\",\"@id\":\"https:\\\/\\\/oase-gronau-losser.org\\\/de\\\/2015\\\/welche-farben-hat-der-himmel-andacht-zu-himmelfahrt-auf-der-oase\\\/#breadcrumb\",\"itemListElement\":[{\"@type\":\"ListItem\",\"position\":1,\"name\":\"Home\",\"item\":\"https:\\\/\\\/oase-gronau-losser.org\\\/de\\\/\"},{\"@type\":\"ListItem\",\"position\":2,\"name\":\"Welche Farben hat der Himmel?\"}]},{\"@type\":\"WebSite\",\"@id\":\"https:\\\/\\\/oase-gronau-losser.org\\\/de\\\/#website\",\"url\":\"https:\\\/\\\/oase-gronau-losser.org\\\/de\\\/\",\"name\":\"\u00d6kumenischer Kirchengarten OASE\",\"description\":\"Oecumenische Kerkentuin OASE \u2013 Christenen aan de grens\",\"potentialAction\":[{\"@type\":\"SearchAction\",\"target\":{\"@type\":\"EntryPoint\",\"urlTemplate\":\"https:\\\/\\\/oase-gronau-losser.org\\\/de\\\/?s={search_term_string}\"},\"query-input\":{\"@type\":\"PropertyValueSpecification\",\"valueRequired\":true,\"valueName\":\"search_term_string\"}}],\"inLanguage\":\"de\"},{\"@type\":\"Person\",\"@id\":\"https:\\\/\\\/oase-gronau-losser.org\\\/de\\\/#\\\/schema\\\/person\\\/6d8d8eabb55d875999796f3bd3c77493\",\"name\":\"te-online\",\"image\":{\"@type\":\"ImageObject\",\"inLanguage\":\"de\",\"@id\":\"https:\\\/\\\/secure.gravatar.com\\\/avatar\\\/5843780f5450e62b7f15559a7c2ec410e45b8319ea58ac7f862616ac6da9e9bc?s=96&d=mm&r=g\",\"url\":\"https:\\\/\\\/secure.gravatar.com\\\/avatar\\\/5843780f5450e62b7f15559a7c2ec410e45b8319ea58ac7f862616ac6da9e9bc?s=96&d=mm&r=g\",\"contentUrl\":\"https:\\\/\\\/secure.gravatar.com\\\/avatar\\\/5843780f5450e62b7f15559a7c2ec410e45b8319ea58ac7f862616ac6da9e9bc?s=96&d=mm&r=g\",\"caption\":\"te-online\"},\"url\":\"https:\\\/\\\/oase-gronau-losser.org\\\/de\\\/author\\\/te-online\\\/\"}]}<\/script>\n<!-- \/ Yoast SEO plugin. -->","yoast_head_json":{"title":"Welche Farben hat der Himmel? - \u00d6kumenischer Kirchengarten OASE","robots":{"index":"index","follow":"follow","max-snippet":"max-snippet:-1","max-image-preview":"max-image-preview:large","max-video-preview":"max-video-preview:-1"},"canonical":"https:\/\/oase-gronau-losser.org\/de\/2015\/welche-farben-hat-der-himmel-andacht-zu-himmelfahrt-auf-der-oase\/","og_locale":"de_DE","og_type":"article","og_title":"Welche Farben hat der Himmel? - \u00d6kumenischer Kirchengarten OASE","og_description":"\u2013 Andacht zu Himmelfahrt auf der Oase. Am Donnerstag, den 14. Mai., l\u00e4dt der Oase-Verein zu einer Andacht auf dem Gel\u00e4nde des \u00f6kumenischen Kirchengartens an der Dinkelstra\u00dfe ein.","og_url":"https:\/\/oase-gronau-losser.org\/de\/2015\/welche-farben-hat-der-himmel-andacht-zu-himmelfahrt-auf-der-oase\/","og_site_name":"\u00d6kumenischer Kirchengarten OASE","article_published_time":"2015-05-11T17:01:37+00:00","article_modified_time":"2015-05-11T17:03:17+00:00","author":"te-online","twitter_card":"summary_large_image","twitter_misc":{"Verfasst von":"te-online"},"schema":{"@context":"https:\/\/schema.org","@graph":[{"@type":"Article","@id":"https:\/\/oase-gronau-losser.org\/de\/2015\/welche-farben-hat-der-himmel-andacht-zu-himmelfahrt-auf-der-oase\/#article","isPartOf":{"@id":"https:\/\/oase-gronau-losser.org\/de\/2015\/welche-farben-hat-der-himmel-andacht-zu-himmelfahrt-auf-der-oase\/"},"author":{"name":"te-online","@id":"https:\/\/oase-gronau-losser.org\/de\/#\/schema\/person\/6d8d8eabb55d875999796f3bd3c77493"},"headline":"Welche Farben hat der Himmel?","datePublished":"2015-05-11T17:01:37+00:00","dateModified":"2015-05-11T17:03:17+00:00","mainEntityOfPage":{"@id":"https:\/\/oase-gronau-losser.org\/de\/2015\/welche-farben-hat-der-himmel-andacht-zu-himmelfahrt-auf-der-oase\/"},"wordCount":104,"inLanguage":"de"},{"@type":"WebPage","@id":"https:\/\/oase-gronau-losser.org\/de\/2015\/welche-farben-hat-der-himmel-andacht-zu-himmelfahrt-auf-der-oase\/","url":"https:\/\/oase-gronau-losser.org\/de\/2015\/welche-farben-hat-der-himmel-andacht-zu-himmelfahrt-auf-der-oase\/","name":"Welche Farben hat der Himmel? - \u00d6kumenischer Kirchengarten OASE","isPartOf":{"@id":"https:\/\/oase-gronau-losser.org\/de\/#website"},"datePublished":"2015-05-11T17:01:37+00:00","dateModified":"2015-05-11T17:03:17+00:00","author":{"@id":"https:\/\/oase-gronau-losser.org\/de\/#\/schema\/person\/6d8d8eabb55d875999796f3bd3c77493"},"breadcrumb":{"@id":"https:\/\/oase-gronau-losser.org\/de\/2015\/welche-farben-hat-der-himmel-andacht-zu-himmelfahrt-auf-der-oase\/#breadcrumb"},"inLanguage":"de","potentialAction":[{"@type":"ReadAction","target":["https:\/\/oase-gronau-losser.org\/de\/2015\/welche-farben-hat-der-himmel-andacht-zu-himmelfahrt-auf-der-oase\/"]}]},{"@type":"BreadcrumbList","@id":"https:\/\/oase-gronau-losser.org\/de\/2015\/welche-farben-hat-der-himmel-andacht-zu-himmelfahrt-auf-der-oase\/#breadcrumb","itemListElement":[{"@type":"ListItem","position":1,"name":"Home","item":"https:\/\/oase-gronau-losser.org\/de\/"},{"@type":"ListItem","position":2,"name":"Welche Farben hat der Himmel?"}]},{"@type":"WebSite","@id":"https:\/\/oase-gronau-losser.org\/de\/#website","url":"https:\/\/oase-gronau-losser.org\/de\/","name":"\u00d6kumenischer Kirchengarten OASE","description":"Oecumenische Kerkentuin OASE \u2013 Christenen aan de grens","potentialAction":[{"@type":"SearchAction","target":{"@type":"EntryPoint","urlTemplate":"https:\/\/oase-gronau-losser.org\/de\/?s={search_term_string}"},"query-input":{"@type":"PropertyValueSpecification","valueRequired":true,"valueName":"search_term_string"}}],"inLanguage":"de"},{"@type":"Person","@id":"https:\/\/oase-gronau-losser.org\/de\/#\/schema\/person\/6d8d8eabb55d875999796f3bd3c77493","name":"te-online","image":{"@type":"ImageObject","inLanguage":"de","@id":"https:\/\/secure.gravatar.com\/avatar\/5843780f5450e62b7f15559a7c2ec410e45b8319ea58ac7f862616ac6da9e9bc?s=96&d=mm&r=g","url":"https:\/\/secure.gravatar.com\/avatar\/5843780f5450e62b7f15559a7c2ec410e45b8319ea58ac7f862616ac6da9e9bc?s=96&d=mm&r=g","contentUrl":"https:\/\/secure.gravatar.com\/avatar\/5843780f5450e62b7f15559a7c2ec410e45b8319ea58ac7f862616ac6da9e9bc?s=96&d=mm&r=g","caption":"te-online"},"url":"https:\/\/oase-gronau-losser.org\/de\/author\/te-online\/"}]}},"_links":{"self":[{"href":"https:\/\/oase-gronau-losser.org\/de\/wp-json\/wp\/v2\/posts\/2322","targetHints":{"allow":["GET"]}}],"collection":[{"href":"https:\/\/oase-gronau-losser.org\/de\/wp-json\/wp\/v2\/posts"}],"about":[{"href":"https:\/\/oase-gronau-losser.org\/de\/wp-json\/wp\/v2\/types\/post"}],"author":[{"embeddable":true,"href":"https:\/\/oase-gronau-losser.org\/de\/wp-json\/wp\/v2\/users\/1"}],"replies":[{"embeddable":true,"href":"https:\/\/oase-gronau-losser.org\/de\/wp-json\/wp\/v2\/comments?post=2322"}],"version-history":[{"count":4,"href":"https:\/\/oase-gronau-losser.org\/de\/wp-json\/wp\/v2\/posts\/2322\/revisions"}],"predecessor-version":[{"id":2326,"href":"https:\/\/oase-gronau-losser.org\/de\/wp-json\/wp\/v2\/posts\/2322\/revisions\/2326"}],"wp:attachment":[{"href":"https:\/\/oase-gronau-losser.org\/de\/wp-json\/wp\/v2\/media?parent=2322"}],"wp:term":[{"taxonomy":"category","embeddable":true,"href":"https:\/\/oase-gronau-losser.org\/de\/wp-json\/wp\/v2\/categories?post=2322"},{"taxonomy":"post_tag","embeddable":true,"href":"https:\/\/oase-gronau-losser.org\/de\/wp-json\/wp\/v2\/tags?post=2322"}],"curies":[{"name":"wp","href":"https:\/\/api.w.org\/{rel}","templated":true}]}}