{"id":2223,"date":"2014-01-01T12:00:00","date_gmt":"2014-01-01T11:00:00","guid":{"rendered":"\/\/oase-gronau-losser.org\/de\/einladung-zur-dreiknigswanderung-am-12-januar-2014-5\/"},"modified":"2014-01-01T12:00:00","modified_gmt":"2014-01-01T11:00:00","slug":"einladung-zur-dreiknigswanderung-am-12-januar-2014-5","status":"publish","type":"post","link":"https:\/\/oase-gronau-losser.org\/de\/2014\/einladung-zur-dreiknigswanderung-am-12-januar-2014-5\/","title":{"rendered":"Einladung zur Dreik&ouml;nigswanderung am 12. Januar 2014"},"content":{"rendered":"<p><!DOCTYPE html PUBLIC \"-\/\/W3C\/\/DTD HTML 4.0 Transitional\/\/EN\" \"\/\/www.w3.org\/TR\/REC-html40\/loose.dtd\"><br \/>\n<html><head><meta http-equiv=\"content-type\" content=\"text\/html; charset=utf-8\"><\/head><body><\/p>\n<p><strong>Start: zwischen 14.00 Uhr und 14.30 Uhr<\/strong><\/p>\n<p>Diese Wanderung f\u00fchrt uns in diesem Jahr durch die pr\u00e4chtige Hoevenlandschaft vom Landgut Egherie, gelegen zwischen De Lutte und Oldenzaal. Eine h\u00fcgelige und abwechslungsreiche Landschaft mit typischen H\u00e4usern und sch\u00f6nen Koppeln sehen wir und k\u00f6nnen manch herrliche Aussicht genie\u00dfen.<\/p>\n<p>Die Wanderung dauert etwa 1 Stunde, festes Schuhwerk ist erforderlich.<\/p>\n<p>Wenn jemand nicht so weit gehen kann, ist er trotzdem eingeladen am anschlie\u00dfenden Beisammensein teilzunehmen.<\/p>\n<p><strong>Der Startpunkt ist bei Erve Harbert am Alleeweg Nr. 1\u00a0 7587 NC De Lutte<\/strong><\/p>\n<p>Um  dahin zu kommen, fahren sie in De Lutte \u00fcber die Bentheimerstra\u00dfe in  Richtung Oldenzaal.Beim Hotel Restaurant De grote Zwaan (Nr. 21) rechts  abbiegen in den Paasbergweg. Wir werden an dieser Stelle ein  Hinweisschild \u201eOase\u201c anbringen. Dann folgt man dem Paasbergweg, bis  der Alleeweg links abbiegt. Da werden wir auch ein Hinweisschild  anbringen. Kurz danach erreicht man Erve Harbert, wo man auch parken  kann. Dort bekommt man eine Beschreibung der Route und kann dann eine  sch\u00f6ne Wanderung beginnen. <br \/>Nach der Wanderung versammeln wir uns in  einer einfachen Scheune auf Erve Harbert zu einem gem\u00fctlichen  Beisammensein mit einem kleinen Imbiss und einem Getr\u00e4nk. Wir beenden  diese Wanderung mit einer kurzen Vesper.<\/p>\n<p>Alle sind herzlich willkommen.<\/p>\n<p><\/body><\/p>\n","protected":false},"excerpt":{"rendered":"<p><strong>Start: zwischen 14.00 Uhr und 14.30 Uhr<\/strong><\/p>\n<p>Diese Wanderung f&uuml;hrt uns in diesem Jahr durch die pr&auml;chtige Hoevenlandschaft vom Landgut Egherie, gelegen zwischen De Lutte und Oldenzaal. Eine h&uuml;gelige und abwechslungsreiche Landschaft mit typischen H&auml;usern und sch&ouml;nen Koppeln sehen wir und k&ouml;nnen manch herrliche Aussicht genie&szlig;en.<\/p>\n","protected":false},"author":1,"featured_media":0,"comment_status":"closed","ping_status":"open","sticky":false,"template":"","format":"standard","meta":{"_acf_changed":false,"footnotes":""},"categories":[1],"tags":[],"class_list":["post-2223","post","type-post","status-publish","format-standard","hentry","category-allgemein"],"acf":[],"yoast_head":"<!-- This site is optimized with the Yoast SEO plugin v27.5 - https:\/\/yoast.com\/product\/yoast-seo-wordpress\/ -->\n<title>Einladung zur Dreik&ouml;nigswanderung am 12. Januar 2014 - \u00d6kumenischer Kirchengarten OASE<\/title>\n<meta name=\"robots\" content=\"index, follow, max-snippet:-1, max-image-preview:large, max-video-preview:-1\" \/>\n<link rel=\"canonical\" href=\"https:\/\/oase-gronau-losser.org\/de\/2014\/einladung-zur-dreiknigswanderung-am-12-januar-2014-5\/\" \/>\n<meta property=\"og:locale\" content=\"de_DE\" \/>\n<meta property=\"og:type\" content=\"article\" \/>\n<meta property=\"og:title\" content=\"Einladung zur Dreik&ouml;nigswanderung am 12. Januar 2014 - \u00d6kumenischer Kirchengarten OASE\" \/>\n<meta property=\"og:description\" content=\"Start: zwischen 14.00 Uhr und 14.30 UhrDiese Wanderung f&uuml;hrt uns in diesem Jahr durch die pr&auml;chtige Hoevenlandschaft vom Landgut Egherie, gelegen zwischen De Lutte und Oldenzaal. Eine h&uuml;gelige und abwechslungsreiche Landschaft mit typischen H&auml;usern und sch&ouml;nen Koppeln sehen wir und k&ouml;nnen manch herrliche Aussicht genie&szlig;en.\" \/>\n<meta property=\"og:url\" content=\"https:\/\/oase-gronau-losser.org\/de\/2014\/einladung-zur-dreiknigswanderung-am-12-januar-2014-5\/\" \/>\n<meta property=\"og:site_name\" content=\"\u00d6kumenischer Kirchengarten OASE\" \/>\n<meta property=\"article:published_time\" content=\"2014-01-01T11:00:00+00:00\" \/>\n<meta name=\"author\" content=\"te-online\" \/>\n<meta name=\"twitter:card\" content=\"summary_large_image\" \/>\n<meta name=\"twitter:label1\" content=\"Verfasst von\" \/>\n\t<meta name=\"twitter:data1\" content=\"te-online\" \/>\n\t<meta name=\"twitter:label2\" content=\"Gesch\u00e4tzte Lesezeit\" \/>\n\t<meta name=\"twitter:data2\" content=\"1\u00a0Minute\" \/>\n<script type=\"application\/ld+json\" class=\"yoast-schema-graph\">{\"@context\":\"https:\\\/\\\/schema.org\",\"@graph\":[{\"@type\":\"Article\",\"@id\":\"https:\\\/\\\/oase-gronau-losser.org\\\/de\\\/2014\\\/einladung-zur-dreiknigswanderung-am-12-januar-2014-5\\\/#article\",\"isPartOf\":{\"@id\":\"https:\\\/\\\/oase-gronau-losser.org\\\/de\\\/2014\\\/einladung-zur-dreiknigswanderung-am-12-januar-2014-5\\\/\"},\"author\":{\"name\":\"te-online\",\"@id\":\"https:\\\/\\\/oase-gronau-losser.org\\\/de\\\/#\\\/schema\\\/person\\\/6d8d8eabb55d875999796f3bd3c77493\"},\"headline\":\"Einladung zur Dreik&ouml;nigswanderung am 12. Januar 2014\",\"datePublished\":\"2014-01-01T11:00:00+00:00\",\"mainEntityOfPage\":{\"@id\":\"https:\\\/\\\/oase-gronau-losser.org\\\/de\\\/2014\\\/einladung-zur-dreiknigswanderung-am-12-januar-2014-5\\\/\"},\"wordCount\":213,\"inLanguage\":\"de\"},{\"@type\":\"WebPage\",\"@id\":\"https:\\\/\\\/oase-gronau-losser.org\\\/de\\\/2014\\\/einladung-zur-dreiknigswanderung-am-12-januar-2014-5\\\/\",\"url\":\"https:\\\/\\\/oase-gronau-losser.org\\\/de\\\/2014\\\/einladung-zur-dreiknigswanderung-am-12-januar-2014-5\\\/\",\"name\":\"Einladung zur Dreik&ouml;nigswanderung am 12. Januar 2014 - \u00d6kumenischer Kirchengarten OASE\",\"isPartOf\":{\"@id\":\"https:\\\/\\\/oase-gronau-losser.org\\\/de\\\/#website\"},\"datePublished\":\"2014-01-01T11:00:00+00:00\",\"author\":{\"@id\":\"https:\\\/\\\/oase-gronau-losser.org\\\/de\\\/#\\\/schema\\\/person\\\/6d8d8eabb55d875999796f3bd3c77493\"},\"breadcrumb\":{\"@id\":\"https:\\\/\\\/oase-gronau-losser.org\\\/de\\\/2014\\\/einladung-zur-dreiknigswanderung-am-12-januar-2014-5\\\/#breadcrumb\"},\"inLanguage\":\"de\",\"potentialAction\":[{\"@type\":\"ReadAction\",\"target\":[\"https:\\\/\\\/oase-gronau-losser.org\\\/de\\\/2014\\\/einladung-zur-dreiknigswanderung-am-12-januar-2014-5\\\/\"]}]},{\"@type\":\"BreadcrumbList\",\"@id\":\"https:\\\/\\\/oase-gronau-losser.org\\\/de\\\/2014\\\/einladung-zur-dreiknigswanderung-am-12-januar-2014-5\\\/#breadcrumb\",\"itemListElement\":[{\"@type\":\"ListItem\",\"position\":1,\"name\":\"Home\",\"item\":\"https:\\\/\\\/oase-gronau-losser.org\\\/de\\\/\"},{\"@type\":\"ListItem\",\"position\":2,\"name\":\"Einladung zur Dreik&ouml;nigswanderung am 12. Januar 2014\"}]},{\"@type\":\"WebSite\",\"@id\":\"https:\\\/\\\/oase-gronau-losser.org\\\/de\\\/#website\",\"url\":\"https:\\\/\\\/oase-gronau-losser.org\\\/de\\\/\",\"name\":\"\u00d6kumenischer Kirchengarten OASE\",\"description\":\"Oecumenische Kerkentuin OASE \u2013 Christenen aan de grens\",\"potentialAction\":[{\"@type\":\"SearchAction\",\"target\":{\"@type\":\"EntryPoint\",\"urlTemplate\":\"https:\\\/\\\/oase-gronau-losser.org\\\/de\\\/?s={search_term_string}\"},\"query-input\":{\"@type\":\"PropertyValueSpecification\",\"valueRequired\":true,\"valueName\":\"search_term_string\"}}],\"inLanguage\":\"de\"},{\"@type\":\"Person\",\"@id\":\"https:\\\/\\\/oase-gronau-losser.org\\\/de\\\/#\\\/schema\\\/person\\\/6d8d8eabb55d875999796f3bd3c77493\",\"name\":\"te-online\",\"image\":{\"@type\":\"ImageObject\",\"inLanguage\":\"de\",\"@id\":\"https:\\\/\\\/secure.gravatar.com\\\/avatar\\\/5843780f5450e62b7f15559a7c2ec410e45b8319ea58ac7f862616ac6da9e9bc?s=96&d=mm&r=g\",\"url\":\"https:\\\/\\\/secure.gravatar.com\\\/avatar\\\/5843780f5450e62b7f15559a7c2ec410e45b8319ea58ac7f862616ac6da9e9bc?s=96&d=mm&r=g\",\"contentUrl\":\"https:\\\/\\\/secure.gravatar.com\\\/avatar\\\/5843780f5450e62b7f15559a7c2ec410e45b8319ea58ac7f862616ac6da9e9bc?s=96&d=mm&r=g\",\"caption\":\"te-online\"},\"url\":\"https:\\\/\\\/oase-gronau-losser.org\\\/de\\\/author\\\/te-online\\\/\"}]}<\/script>\n<!-- \/ Yoast SEO plugin. -->","yoast_head_json":{"title":"Einladung zur Dreik&ouml;nigswanderung am 12. Januar 2014 - \u00d6kumenischer Kirchengarten OASE","robots":{"index":"index","follow":"follow","max-snippet":"max-snippet:-1","max-image-preview":"max-image-preview:large","max-video-preview":"max-video-preview:-1"},"canonical":"https:\/\/oase-gronau-losser.org\/de\/2014\/einladung-zur-dreiknigswanderung-am-12-januar-2014-5\/","og_locale":"de_DE","og_type":"article","og_title":"Einladung zur Dreik&ouml;nigswanderung am 12. Januar 2014 - \u00d6kumenischer Kirchengarten OASE","og_description":"Start: zwischen 14.00 Uhr und 14.30 UhrDiese Wanderung f&uuml;hrt uns in diesem Jahr durch die pr&auml;chtige Hoevenlandschaft vom Landgut Egherie, gelegen zwischen De Lutte und Oldenzaal. Eine h&uuml;gelige und abwechslungsreiche Landschaft mit typischen H&auml;usern und sch&ouml;nen Koppeln sehen wir und k&ouml;nnen manch herrliche Aussicht genie&szlig;en.","og_url":"https:\/\/oase-gronau-losser.org\/de\/2014\/einladung-zur-dreiknigswanderung-am-12-januar-2014-5\/","og_site_name":"\u00d6kumenischer Kirchengarten OASE","article_published_time":"2014-01-01T11:00:00+00:00","author":"te-online","twitter_card":"summary_large_image","twitter_misc":{"Verfasst von":"te-online","Gesch\u00e4tzte Lesezeit":"1\u00a0Minute"},"schema":{"@context":"https:\/\/schema.org","@graph":[{"@type":"Article","@id":"https:\/\/oase-gronau-losser.org\/de\/2014\/einladung-zur-dreiknigswanderung-am-12-januar-2014-5\/#article","isPartOf":{"@id":"https:\/\/oase-gronau-losser.org\/de\/2014\/einladung-zur-dreiknigswanderung-am-12-januar-2014-5\/"},"author":{"name":"te-online","@id":"https:\/\/oase-gronau-losser.org\/de\/#\/schema\/person\/6d8d8eabb55d875999796f3bd3c77493"},"headline":"Einladung zur Dreik&ouml;nigswanderung am 12. Januar 2014","datePublished":"2014-01-01T11:00:00+00:00","mainEntityOfPage":{"@id":"https:\/\/oase-gronau-losser.org\/de\/2014\/einladung-zur-dreiknigswanderung-am-12-januar-2014-5\/"},"wordCount":213,"inLanguage":"de"},{"@type":"WebPage","@id":"https:\/\/oase-gronau-losser.org\/de\/2014\/einladung-zur-dreiknigswanderung-am-12-januar-2014-5\/","url":"https:\/\/oase-gronau-losser.org\/de\/2014\/einladung-zur-dreiknigswanderung-am-12-januar-2014-5\/","name":"Einladung zur Dreik&ouml;nigswanderung am 12. Januar 2014 - \u00d6kumenischer Kirchengarten OASE","isPartOf":{"@id":"https:\/\/oase-gronau-losser.org\/de\/#website"},"datePublished":"2014-01-01T11:00:00+00:00","author":{"@id":"https:\/\/oase-gronau-losser.org\/de\/#\/schema\/person\/6d8d8eabb55d875999796f3bd3c77493"},"breadcrumb":{"@id":"https:\/\/oase-gronau-losser.org\/de\/2014\/einladung-zur-dreiknigswanderung-am-12-januar-2014-5\/#breadcrumb"},"inLanguage":"de","potentialAction":[{"@type":"ReadAction","target":["https:\/\/oase-gronau-losser.org\/de\/2014\/einladung-zur-dreiknigswanderung-am-12-januar-2014-5\/"]}]},{"@type":"BreadcrumbList","@id":"https:\/\/oase-gronau-losser.org\/de\/2014\/einladung-zur-dreiknigswanderung-am-12-januar-2014-5\/#breadcrumb","itemListElement":[{"@type":"ListItem","position":1,"name":"Home","item":"https:\/\/oase-gronau-losser.org\/de\/"},{"@type":"ListItem","position":2,"name":"Einladung zur Dreik&ouml;nigswanderung am 12. Januar 2014"}]},{"@type":"WebSite","@id":"https:\/\/oase-gronau-losser.org\/de\/#website","url":"https:\/\/oase-gronau-losser.org\/de\/","name":"\u00d6kumenischer Kirchengarten OASE","description":"Oecumenische Kerkentuin OASE \u2013 Christenen aan de grens","potentialAction":[{"@type":"SearchAction","target":{"@type":"EntryPoint","urlTemplate":"https:\/\/oase-gronau-losser.org\/de\/?s={search_term_string}"},"query-input":{"@type":"PropertyValueSpecification","valueRequired":true,"valueName":"search_term_string"}}],"inLanguage":"de"},{"@type":"Person","@id":"https:\/\/oase-gronau-losser.org\/de\/#\/schema\/person\/6d8d8eabb55d875999796f3bd3c77493","name":"te-online","image":{"@type":"ImageObject","inLanguage":"de","@id":"https:\/\/secure.gravatar.com\/avatar\/5843780f5450e62b7f15559a7c2ec410e45b8319ea58ac7f862616ac6da9e9bc?s=96&d=mm&r=g","url":"https:\/\/secure.gravatar.com\/avatar\/5843780f5450e62b7f15559a7c2ec410e45b8319ea58ac7f862616ac6da9e9bc?s=96&d=mm&r=g","contentUrl":"https:\/\/secure.gravatar.com\/avatar\/5843780f5450e62b7f15559a7c2ec410e45b8319ea58ac7f862616ac6da9e9bc?s=96&d=mm&r=g","caption":"te-online"},"url":"https:\/\/oase-gronau-losser.org\/de\/author\/te-online\/"}]}},"_links":{"self":[{"href":"https:\/\/oase-gronau-losser.org\/de\/wp-json\/wp\/v2\/posts\/2223","targetHints":{"allow":["GET"]}}],"collection":[{"href":"https:\/\/oase-gronau-losser.org\/de\/wp-json\/wp\/v2\/posts"}],"about":[{"href":"https:\/\/oase-gronau-losser.org\/de\/wp-json\/wp\/v2\/types\/post"}],"author":[{"embeddable":true,"href":"https:\/\/oase-gronau-losser.org\/de\/wp-json\/wp\/v2\/users\/1"}],"replies":[{"embeddable":true,"href":"https:\/\/oase-gronau-losser.org\/de\/wp-json\/wp\/v2\/comments?post=2223"}],"version-history":[{"count":0,"href":"https:\/\/oase-gronau-losser.org\/de\/wp-json\/wp\/v2\/posts\/2223\/revisions"}],"wp:attachment":[{"href":"https:\/\/oase-gronau-losser.org\/de\/wp-json\/wp\/v2\/media?parent=2223"}],"wp:term":[{"taxonomy":"category","embeddable":true,"href":"https:\/\/oase-gronau-losser.org\/de\/wp-json\/wp\/v2\/categories?post=2223"},{"taxonomy":"post_tag","embeddable":true,"href":"https:\/\/oase-gronau-losser.org\/de\/wp-json\/wp\/v2\/tags?post=2223"}],"curies":[{"name":"wp","href":"https:\/\/api.w.org\/{rel}","templated":true}]}}