{"id":2203,"date":"2013-06-20T12:00:00","date_gmt":"2013-06-20T10:00:00","guid":{"rendered":"\/\/oase-gronau-losser.org\/de\/jubilumslied-9\/"},"modified":"2013-06-20T12:00:00","modified_gmt":"2013-06-20T10:00:00","slug":"jubilumslied-9","status":"publish","type":"post","link":"https:\/\/oase-gronau-losser.org\/de\/2013\/jubilumslied-9\/","title":{"rendered":"Jubil&auml;umslied"},"content":{"rendered":"<p><!DOCTYPE html PUBLIC \"-\/\/W3C\/\/DTD HTML 4.0 Transitional\/\/EN\" \"\/\/www.w3.org\/TR\/REC-html40\/loose.dtd\"><br \/>\n<html><head><meta http-equiv=\"content-type\" content=\"text\/html; charset=utf-8\"><\/head><body><\/p>\n<p>Lied anl\u00e4sslich des 10-j\u00e4hrigen Jubil\u00e4ums der OASE 2003 &#8211; 2013.<\/p>\n<p style=\"text-align: center;\">1 \/ Het begon zoveel jaren geleden met LAGA,<br \/>Het was toen nog 2003<br \/>Draai om dan je ruggen en zoek naar de ogen,<br \/>van buren en mensen en zie .<br \/>Kijk uit naar elkaar en word wakker geroepen,<br \/>begrip is daar echt geen taboe.<br \/>Nu 10 jaren later je slaat er geen flater<br \/>T\u2019 is vriendschap geworden en hoe<\/p>\n<p>Refr.:\u00a0 Auf der Oase da sind wir beisammen,<br \/>sind nicht geschieden nach Alter noch Rang<br \/>Alle sind dort willkommen zusammen<br \/>Dort\u00a0 mischen Sprachen &#8211; sich zu einem Klang!<\/p>\n<p>2 \/ De Dinkel die stroomt er, een wandelaar loopt er,<br \/>de horizon reikt over \u2018t land.<br \/>Je ziet er contouren, er werken nog boeren,<br \/>hun hart aan het landschap verpand.<br \/>D\u2019Oase een plekje om steeds te ontmoeten<br \/>De koffie die staat er vaak klaar<br \/>De ernst en de luim zijn daar steeds weer te vinden<br \/>Grens- gangers begroeten elkaar<\/p>\n<p>Refr.:\u00a0 Auf der Oase da sind wir beisammen,<br \/>sind nicht geschieden nach Alter noch Rang<br \/>Alle sind dort willkommen zusammen<br \/>Dort\u00a0 mischen Sprachen &#8211; sich zu einem Klang!<\/p>\n<p>3\/ Je vindt de OASE, je blijft je verbazen,<br \/>dat mensen daar graag willen zijn.<br \/>Alles heeft waarde, de mens en de aarde,<br \/>Het vuur is daar warm en ook fijn<br \/>Zolang mensen werken hun vriendschap versterken<br \/>Is er nog &#8211; geen einde in zicht<br \/>Blijf zoeken en vinden vraag God te verbinden<br \/>Wees blij met elk vredes &#8211; bericht<\/p>\n<p>Refr.:\u00a0 Auf der Oase da sind wir beisammen,<br \/>sind nicht geschieden nach Alter noch Rang<br \/>Alle sind dort willkommen zusammen<br \/>Dort\u00a0 mischen Sprachen &#8211; sich zu einem Klang!<\/p>\n<p>Melodie: Kleine caf\u00e9 aan de haven \/Die kleine Kneipe in unserer Stra\u00dfe)<\/p>\n<p>Liedtekst:\u00a0 Anne Oane de Vries<\/p>\n<p><\/body><\/p>\n","protected":false},"excerpt":{"rendered":"<p>Lied anl&auml;sslich des 10-j&auml;hrigen Jubil&auml;ums der OASE 2003 &#8211; 2013.<\/p>\n","protected":false},"author":1,"featured_media":0,"comment_status":"closed","ping_status":"open","sticky":false,"template":"","format":"standard","meta":{"_acf_changed":false,"footnotes":""},"categories":[1],"tags":[],"class_list":["post-2203","post","type-post","status-publish","format-standard","hentry","category-allgemein"],"acf":[],"yoast_head":"<!-- This site is optimized with the Yoast SEO plugin v27.5 - https:\/\/yoast.com\/product\/yoast-seo-wordpress\/ -->\n<title>Jubil&auml;umslied - \u00d6kumenischer Kirchengarten OASE<\/title>\n<meta name=\"robots\" content=\"index, follow, max-snippet:-1, max-image-preview:large, max-video-preview:-1\" \/>\n<link rel=\"canonical\" href=\"https:\/\/oase-gronau-losser.org\/de\/2013\/jubilumslied-9\/\" \/>\n<meta property=\"og:locale\" content=\"de_DE\" \/>\n<meta property=\"og:type\" content=\"article\" \/>\n<meta property=\"og:title\" content=\"Jubil&auml;umslied - \u00d6kumenischer Kirchengarten OASE\" \/>\n<meta property=\"og:description\" content=\"Lied anl&auml;sslich des 10-j&auml;hrigen Jubil&auml;ums der OASE 2003 - 2013.\" \/>\n<meta property=\"og:url\" content=\"https:\/\/oase-gronau-losser.org\/de\/2013\/jubilumslied-9\/\" \/>\n<meta property=\"og:site_name\" content=\"\u00d6kumenischer Kirchengarten OASE\" \/>\n<meta property=\"article:published_time\" content=\"2013-06-20T10:00:00+00:00\" \/>\n<meta name=\"author\" content=\"te-online\" \/>\n<meta name=\"twitter:card\" content=\"summary_large_image\" \/>\n<meta name=\"twitter:label1\" content=\"Verfasst von\" \/>\n\t<meta name=\"twitter:data1\" content=\"te-online\" \/>\n\t<meta name=\"twitter:label2\" content=\"Gesch\u00e4tzte Lesezeit\" \/>\n\t<meta name=\"twitter:data2\" content=\"1\u00a0Minute\" \/>\n<script type=\"application\/ld+json\" class=\"yoast-schema-graph\">{\"@context\":\"https:\\\/\\\/schema.org\",\"@graph\":[{\"@type\":\"Article\",\"@id\":\"https:\\\/\\\/oase-gronau-losser.org\\\/de\\\/2013\\\/jubilumslied-9\\\/#article\",\"isPartOf\":{\"@id\":\"https:\\\/\\\/oase-gronau-losser.org\\\/de\\\/2013\\\/jubilumslied-9\\\/\"},\"author\":{\"name\":\"te-online\",\"@id\":\"https:\\\/\\\/oase-gronau-losser.org\\\/de\\\/#\\\/schema\\\/person\\\/6d8d8eabb55d875999796f3bd3c77493\"},\"headline\":\"Jubil&auml;umslied\",\"datePublished\":\"2013-06-20T10:00:00+00:00\",\"mainEntityOfPage\":{\"@id\":\"https:\\\/\\\/oase-gronau-losser.org\\\/de\\\/2013\\\/jubilumslied-9\\\/\"},\"wordCount\":275,\"inLanguage\":\"de\"},{\"@type\":\"WebPage\",\"@id\":\"https:\\\/\\\/oase-gronau-losser.org\\\/de\\\/2013\\\/jubilumslied-9\\\/\",\"url\":\"https:\\\/\\\/oase-gronau-losser.org\\\/de\\\/2013\\\/jubilumslied-9\\\/\",\"name\":\"Jubil&auml;umslied - \u00d6kumenischer Kirchengarten OASE\",\"isPartOf\":{\"@id\":\"https:\\\/\\\/oase-gronau-losser.org\\\/de\\\/#website\"},\"datePublished\":\"2013-06-20T10:00:00+00:00\",\"author\":{\"@id\":\"https:\\\/\\\/oase-gronau-losser.org\\\/de\\\/#\\\/schema\\\/person\\\/6d8d8eabb55d875999796f3bd3c77493\"},\"breadcrumb\":{\"@id\":\"https:\\\/\\\/oase-gronau-losser.org\\\/de\\\/2013\\\/jubilumslied-9\\\/#breadcrumb\"},\"inLanguage\":\"de\",\"potentialAction\":[{\"@type\":\"ReadAction\",\"target\":[\"https:\\\/\\\/oase-gronau-losser.org\\\/de\\\/2013\\\/jubilumslied-9\\\/\"]}]},{\"@type\":\"BreadcrumbList\",\"@id\":\"https:\\\/\\\/oase-gronau-losser.org\\\/de\\\/2013\\\/jubilumslied-9\\\/#breadcrumb\",\"itemListElement\":[{\"@type\":\"ListItem\",\"position\":1,\"name\":\"Home\",\"item\":\"https:\\\/\\\/oase-gronau-losser.org\\\/de\\\/\"},{\"@type\":\"ListItem\",\"position\":2,\"name\":\"Jubil&auml;umslied\"}]},{\"@type\":\"WebSite\",\"@id\":\"https:\\\/\\\/oase-gronau-losser.org\\\/de\\\/#website\",\"url\":\"https:\\\/\\\/oase-gronau-losser.org\\\/de\\\/\",\"name\":\"\u00d6kumenischer Kirchengarten OASE\",\"description\":\"Oecumenische Kerkentuin OASE \u2013 Christenen aan de grens\",\"potentialAction\":[{\"@type\":\"SearchAction\",\"target\":{\"@type\":\"EntryPoint\",\"urlTemplate\":\"https:\\\/\\\/oase-gronau-losser.org\\\/de\\\/?s={search_term_string}\"},\"query-input\":{\"@type\":\"PropertyValueSpecification\",\"valueRequired\":true,\"valueName\":\"search_term_string\"}}],\"inLanguage\":\"de\"},{\"@type\":\"Person\",\"@id\":\"https:\\\/\\\/oase-gronau-losser.org\\\/de\\\/#\\\/schema\\\/person\\\/6d8d8eabb55d875999796f3bd3c77493\",\"name\":\"te-online\",\"image\":{\"@type\":\"ImageObject\",\"inLanguage\":\"de\",\"@id\":\"https:\\\/\\\/secure.gravatar.com\\\/avatar\\\/5843780f5450e62b7f15559a7c2ec410e45b8319ea58ac7f862616ac6da9e9bc?s=96&d=mm&r=g\",\"url\":\"https:\\\/\\\/secure.gravatar.com\\\/avatar\\\/5843780f5450e62b7f15559a7c2ec410e45b8319ea58ac7f862616ac6da9e9bc?s=96&d=mm&r=g\",\"contentUrl\":\"https:\\\/\\\/secure.gravatar.com\\\/avatar\\\/5843780f5450e62b7f15559a7c2ec410e45b8319ea58ac7f862616ac6da9e9bc?s=96&d=mm&r=g\",\"caption\":\"te-online\"},\"url\":\"https:\\\/\\\/oase-gronau-losser.org\\\/de\\\/author\\\/te-online\\\/\"}]}<\/script>\n<!-- \/ Yoast SEO plugin. -->","yoast_head_json":{"title":"Jubil&auml;umslied - \u00d6kumenischer Kirchengarten OASE","robots":{"index":"index","follow":"follow","max-snippet":"max-snippet:-1","max-image-preview":"max-image-preview:large","max-video-preview":"max-video-preview:-1"},"canonical":"https:\/\/oase-gronau-losser.org\/de\/2013\/jubilumslied-9\/","og_locale":"de_DE","og_type":"article","og_title":"Jubil&auml;umslied - \u00d6kumenischer Kirchengarten OASE","og_description":"Lied anl&auml;sslich des 10-j&auml;hrigen Jubil&auml;ums der OASE 2003 - 2013.","og_url":"https:\/\/oase-gronau-losser.org\/de\/2013\/jubilumslied-9\/","og_site_name":"\u00d6kumenischer Kirchengarten OASE","article_published_time":"2013-06-20T10:00:00+00:00","author":"te-online","twitter_card":"summary_large_image","twitter_misc":{"Verfasst von":"te-online","Gesch\u00e4tzte Lesezeit":"1\u00a0Minute"},"schema":{"@context":"https:\/\/schema.org","@graph":[{"@type":"Article","@id":"https:\/\/oase-gronau-losser.org\/de\/2013\/jubilumslied-9\/#article","isPartOf":{"@id":"https:\/\/oase-gronau-losser.org\/de\/2013\/jubilumslied-9\/"},"author":{"name":"te-online","@id":"https:\/\/oase-gronau-losser.org\/de\/#\/schema\/person\/6d8d8eabb55d875999796f3bd3c77493"},"headline":"Jubil&auml;umslied","datePublished":"2013-06-20T10:00:00+00:00","mainEntityOfPage":{"@id":"https:\/\/oase-gronau-losser.org\/de\/2013\/jubilumslied-9\/"},"wordCount":275,"inLanguage":"de"},{"@type":"WebPage","@id":"https:\/\/oase-gronau-losser.org\/de\/2013\/jubilumslied-9\/","url":"https:\/\/oase-gronau-losser.org\/de\/2013\/jubilumslied-9\/","name":"Jubil&auml;umslied - \u00d6kumenischer Kirchengarten OASE","isPartOf":{"@id":"https:\/\/oase-gronau-losser.org\/de\/#website"},"datePublished":"2013-06-20T10:00:00+00:00","author":{"@id":"https:\/\/oase-gronau-losser.org\/de\/#\/schema\/person\/6d8d8eabb55d875999796f3bd3c77493"},"breadcrumb":{"@id":"https:\/\/oase-gronau-losser.org\/de\/2013\/jubilumslied-9\/#breadcrumb"},"inLanguage":"de","potentialAction":[{"@type":"ReadAction","target":["https:\/\/oase-gronau-losser.org\/de\/2013\/jubilumslied-9\/"]}]},{"@type":"BreadcrumbList","@id":"https:\/\/oase-gronau-losser.org\/de\/2013\/jubilumslied-9\/#breadcrumb","itemListElement":[{"@type":"ListItem","position":1,"name":"Home","item":"https:\/\/oase-gronau-losser.org\/de\/"},{"@type":"ListItem","position":2,"name":"Jubil&auml;umslied"}]},{"@type":"WebSite","@id":"https:\/\/oase-gronau-losser.org\/de\/#website","url":"https:\/\/oase-gronau-losser.org\/de\/","name":"\u00d6kumenischer Kirchengarten OASE","description":"Oecumenische Kerkentuin OASE \u2013 Christenen aan de grens","potentialAction":[{"@type":"SearchAction","target":{"@type":"EntryPoint","urlTemplate":"https:\/\/oase-gronau-losser.org\/de\/?s={search_term_string}"},"query-input":{"@type":"PropertyValueSpecification","valueRequired":true,"valueName":"search_term_string"}}],"inLanguage":"de"},{"@type":"Person","@id":"https:\/\/oase-gronau-losser.org\/de\/#\/schema\/person\/6d8d8eabb55d875999796f3bd3c77493","name":"te-online","image":{"@type":"ImageObject","inLanguage":"de","@id":"https:\/\/secure.gravatar.com\/avatar\/5843780f5450e62b7f15559a7c2ec410e45b8319ea58ac7f862616ac6da9e9bc?s=96&d=mm&r=g","url":"https:\/\/secure.gravatar.com\/avatar\/5843780f5450e62b7f15559a7c2ec410e45b8319ea58ac7f862616ac6da9e9bc?s=96&d=mm&r=g","contentUrl":"https:\/\/secure.gravatar.com\/avatar\/5843780f5450e62b7f15559a7c2ec410e45b8319ea58ac7f862616ac6da9e9bc?s=96&d=mm&r=g","caption":"te-online"},"url":"https:\/\/oase-gronau-losser.org\/de\/author\/te-online\/"}]}},"_links":{"self":[{"href":"https:\/\/oase-gronau-losser.org\/de\/wp-json\/wp\/v2\/posts\/2203","targetHints":{"allow":["GET"]}}],"collection":[{"href":"https:\/\/oase-gronau-losser.org\/de\/wp-json\/wp\/v2\/posts"}],"about":[{"href":"https:\/\/oase-gronau-losser.org\/de\/wp-json\/wp\/v2\/types\/post"}],"author":[{"embeddable":true,"href":"https:\/\/oase-gronau-losser.org\/de\/wp-json\/wp\/v2\/users\/1"}],"replies":[{"embeddable":true,"href":"https:\/\/oase-gronau-losser.org\/de\/wp-json\/wp\/v2\/comments?post=2203"}],"version-history":[{"count":0,"href":"https:\/\/oase-gronau-losser.org\/de\/wp-json\/wp\/v2\/posts\/2203\/revisions"}],"wp:attachment":[{"href":"https:\/\/oase-gronau-losser.org\/de\/wp-json\/wp\/v2\/media?parent=2203"}],"wp:term":[{"taxonomy":"category","embeddable":true,"href":"https:\/\/oase-gronau-losser.org\/de\/wp-json\/wp\/v2\/categories?post=2203"},{"taxonomy":"post_tag","embeddable":true,"href":"https:\/\/oase-gronau-losser.org\/de\/wp-json\/wp\/v2\/tags?post=2203"}],"curies":[{"name":"wp","href":"https:\/\/api.w.org\/{rel}","templated":true}]}}