{"id":2199,"date":"2013-04-26T12:00:00","date_gmt":"2013-04-26T10:00:00","guid":{"rendered":"\/\/oase-gronau-losser.org\/de\/oase-feuer-startet-am-3-mai-9\/"},"modified":"2013-04-26T12:00:00","modified_gmt":"2013-04-26T10:00:00","slug":"oase-feuer-startet-am-3-mai-9","status":"publish","type":"post","link":"https:\/\/oase-gronau-losser.org\/de\/2013\/oase-feuer-startet-am-3-mai-9\/","title":{"rendered":"&#8222;Oase-Feuer&#8220; startet am 3. Mai"},"content":{"rendered":"<p><!DOCTYPE html PUBLIC \"-\/\/W3C\/\/DTD HTML 4.0 Transitional\/\/EN\" \"\/\/www.w3.org\/TR\/REC-html40\/loose.dtd\"><br \/>\n<html><head><meta http-equiv=\"content-type\" content=\"text\/html; charset=utf-8\"><\/head><body><\/p>\n<p>Am Freitag, dem 3. Mai, startet der Verein &#8222;\u00d6kumenischer Kirchengarten &#8211; christenen aan de grens&#8220; mit seinen Abenden am Lagerfeuer auf dem Gel\u00e4nde an der Dinkelstra\u00dfe.  Wie jedes Jahr beginnen sie um 19.00 Uhr, Getr\u00e4nke und Imbiss werden angeboten.<\/p>\n<p>Das zehnte Jahr des Vereins steht wie das Gr\u00fcndungsjahr 2003 unter dem Thema  &#8222;Leben an der Grenze&#8220;. Beim ersten Feuerabend wird es eine Lesung und ein Gespr\u00e4ch \u00fcber das Buch von Johanna Reiss &#8220; Und im Fenster der Himmel&#8220; geben. Die Autorin erz\u00e4hlt darin aus Kinderperspektive ihr eigenes Schicksal w\u00e4hrend der Zeit des Nationalsozialismus. Als M\u00e4dchen im Alter von 11 Jahren musste die kleine Annie de Leeuw (so der urspr\u00fcngliche Name der Autorin)  aus Winterswijk sich vor den Nazis verstecken. Sie und ihre Familie waren Juden. Um der Deportation zu entkommen versteckten sich Annie, ihr Vater und ihre zwei Schwestern bei Menschen in der Umgebung von Enschede. Annie wurde von freundlichen Bauern in Usselo aufgenommen und \u00fcberlebte so die Kriegszeit. Was das Leben im Versteck f\u00fcr sie, ihre Schwester und die Bauernfamilie bedeutete, schildert sie aus Kindersicht. Sie selbst sagt im Nachwort dazu: Ich habe versucht eine einfache menschliche Geschichte zu erz\u00e4hlen&#8230;Sie berichtet von&#8230; Menschen, die nicht einfach Helden waren, auch wenn sie ihr Leben f\u00fcr uns riskierten, sondern von Menschen mit G\u00fcte, Anstand und Tapferkeit&#8230;.&#8220; Am Freitag vor den niederl\u00e4ndischen Gedenktagen am 4.und 5.Mai ist dieses Buch eine gute Gelegenheit \u00fcber die Menschen beiderseits der Grenze ins Gespr\u00e4ch zu kommen, die damals diesen Werten treu geblieben sind und damit anderen das Leben retteten.<\/p>\n<p><\/body><\/p>\n","protected":false},"excerpt":{"rendered":"<p>Am Freitag, dem 3. Mai, startet der Verein &#8222;&Ouml;kumenischer Kirchengarten &#8211; christenen aan de grens&#8220; mit seinen Abenden am Lagerfeuer auf dem Gel&auml;nde an der Dinkelstra&szlig;e.  Wie jedes Jahr beginnen sie um 19.00 Uhr, Getr&auml;nke und Imbiss werden angeboten.<\/p>\n","protected":false},"author":1,"featured_media":0,"comment_status":"closed","ping_status":"open","sticky":false,"template":"","format":"standard","meta":{"_acf_changed":false,"footnotes":""},"categories":[1],"tags":[],"class_list":["post-2199","post","type-post","status-publish","format-standard","hentry","category-allgemein"],"acf":[],"yoast_head":"<!-- This site is optimized with the Yoast SEO plugin v27.5 - https:\/\/yoast.com\/product\/yoast-seo-wordpress\/ -->\n<title>&quot;Oase-Feuer&quot; startet am 3. Mai - \u00d6kumenischer Kirchengarten OASE<\/title>\n<meta name=\"robots\" content=\"index, follow, max-snippet:-1, max-image-preview:large, max-video-preview:-1\" \/>\n<link rel=\"canonical\" href=\"https:\/\/oase-gronau-losser.org\/de\/2013\/oase-feuer-startet-am-3-mai-9\/\" \/>\n<meta property=\"og:locale\" content=\"de_DE\" \/>\n<meta property=\"og:type\" content=\"article\" \/>\n<meta property=\"og:title\" content=\"&quot;Oase-Feuer&quot; startet am 3. Mai - \u00d6kumenischer Kirchengarten OASE\" \/>\n<meta property=\"og:description\" content=\"Am Freitag, dem 3. Mai, startet der Verein &quot;&Ouml;kumenischer Kirchengarten - christenen aan de grens&quot; mit seinen Abenden am Lagerfeuer auf dem Gel&auml;nde an der Dinkelstra&szlig;e. Wie jedes Jahr beginnen sie um 19.00 Uhr, Getr&auml;nke und Imbiss werden angeboten.\" \/>\n<meta property=\"og:url\" content=\"https:\/\/oase-gronau-losser.org\/de\/2013\/oase-feuer-startet-am-3-mai-9\/\" \/>\n<meta property=\"og:site_name\" content=\"\u00d6kumenischer Kirchengarten OASE\" \/>\n<meta property=\"article:published_time\" content=\"2013-04-26T10:00:00+00:00\" \/>\n<meta name=\"author\" content=\"te-online\" \/>\n<meta name=\"twitter:card\" content=\"summary_large_image\" \/>\n<meta name=\"twitter:label1\" content=\"Verfasst von\" \/>\n\t<meta name=\"twitter:data1\" content=\"te-online\" \/>\n\t<meta name=\"twitter:label2\" content=\"Gesch\u00e4tzte Lesezeit\" \/>\n\t<meta name=\"twitter:data2\" content=\"1\u00a0Minute\" \/>\n<script type=\"application\/ld+json\" class=\"yoast-schema-graph\">{\"@context\":\"https:\\\/\\\/schema.org\",\"@graph\":[{\"@type\":\"Article\",\"@id\":\"https:\\\/\\\/oase-gronau-losser.org\\\/de\\\/2013\\\/oase-feuer-startet-am-3-mai-9\\\/#article\",\"isPartOf\":{\"@id\":\"https:\\\/\\\/oase-gronau-losser.org\\\/de\\\/2013\\\/oase-feuer-startet-am-3-mai-9\\\/\"},\"author\":{\"name\":\"te-online\",\"@id\":\"https:\\\/\\\/oase-gronau-losser.org\\\/de\\\/#\\\/schema\\\/person\\\/6d8d8eabb55d875999796f3bd3c77493\"},\"headline\":\"&#8222;Oase-Feuer&#8220; startet am 3. Mai\",\"datePublished\":\"2013-04-26T10:00:00+00:00\",\"mainEntityOfPage\":{\"@id\":\"https:\\\/\\\/oase-gronau-losser.org\\\/de\\\/2013\\\/oase-feuer-startet-am-3-mai-9\\\/\"},\"wordCount\":268,\"inLanguage\":\"de\"},{\"@type\":\"WebPage\",\"@id\":\"https:\\\/\\\/oase-gronau-losser.org\\\/de\\\/2013\\\/oase-feuer-startet-am-3-mai-9\\\/\",\"url\":\"https:\\\/\\\/oase-gronau-losser.org\\\/de\\\/2013\\\/oase-feuer-startet-am-3-mai-9\\\/\",\"name\":\"\\\"Oase-Feuer\\\" startet am 3. Mai - \u00d6kumenischer Kirchengarten OASE\",\"isPartOf\":{\"@id\":\"https:\\\/\\\/oase-gronau-losser.org\\\/de\\\/#website\"},\"datePublished\":\"2013-04-26T10:00:00+00:00\",\"author\":{\"@id\":\"https:\\\/\\\/oase-gronau-losser.org\\\/de\\\/#\\\/schema\\\/person\\\/6d8d8eabb55d875999796f3bd3c77493\"},\"breadcrumb\":{\"@id\":\"https:\\\/\\\/oase-gronau-losser.org\\\/de\\\/2013\\\/oase-feuer-startet-am-3-mai-9\\\/#breadcrumb\"},\"inLanguage\":\"de\",\"potentialAction\":[{\"@type\":\"ReadAction\",\"target\":[\"https:\\\/\\\/oase-gronau-losser.org\\\/de\\\/2013\\\/oase-feuer-startet-am-3-mai-9\\\/\"]}]},{\"@type\":\"BreadcrumbList\",\"@id\":\"https:\\\/\\\/oase-gronau-losser.org\\\/de\\\/2013\\\/oase-feuer-startet-am-3-mai-9\\\/#breadcrumb\",\"itemListElement\":[{\"@type\":\"ListItem\",\"position\":1,\"name\":\"Home\",\"item\":\"https:\\\/\\\/oase-gronau-losser.org\\\/de\\\/\"},{\"@type\":\"ListItem\",\"position\":2,\"name\":\"&#8222;Oase-Feuer&#8220; startet am 3. Mai\"}]},{\"@type\":\"WebSite\",\"@id\":\"https:\\\/\\\/oase-gronau-losser.org\\\/de\\\/#website\",\"url\":\"https:\\\/\\\/oase-gronau-losser.org\\\/de\\\/\",\"name\":\"\u00d6kumenischer Kirchengarten OASE\",\"description\":\"Oecumenische Kerkentuin OASE \u2013 Christenen aan de grens\",\"potentialAction\":[{\"@type\":\"SearchAction\",\"target\":{\"@type\":\"EntryPoint\",\"urlTemplate\":\"https:\\\/\\\/oase-gronau-losser.org\\\/de\\\/?s={search_term_string}\"},\"query-input\":{\"@type\":\"PropertyValueSpecification\",\"valueRequired\":true,\"valueName\":\"search_term_string\"}}],\"inLanguage\":\"de\"},{\"@type\":\"Person\",\"@id\":\"https:\\\/\\\/oase-gronau-losser.org\\\/de\\\/#\\\/schema\\\/person\\\/6d8d8eabb55d875999796f3bd3c77493\",\"name\":\"te-online\",\"image\":{\"@type\":\"ImageObject\",\"inLanguage\":\"de\",\"@id\":\"https:\\\/\\\/secure.gravatar.com\\\/avatar\\\/5843780f5450e62b7f15559a7c2ec410e45b8319ea58ac7f862616ac6da9e9bc?s=96&d=mm&r=g\",\"url\":\"https:\\\/\\\/secure.gravatar.com\\\/avatar\\\/5843780f5450e62b7f15559a7c2ec410e45b8319ea58ac7f862616ac6da9e9bc?s=96&d=mm&r=g\",\"contentUrl\":\"https:\\\/\\\/secure.gravatar.com\\\/avatar\\\/5843780f5450e62b7f15559a7c2ec410e45b8319ea58ac7f862616ac6da9e9bc?s=96&d=mm&r=g\",\"caption\":\"te-online\"},\"url\":\"https:\\\/\\\/oase-gronau-losser.org\\\/de\\\/author\\\/te-online\\\/\"}]}<\/script>\n<!-- \/ Yoast SEO plugin. -->","yoast_head_json":{"title":"\"Oase-Feuer\" startet am 3. Mai - \u00d6kumenischer Kirchengarten OASE","robots":{"index":"index","follow":"follow","max-snippet":"max-snippet:-1","max-image-preview":"max-image-preview:large","max-video-preview":"max-video-preview:-1"},"canonical":"https:\/\/oase-gronau-losser.org\/de\/2013\/oase-feuer-startet-am-3-mai-9\/","og_locale":"de_DE","og_type":"article","og_title":"\"Oase-Feuer\" startet am 3. Mai - \u00d6kumenischer Kirchengarten OASE","og_description":"Am Freitag, dem 3. Mai, startet der Verein \"&Ouml;kumenischer Kirchengarten - christenen aan de grens\" mit seinen Abenden am Lagerfeuer auf dem Gel&auml;nde an der Dinkelstra&szlig;e. Wie jedes Jahr beginnen sie um 19.00 Uhr, Getr&auml;nke und Imbiss werden angeboten.","og_url":"https:\/\/oase-gronau-losser.org\/de\/2013\/oase-feuer-startet-am-3-mai-9\/","og_site_name":"\u00d6kumenischer Kirchengarten OASE","article_published_time":"2013-04-26T10:00:00+00:00","author":"te-online","twitter_card":"summary_large_image","twitter_misc":{"Verfasst von":"te-online","Gesch\u00e4tzte Lesezeit":"1\u00a0Minute"},"schema":{"@context":"https:\/\/schema.org","@graph":[{"@type":"Article","@id":"https:\/\/oase-gronau-losser.org\/de\/2013\/oase-feuer-startet-am-3-mai-9\/#article","isPartOf":{"@id":"https:\/\/oase-gronau-losser.org\/de\/2013\/oase-feuer-startet-am-3-mai-9\/"},"author":{"name":"te-online","@id":"https:\/\/oase-gronau-losser.org\/de\/#\/schema\/person\/6d8d8eabb55d875999796f3bd3c77493"},"headline":"&#8222;Oase-Feuer&#8220; startet am 3. Mai","datePublished":"2013-04-26T10:00:00+00:00","mainEntityOfPage":{"@id":"https:\/\/oase-gronau-losser.org\/de\/2013\/oase-feuer-startet-am-3-mai-9\/"},"wordCount":268,"inLanguage":"de"},{"@type":"WebPage","@id":"https:\/\/oase-gronau-losser.org\/de\/2013\/oase-feuer-startet-am-3-mai-9\/","url":"https:\/\/oase-gronau-losser.org\/de\/2013\/oase-feuer-startet-am-3-mai-9\/","name":"\"Oase-Feuer\" startet am 3. Mai - \u00d6kumenischer Kirchengarten OASE","isPartOf":{"@id":"https:\/\/oase-gronau-losser.org\/de\/#website"},"datePublished":"2013-04-26T10:00:00+00:00","author":{"@id":"https:\/\/oase-gronau-losser.org\/de\/#\/schema\/person\/6d8d8eabb55d875999796f3bd3c77493"},"breadcrumb":{"@id":"https:\/\/oase-gronau-losser.org\/de\/2013\/oase-feuer-startet-am-3-mai-9\/#breadcrumb"},"inLanguage":"de","potentialAction":[{"@type":"ReadAction","target":["https:\/\/oase-gronau-losser.org\/de\/2013\/oase-feuer-startet-am-3-mai-9\/"]}]},{"@type":"BreadcrumbList","@id":"https:\/\/oase-gronau-losser.org\/de\/2013\/oase-feuer-startet-am-3-mai-9\/#breadcrumb","itemListElement":[{"@type":"ListItem","position":1,"name":"Home","item":"https:\/\/oase-gronau-losser.org\/de\/"},{"@type":"ListItem","position":2,"name":"&#8222;Oase-Feuer&#8220; startet am 3. Mai"}]},{"@type":"WebSite","@id":"https:\/\/oase-gronau-losser.org\/de\/#website","url":"https:\/\/oase-gronau-losser.org\/de\/","name":"\u00d6kumenischer Kirchengarten OASE","description":"Oecumenische Kerkentuin OASE \u2013 Christenen aan de grens","potentialAction":[{"@type":"SearchAction","target":{"@type":"EntryPoint","urlTemplate":"https:\/\/oase-gronau-losser.org\/de\/?s={search_term_string}"},"query-input":{"@type":"PropertyValueSpecification","valueRequired":true,"valueName":"search_term_string"}}],"inLanguage":"de"},{"@type":"Person","@id":"https:\/\/oase-gronau-losser.org\/de\/#\/schema\/person\/6d8d8eabb55d875999796f3bd3c77493","name":"te-online","image":{"@type":"ImageObject","inLanguage":"de","@id":"https:\/\/secure.gravatar.com\/avatar\/5843780f5450e62b7f15559a7c2ec410e45b8319ea58ac7f862616ac6da9e9bc?s=96&d=mm&r=g","url":"https:\/\/secure.gravatar.com\/avatar\/5843780f5450e62b7f15559a7c2ec410e45b8319ea58ac7f862616ac6da9e9bc?s=96&d=mm&r=g","contentUrl":"https:\/\/secure.gravatar.com\/avatar\/5843780f5450e62b7f15559a7c2ec410e45b8319ea58ac7f862616ac6da9e9bc?s=96&d=mm&r=g","caption":"te-online"},"url":"https:\/\/oase-gronau-losser.org\/de\/author\/te-online\/"}]}},"_links":{"self":[{"href":"https:\/\/oase-gronau-losser.org\/de\/wp-json\/wp\/v2\/posts\/2199","targetHints":{"allow":["GET"]}}],"collection":[{"href":"https:\/\/oase-gronau-losser.org\/de\/wp-json\/wp\/v2\/posts"}],"about":[{"href":"https:\/\/oase-gronau-losser.org\/de\/wp-json\/wp\/v2\/types\/post"}],"author":[{"embeddable":true,"href":"https:\/\/oase-gronau-losser.org\/de\/wp-json\/wp\/v2\/users\/1"}],"replies":[{"embeddable":true,"href":"https:\/\/oase-gronau-losser.org\/de\/wp-json\/wp\/v2\/comments?post=2199"}],"version-history":[{"count":0,"href":"https:\/\/oase-gronau-losser.org\/de\/wp-json\/wp\/v2\/posts\/2199\/revisions"}],"wp:attachment":[{"href":"https:\/\/oase-gronau-losser.org\/de\/wp-json\/wp\/v2\/media?parent=2199"}],"wp:term":[{"taxonomy":"category","embeddable":true,"href":"https:\/\/oase-gronau-losser.org\/de\/wp-json\/wp\/v2\/categories?post=2199"},{"taxonomy":"post_tag","embeddable":true,"href":"https:\/\/oase-gronau-losser.org\/de\/wp-json\/wp\/v2\/tags?post=2199"}],"curies":[{"name":"wp","href":"https:\/\/api.w.org\/{rel}","templated":true}]}}