{"id":2197,"date":"2012-12-22T12:00:00","date_gmt":"2012-12-22T11:00:00","guid":{"rendered":"\/\/oase-gronau-losser.org\/de\/dreiknigswanderung-am-sonntag-6-januar-2013-9\/"},"modified":"2012-12-22T12:00:00","modified_gmt":"2012-12-22T11:00:00","slug":"dreiknigswanderung-am-sonntag-6-januar-2013-9","status":"publish","type":"post","link":"https:\/\/oase-gronau-losser.org\/de\/2012\/dreiknigswanderung-am-sonntag-6-januar-2013-9\/","title":{"rendered":"Dreik&ouml;nigswanderung am Sonntag, 6. Januar 2013"},"content":{"rendered":"<p><!DOCTYPE html PUBLIC \"-\/\/W3C\/\/DTD HTML 4.0 Transitional\/\/EN\" \"\/\/www.w3.org\/TR\/REC-html40\/loose.dtd\"><br \/>\n<html><head><meta http-equiv=\"content-type\" content=\"text\/html; charset=utf-8\"><\/head><body><\/p>\n<p>Gleich nach der Jahreswende l\u00e4dt die Oase ein:<\/p>\n<p><span style=\"font-size: medium;\"><strong>Dreik\u00f6nigswanderung Sonntag 6. Januar 2013 zwischen 14.00 bis 14.30 Uhr<\/strong><\/span><\/p>\n<p><span style=\"font-size: medium;\"><strong>Treffpunkt: Hof Brefeld\u00a0 in Gronau\/Epe\u00a0 Sunderhook 3\u00a0 <\/strong><\/span><\/p>\n<p>Die Oase m\u00f6chte diese internationale \u00f6kumenische Wandertour auch in 2013 gestalten. Die Tour hat Stefan van Delden im Au\u00dfenbereich von Epe ausgesucht. Sie dauert etwa 1 Stunde und f\u00fchrt durch die m\u00fcnsterl\u00e4ndische Parklandschaft.<br \/>Der Hof Brefeld wurde schon vor Jahren als Ferienhof ausgebaut und besitzt am Rande ein Holzhaus, in dem wir uns hinterher versammeln k\u00f6nnen.<\/p>\n<p><strong>Wegbeschreibung:<\/strong><br \/>&#8211;\u00a0\u00a0\u00a0 von Losser \u00fcber Overdinkel,\u00a0 an der Ampel rechts Richtung Gronau<br \/>&#8211;\u00a0\u00a0\u00a0 immer geradeaus durch die Stadt hindurch Richtung Epe<br \/>&#8211;\u00a0\u00a0\u00a0 unter der Br\u00fccke der B54n immer geradeaus <br \/>&#8211;\u00a0\u00a0\u00a0 am gro\u00dfen Kreisel in Epe <strong>1. Ausfahrt rechts<\/strong>: Hofkamp<br \/>&#8211;\u00a0\u00a0\u00a0 Hofkamp bis zum Stoppschild \u2013 rechts ab in den Amelandsbr\u00fcckenweg<br \/>&#8211;\u00a0\u00a0\u00a0 nach ca. 200 m 1. Stra\u00dfe links: Sunderhooker Weg <br \/>&#8211;\u00a0\u00a0\u00a0 Am Ende kleine Einfahrt zu Brefelds Hof<\/p>\n<p>Zur Orientierung werden wir Pfeile mit dem Stichwort \u201eOase\u201c anbringen.<\/p>\n<p>Kuchen und sonstige leckere Backwaren sind in diesem Zusammenhang wie immer sehr willkommen.<\/p>\n<p><\/body><\/p>\n","protected":false},"excerpt":{"rendered":"<p>Gleich nach der Jahreswende l&auml;dt die Oase ein:<\/p>\n<p><span style=\"font-size: medium;\"><strong>Dreik&ouml;nigswanderung Sonntag 6. Januar 2013 zwischen 14.00 bis 14.30 Uhr<\/strong><\/span><\/p>\n","protected":false},"author":1,"featured_media":0,"comment_status":"closed","ping_status":"open","sticky":false,"template":"","format":"standard","meta":{"_acf_changed":false,"footnotes":""},"categories":[1],"tags":[],"class_list":["post-2197","post","type-post","status-publish","format-standard","hentry","category-allgemein"],"acf":[],"yoast_head":"<!-- This site is optimized with the Yoast SEO plugin v27.5 - https:\/\/yoast.com\/product\/yoast-seo-wordpress\/ -->\n<title>Dreik&ouml;nigswanderung am Sonntag, 6. Januar 2013 - \u00d6kumenischer Kirchengarten OASE<\/title>\n<meta name=\"robots\" content=\"index, follow, max-snippet:-1, max-image-preview:large, max-video-preview:-1\" \/>\n<link rel=\"canonical\" href=\"https:\/\/oase-gronau-losser.org\/de\/2012\/dreiknigswanderung-am-sonntag-6-januar-2013-9\/\" \/>\n<meta property=\"og:locale\" content=\"de_DE\" \/>\n<meta property=\"og:type\" content=\"article\" \/>\n<meta property=\"og:title\" content=\"Dreik&ouml;nigswanderung am Sonntag, 6. Januar 2013 - \u00d6kumenischer Kirchengarten OASE\" \/>\n<meta property=\"og:description\" content=\"Gleich nach der Jahreswende l&auml;dt die Oase ein: Dreik&ouml;nigswanderung Sonntag 6. Januar 2013 zwischen 14.00 bis 14.30 Uhr\" \/>\n<meta property=\"og:url\" content=\"https:\/\/oase-gronau-losser.org\/de\/2012\/dreiknigswanderung-am-sonntag-6-januar-2013-9\/\" \/>\n<meta property=\"og:site_name\" content=\"\u00d6kumenischer Kirchengarten OASE\" \/>\n<meta property=\"article:published_time\" content=\"2012-12-22T11:00:00+00:00\" \/>\n<meta name=\"author\" content=\"te-online\" \/>\n<meta name=\"twitter:card\" content=\"summary_large_image\" \/>\n<meta name=\"twitter:label1\" content=\"Verfasst von\" \/>\n\t<meta name=\"twitter:data1\" content=\"te-online\" \/>\n\t<meta name=\"twitter:label2\" content=\"Gesch\u00e4tzte Lesezeit\" \/>\n\t<meta name=\"twitter:data2\" content=\"1\u00a0Minute\" \/>\n<script type=\"application\/ld+json\" class=\"yoast-schema-graph\">{\"@context\":\"https:\\\/\\\/schema.org\",\"@graph\":[{\"@type\":\"Article\",\"@id\":\"https:\\\/\\\/oase-gronau-losser.org\\\/de\\\/2012\\\/dreiknigswanderung-am-sonntag-6-januar-2013-9\\\/#article\",\"isPartOf\":{\"@id\":\"https:\\\/\\\/oase-gronau-losser.org\\\/de\\\/2012\\\/dreiknigswanderung-am-sonntag-6-januar-2013-9\\\/\"},\"author\":{\"name\":\"te-online\",\"@id\":\"https:\\\/\\\/oase-gronau-losser.org\\\/de\\\/#\\\/schema\\\/person\\\/6d8d8eabb55d875999796f3bd3c77493\"},\"headline\":\"Dreik&ouml;nigswanderung am Sonntag, 6. Januar 2013\",\"datePublished\":\"2012-12-22T11:00:00+00:00\",\"mainEntityOfPage\":{\"@id\":\"https:\\\/\\\/oase-gronau-losser.org\\\/de\\\/2012\\\/dreiknigswanderung-am-sonntag-6-januar-2013-9\\\/\"},\"wordCount\":177,\"inLanguage\":\"de\"},{\"@type\":\"WebPage\",\"@id\":\"https:\\\/\\\/oase-gronau-losser.org\\\/de\\\/2012\\\/dreiknigswanderung-am-sonntag-6-januar-2013-9\\\/\",\"url\":\"https:\\\/\\\/oase-gronau-losser.org\\\/de\\\/2012\\\/dreiknigswanderung-am-sonntag-6-januar-2013-9\\\/\",\"name\":\"Dreik&ouml;nigswanderung am Sonntag, 6. Januar 2013 - \u00d6kumenischer Kirchengarten OASE\",\"isPartOf\":{\"@id\":\"https:\\\/\\\/oase-gronau-losser.org\\\/de\\\/#website\"},\"datePublished\":\"2012-12-22T11:00:00+00:00\",\"author\":{\"@id\":\"https:\\\/\\\/oase-gronau-losser.org\\\/de\\\/#\\\/schema\\\/person\\\/6d8d8eabb55d875999796f3bd3c77493\"},\"breadcrumb\":{\"@id\":\"https:\\\/\\\/oase-gronau-losser.org\\\/de\\\/2012\\\/dreiknigswanderung-am-sonntag-6-januar-2013-9\\\/#breadcrumb\"},\"inLanguage\":\"de\",\"potentialAction\":[{\"@type\":\"ReadAction\",\"target\":[\"https:\\\/\\\/oase-gronau-losser.org\\\/de\\\/2012\\\/dreiknigswanderung-am-sonntag-6-januar-2013-9\\\/\"]}]},{\"@type\":\"BreadcrumbList\",\"@id\":\"https:\\\/\\\/oase-gronau-losser.org\\\/de\\\/2012\\\/dreiknigswanderung-am-sonntag-6-januar-2013-9\\\/#breadcrumb\",\"itemListElement\":[{\"@type\":\"ListItem\",\"position\":1,\"name\":\"Home\",\"item\":\"https:\\\/\\\/oase-gronau-losser.org\\\/de\\\/\"},{\"@type\":\"ListItem\",\"position\":2,\"name\":\"Dreik&ouml;nigswanderung am Sonntag, 6. Januar 2013\"}]},{\"@type\":\"WebSite\",\"@id\":\"https:\\\/\\\/oase-gronau-losser.org\\\/de\\\/#website\",\"url\":\"https:\\\/\\\/oase-gronau-losser.org\\\/de\\\/\",\"name\":\"\u00d6kumenischer Kirchengarten OASE\",\"description\":\"Oecumenische Kerkentuin OASE \u2013 Christenen aan de grens\",\"potentialAction\":[{\"@type\":\"SearchAction\",\"target\":{\"@type\":\"EntryPoint\",\"urlTemplate\":\"https:\\\/\\\/oase-gronau-losser.org\\\/de\\\/?s={search_term_string}\"},\"query-input\":{\"@type\":\"PropertyValueSpecification\",\"valueRequired\":true,\"valueName\":\"search_term_string\"}}],\"inLanguage\":\"de\"},{\"@type\":\"Person\",\"@id\":\"https:\\\/\\\/oase-gronau-losser.org\\\/de\\\/#\\\/schema\\\/person\\\/6d8d8eabb55d875999796f3bd3c77493\",\"name\":\"te-online\",\"image\":{\"@type\":\"ImageObject\",\"inLanguage\":\"de\",\"@id\":\"https:\\\/\\\/secure.gravatar.com\\\/avatar\\\/5843780f5450e62b7f15559a7c2ec410e45b8319ea58ac7f862616ac6da9e9bc?s=96&d=mm&r=g\",\"url\":\"https:\\\/\\\/secure.gravatar.com\\\/avatar\\\/5843780f5450e62b7f15559a7c2ec410e45b8319ea58ac7f862616ac6da9e9bc?s=96&d=mm&r=g\",\"contentUrl\":\"https:\\\/\\\/secure.gravatar.com\\\/avatar\\\/5843780f5450e62b7f15559a7c2ec410e45b8319ea58ac7f862616ac6da9e9bc?s=96&d=mm&r=g\",\"caption\":\"te-online\"},\"url\":\"https:\\\/\\\/oase-gronau-losser.org\\\/de\\\/author\\\/te-online\\\/\"}]}<\/script>\n<!-- \/ Yoast SEO plugin. -->","yoast_head_json":{"title":"Dreik&ouml;nigswanderung am Sonntag, 6. Januar 2013 - \u00d6kumenischer Kirchengarten OASE","robots":{"index":"index","follow":"follow","max-snippet":"max-snippet:-1","max-image-preview":"max-image-preview:large","max-video-preview":"max-video-preview:-1"},"canonical":"https:\/\/oase-gronau-losser.org\/de\/2012\/dreiknigswanderung-am-sonntag-6-januar-2013-9\/","og_locale":"de_DE","og_type":"article","og_title":"Dreik&ouml;nigswanderung am Sonntag, 6. Januar 2013 - \u00d6kumenischer Kirchengarten OASE","og_description":"Gleich nach der Jahreswende l&auml;dt die Oase ein: Dreik&ouml;nigswanderung Sonntag 6. Januar 2013 zwischen 14.00 bis 14.30 Uhr","og_url":"https:\/\/oase-gronau-losser.org\/de\/2012\/dreiknigswanderung-am-sonntag-6-januar-2013-9\/","og_site_name":"\u00d6kumenischer Kirchengarten OASE","article_published_time":"2012-12-22T11:00:00+00:00","author":"te-online","twitter_card":"summary_large_image","twitter_misc":{"Verfasst von":"te-online","Gesch\u00e4tzte Lesezeit":"1\u00a0Minute"},"schema":{"@context":"https:\/\/schema.org","@graph":[{"@type":"Article","@id":"https:\/\/oase-gronau-losser.org\/de\/2012\/dreiknigswanderung-am-sonntag-6-januar-2013-9\/#article","isPartOf":{"@id":"https:\/\/oase-gronau-losser.org\/de\/2012\/dreiknigswanderung-am-sonntag-6-januar-2013-9\/"},"author":{"name":"te-online","@id":"https:\/\/oase-gronau-losser.org\/de\/#\/schema\/person\/6d8d8eabb55d875999796f3bd3c77493"},"headline":"Dreik&ouml;nigswanderung am Sonntag, 6. Januar 2013","datePublished":"2012-12-22T11:00:00+00:00","mainEntityOfPage":{"@id":"https:\/\/oase-gronau-losser.org\/de\/2012\/dreiknigswanderung-am-sonntag-6-januar-2013-9\/"},"wordCount":177,"inLanguage":"de"},{"@type":"WebPage","@id":"https:\/\/oase-gronau-losser.org\/de\/2012\/dreiknigswanderung-am-sonntag-6-januar-2013-9\/","url":"https:\/\/oase-gronau-losser.org\/de\/2012\/dreiknigswanderung-am-sonntag-6-januar-2013-9\/","name":"Dreik&ouml;nigswanderung am Sonntag, 6. Januar 2013 - \u00d6kumenischer Kirchengarten OASE","isPartOf":{"@id":"https:\/\/oase-gronau-losser.org\/de\/#website"},"datePublished":"2012-12-22T11:00:00+00:00","author":{"@id":"https:\/\/oase-gronau-losser.org\/de\/#\/schema\/person\/6d8d8eabb55d875999796f3bd3c77493"},"breadcrumb":{"@id":"https:\/\/oase-gronau-losser.org\/de\/2012\/dreiknigswanderung-am-sonntag-6-januar-2013-9\/#breadcrumb"},"inLanguage":"de","potentialAction":[{"@type":"ReadAction","target":["https:\/\/oase-gronau-losser.org\/de\/2012\/dreiknigswanderung-am-sonntag-6-januar-2013-9\/"]}]},{"@type":"BreadcrumbList","@id":"https:\/\/oase-gronau-losser.org\/de\/2012\/dreiknigswanderung-am-sonntag-6-januar-2013-9\/#breadcrumb","itemListElement":[{"@type":"ListItem","position":1,"name":"Home","item":"https:\/\/oase-gronau-losser.org\/de\/"},{"@type":"ListItem","position":2,"name":"Dreik&ouml;nigswanderung am Sonntag, 6. Januar 2013"}]},{"@type":"WebSite","@id":"https:\/\/oase-gronau-losser.org\/de\/#website","url":"https:\/\/oase-gronau-losser.org\/de\/","name":"\u00d6kumenischer Kirchengarten OASE","description":"Oecumenische Kerkentuin OASE \u2013 Christenen aan de grens","potentialAction":[{"@type":"SearchAction","target":{"@type":"EntryPoint","urlTemplate":"https:\/\/oase-gronau-losser.org\/de\/?s={search_term_string}"},"query-input":{"@type":"PropertyValueSpecification","valueRequired":true,"valueName":"search_term_string"}}],"inLanguage":"de"},{"@type":"Person","@id":"https:\/\/oase-gronau-losser.org\/de\/#\/schema\/person\/6d8d8eabb55d875999796f3bd3c77493","name":"te-online","image":{"@type":"ImageObject","inLanguage":"de","@id":"https:\/\/secure.gravatar.com\/avatar\/5843780f5450e62b7f15559a7c2ec410e45b8319ea58ac7f862616ac6da9e9bc?s=96&d=mm&r=g","url":"https:\/\/secure.gravatar.com\/avatar\/5843780f5450e62b7f15559a7c2ec410e45b8319ea58ac7f862616ac6da9e9bc?s=96&d=mm&r=g","contentUrl":"https:\/\/secure.gravatar.com\/avatar\/5843780f5450e62b7f15559a7c2ec410e45b8319ea58ac7f862616ac6da9e9bc?s=96&d=mm&r=g","caption":"te-online"},"url":"https:\/\/oase-gronau-losser.org\/de\/author\/te-online\/"}]}},"_links":{"self":[{"href":"https:\/\/oase-gronau-losser.org\/de\/wp-json\/wp\/v2\/posts\/2197","targetHints":{"allow":["GET"]}}],"collection":[{"href":"https:\/\/oase-gronau-losser.org\/de\/wp-json\/wp\/v2\/posts"}],"about":[{"href":"https:\/\/oase-gronau-losser.org\/de\/wp-json\/wp\/v2\/types\/post"}],"author":[{"embeddable":true,"href":"https:\/\/oase-gronau-losser.org\/de\/wp-json\/wp\/v2\/users\/1"}],"replies":[{"embeddable":true,"href":"https:\/\/oase-gronau-losser.org\/de\/wp-json\/wp\/v2\/comments?post=2197"}],"version-history":[{"count":0,"href":"https:\/\/oase-gronau-losser.org\/de\/wp-json\/wp\/v2\/posts\/2197\/revisions"}],"wp:attachment":[{"href":"https:\/\/oase-gronau-losser.org\/de\/wp-json\/wp\/v2\/media?parent=2197"}],"wp:term":[{"taxonomy":"category","embeddable":true,"href":"https:\/\/oase-gronau-losser.org\/de\/wp-json\/wp\/v2\/categories?post=2197"},{"taxonomy":"post_tag","embeddable":true,"href":"https:\/\/oase-gronau-losser.org\/de\/wp-json\/wp\/v2\/tags?post=2197"}],"curies":[{"name":"wp","href":"https:\/\/api.w.org\/{rel}","templated":true}]}}