{"id":2196,"date":"2012-10-07T12:00:00","date_gmt":"2012-10-07T10:00:00","guid":{"rendered":"\/\/oase-gronau-losser.org\/de\/zum-schluss-ein-frchtefest-9\/"},"modified":"2012-10-07T12:00:00","modified_gmt":"2012-10-07T10:00:00","slug":"zum-schluss-ein-frchtefest-9","status":"publish","type":"post","link":"https:\/\/oase-gronau-losser.org\/de\/2012\/zum-schluss-ein-frchtefest-9\/","title":{"rendered":"Zum Schluss ein Fr&uuml;chtefest"},"content":{"rendered":"<p><!DOCTYPE html PUBLIC \"-\/\/W3C\/\/DTD HTML 4.0 Transitional\/\/EN\" \"\/\/www.w3.org\/TR\/REC-html40\/loose.dtd\"><br \/>\n<html><head><meta http-equiv=\"content-type\" content=\"text\/html; charset=utf-8\"><\/head><body><\/p>\n<p>Bei sch\u00f6nem Herbstwetter labten sich die G\u00e4ste an Suppe, Zwiebelkuchen und frisch gepresstem Apfelsaft. Au\u00dferdem gab es Marmeladen, Lik\u00f6re und weitere K\u00f6stlichkeiten zu kaufen&#8230;<\/p>\n<p><img loading=\"lazy\" decoding=\"async\" class=\"decoded\" style=\"float: left; margin: 0 10px 10px 0;\" src=\"\/\/oase-gronau-losser.org\/de\/wp-content\/uploads\/sites\/2\/2014\/12\/image003.jpg\" alt=\"\/\/www.oase-gronau-losser.org\/images\/stories\/image003.jpg\" width=\"243\" height=\"161\">Ein mit Kronkorken gef\u00fclltes Einmachglas lud zum Raten ein, wie viele Kronkorken sich in ihm befanden. F\u00fcr die drei besten Rater gab es Pr\u00e4sentk\u00f6rbe. Sieger wurde Silas Ricking, der mit seinem Tipp 630 am n\u00e4chsten an der tats\u00e4chlichen Anzahl von 632 Kronkorken lag. Die Kongohilfe und der Niger-Aktivkreis waren mit eigenen St\u00e4nden vertreten und verkauften Socken und Handt\u00fccher f\u00fcr ihre Projekte. Der Imkerverein hat wieder Kerzengie\u00dfen angeboten. Beendet wurde der offizielle Teil mit einem \u00f6kumenischen, deutsch-niederl\u00e4ndischen Gottesdienst unter dem Motto der interkulturellen Woche: \u201eHerzlich willkommen \u2013 wer immer du bist\u201c. Mitglieder und Helfer beendeten den Tag mit einem Fest bei Grillgut und Salaten.<\/p>\n<p>Das \u201eOase\u201c-Team bedankt sich bei allen Besuchern und Helfern und freut sich auf die Saison 2013, hei\u00dft es in einer Mitteilung.<\/p>\n<p>Bildunterschrift: Silas Riking hatte beim Kronkorken-Sch\u00e4tzen die Nase vorn und gewann einen Pr\u00e4sentkorb<\/p>\n<p><em>aus Westf\u00e4lische Nachrichten von Freitag, 05.10.2012<\/em><\/p>\n<p><\/body><\/p>\n","protected":false},"excerpt":{"rendered":"<p>Bei sch&ouml;nem Herbstwetter labten sich die G&auml;ste an Suppe, Zwiebelkuchen und frisch gepresstem Apfelsaft. Au&szlig;erdem gab es Marmeladen, Lik&ouml;re und weitere K&ouml;stlichkeiten zu kaufen&#8230;<\/p>\n","protected":false},"author":1,"featured_media":0,"comment_status":"closed","ping_status":"open","sticky":false,"template":"","format":"standard","meta":{"_acf_changed":false,"footnotes":""},"categories":[1],"tags":[],"class_list":["post-2196","post","type-post","status-publish","format-standard","hentry","category-allgemein"],"acf":[],"yoast_head":"<!-- This site is optimized with the Yoast SEO plugin v27.5 - https:\/\/yoast.com\/product\/yoast-seo-wordpress\/ -->\n<title>Zum Schluss ein Fr&uuml;chtefest - \u00d6kumenischer Kirchengarten OASE<\/title>\n<meta name=\"robots\" content=\"index, follow, max-snippet:-1, max-image-preview:large, max-video-preview:-1\" \/>\n<link rel=\"canonical\" href=\"https:\/\/oase-gronau-losser.org\/de\/2012\/zum-schluss-ein-frchtefest-9\/\" \/>\n<meta property=\"og:locale\" content=\"de_DE\" \/>\n<meta property=\"og:type\" content=\"article\" \/>\n<meta property=\"og:title\" content=\"Zum Schluss ein Fr&uuml;chtefest - \u00d6kumenischer Kirchengarten OASE\" \/>\n<meta property=\"og:description\" content=\"Bei sch&ouml;nem Herbstwetter labten sich die G&auml;ste an Suppe, Zwiebelkuchen und frisch gepresstem Apfelsaft. Au&szlig;erdem gab es Marmeladen, Lik&ouml;re und weitere K&ouml;stlichkeiten zu kaufen...\" \/>\n<meta property=\"og:url\" content=\"https:\/\/oase-gronau-losser.org\/de\/2012\/zum-schluss-ein-frchtefest-9\/\" \/>\n<meta property=\"og:site_name\" content=\"\u00d6kumenischer Kirchengarten OASE\" \/>\n<meta property=\"article:published_time\" content=\"2012-10-07T10:00:00+00:00\" \/>\n<meta property=\"og:image\" content=\"\/\/oase-gronau-losser.org\/de\/wp-content\/uploads\/sites\/2\/2014\/12\/image003.jpg\" \/>\n<meta name=\"author\" content=\"te-online\" \/>\n<meta name=\"twitter:card\" content=\"summary_large_image\" \/>\n<meta name=\"twitter:label1\" content=\"Verfasst von\" \/>\n\t<meta name=\"twitter:data1\" content=\"te-online\" \/>\n\t<meta name=\"twitter:label2\" content=\"Gesch\u00e4tzte Lesezeit\" \/>\n\t<meta name=\"twitter:data2\" content=\"1\u00a0Minute\" \/>\n<script type=\"application\/ld+json\" class=\"yoast-schema-graph\">{\"@context\":\"https:\\\/\\\/schema.org\",\"@graph\":[{\"@type\":\"Article\",\"@id\":\"https:\\\/\\\/oase-gronau-losser.org\\\/de\\\/2012\\\/zum-schluss-ein-frchtefest-9\\\/#article\",\"isPartOf\":{\"@id\":\"https:\\\/\\\/oase-gronau-losser.org\\\/de\\\/2012\\\/zum-schluss-ein-frchtefest-9\\\/\"},\"author\":{\"name\":\"te-online\",\"@id\":\"https:\\\/\\\/oase-gronau-losser.org\\\/de\\\/#\\\/schema\\\/person\\\/6d8d8eabb55d875999796f3bd3c77493\"},\"headline\":\"Zum Schluss ein Fr&uuml;chtefest\",\"datePublished\":\"2012-10-07T10:00:00+00:00\",\"mainEntityOfPage\":{\"@id\":\"https:\\\/\\\/oase-gronau-losser.org\\\/de\\\/2012\\\/zum-schluss-ein-frchtefest-9\\\/\"},\"wordCount\":189,\"inLanguage\":\"de\"},{\"@type\":\"WebPage\",\"@id\":\"https:\\\/\\\/oase-gronau-losser.org\\\/de\\\/2012\\\/zum-schluss-ein-frchtefest-9\\\/\",\"url\":\"https:\\\/\\\/oase-gronau-losser.org\\\/de\\\/2012\\\/zum-schluss-ein-frchtefest-9\\\/\",\"name\":\"Zum Schluss ein Fr&uuml;chtefest - \u00d6kumenischer Kirchengarten OASE\",\"isPartOf\":{\"@id\":\"https:\\\/\\\/oase-gronau-losser.org\\\/de\\\/#website\"},\"datePublished\":\"2012-10-07T10:00:00+00:00\",\"author\":{\"@id\":\"https:\\\/\\\/oase-gronau-losser.org\\\/de\\\/#\\\/schema\\\/person\\\/6d8d8eabb55d875999796f3bd3c77493\"},\"breadcrumb\":{\"@id\":\"https:\\\/\\\/oase-gronau-losser.org\\\/de\\\/2012\\\/zum-schluss-ein-frchtefest-9\\\/#breadcrumb\"},\"inLanguage\":\"de\",\"potentialAction\":[{\"@type\":\"ReadAction\",\"target\":[\"https:\\\/\\\/oase-gronau-losser.org\\\/de\\\/2012\\\/zum-schluss-ein-frchtefest-9\\\/\"]}]},{\"@type\":\"BreadcrumbList\",\"@id\":\"https:\\\/\\\/oase-gronau-losser.org\\\/de\\\/2012\\\/zum-schluss-ein-frchtefest-9\\\/#breadcrumb\",\"itemListElement\":[{\"@type\":\"ListItem\",\"position\":1,\"name\":\"Home\",\"item\":\"https:\\\/\\\/oase-gronau-losser.org\\\/de\\\/\"},{\"@type\":\"ListItem\",\"position\":2,\"name\":\"Zum Schluss ein Fr&uuml;chtefest\"}]},{\"@type\":\"WebSite\",\"@id\":\"https:\\\/\\\/oase-gronau-losser.org\\\/de\\\/#website\",\"url\":\"https:\\\/\\\/oase-gronau-losser.org\\\/de\\\/\",\"name\":\"\u00d6kumenischer Kirchengarten OASE\",\"description\":\"Oecumenische Kerkentuin OASE \u2013 Christenen aan de grens\",\"potentialAction\":[{\"@type\":\"SearchAction\",\"target\":{\"@type\":\"EntryPoint\",\"urlTemplate\":\"https:\\\/\\\/oase-gronau-losser.org\\\/de\\\/?s={search_term_string}\"},\"query-input\":{\"@type\":\"PropertyValueSpecification\",\"valueRequired\":true,\"valueName\":\"search_term_string\"}}],\"inLanguage\":\"de\"},{\"@type\":\"Person\",\"@id\":\"https:\\\/\\\/oase-gronau-losser.org\\\/de\\\/#\\\/schema\\\/person\\\/6d8d8eabb55d875999796f3bd3c77493\",\"name\":\"te-online\",\"image\":{\"@type\":\"ImageObject\",\"inLanguage\":\"de\",\"@id\":\"https:\\\/\\\/secure.gravatar.com\\\/avatar\\\/5843780f5450e62b7f15559a7c2ec410e45b8319ea58ac7f862616ac6da9e9bc?s=96&d=mm&r=g\",\"url\":\"https:\\\/\\\/secure.gravatar.com\\\/avatar\\\/5843780f5450e62b7f15559a7c2ec410e45b8319ea58ac7f862616ac6da9e9bc?s=96&d=mm&r=g\",\"contentUrl\":\"https:\\\/\\\/secure.gravatar.com\\\/avatar\\\/5843780f5450e62b7f15559a7c2ec410e45b8319ea58ac7f862616ac6da9e9bc?s=96&d=mm&r=g\",\"caption\":\"te-online\"},\"url\":\"https:\\\/\\\/oase-gronau-losser.org\\\/de\\\/author\\\/te-online\\\/\"}]}<\/script>\n<!-- \/ Yoast SEO plugin. -->","yoast_head_json":{"title":"Zum Schluss ein Fr&uuml;chtefest - \u00d6kumenischer Kirchengarten OASE","robots":{"index":"index","follow":"follow","max-snippet":"max-snippet:-1","max-image-preview":"max-image-preview:large","max-video-preview":"max-video-preview:-1"},"canonical":"https:\/\/oase-gronau-losser.org\/de\/2012\/zum-schluss-ein-frchtefest-9\/","og_locale":"de_DE","og_type":"article","og_title":"Zum Schluss ein Fr&uuml;chtefest - \u00d6kumenischer Kirchengarten OASE","og_description":"Bei sch&ouml;nem Herbstwetter labten sich die G&auml;ste an Suppe, Zwiebelkuchen und frisch gepresstem Apfelsaft. Au&szlig;erdem gab es Marmeladen, Lik&ouml;re und weitere K&ouml;stlichkeiten zu kaufen...","og_url":"https:\/\/oase-gronau-losser.org\/de\/2012\/zum-schluss-ein-frchtefest-9\/","og_site_name":"\u00d6kumenischer Kirchengarten OASE","article_published_time":"2012-10-07T10:00:00+00:00","og_image":[{"url":"\/\/oase-gronau-losser.org\/de\/wp-content\/uploads\/sites\/2\/2014\/12\/image003.jpg","type":"","width":"","height":""}],"author":"te-online","twitter_card":"summary_large_image","twitter_misc":{"Verfasst von":"te-online","Gesch\u00e4tzte Lesezeit":"1\u00a0Minute"},"schema":{"@context":"https:\/\/schema.org","@graph":[{"@type":"Article","@id":"https:\/\/oase-gronau-losser.org\/de\/2012\/zum-schluss-ein-frchtefest-9\/#article","isPartOf":{"@id":"https:\/\/oase-gronau-losser.org\/de\/2012\/zum-schluss-ein-frchtefest-9\/"},"author":{"name":"te-online","@id":"https:\/\/oase-gronau-losser.org\/de\/#\/schema\/person\/6d8d8eabb55d875999796f3bd3c77493"},"headline":"Zum Schluss ein Fr&uuml;chtefest","datePublished":"2012-10-07T10:00:00+00:00","mainEntityOfPage":{"@id":"https:\/\/oase-gronau-losser.org\/de\/2012\/zum-schluss-ein-frchtefest-9\/"},"wordCount":189,"inLanguage":"de"},{"@type":"WebPage","@id":"https:\/\/oase-gronau-losser.org\/de\/2012\/zum-schluss-ein-frchtefest-9\/","url":"https:\/\/oase-gronau-losser.org\/de\/2012\/zum-schluss-ein-frchtefest-9\/","name":"Zum Schluss ein Fr&uuml;chtefest - \u00d6kumenischer Kirchengarten OASE","isPartOf":{"@id":"https:\/\/oase-gronau-losser.org\/de\/#website"},"datePublished":"2012-10-07T10:00:00+00:00","author":{"@id":"https:\/\/oase-gronau-losser.org\/de\/#\/schema\/person\/6d8d8eabb55d875999796f3bd3c77493"},"breadcrumb":{"@id":"https:\/\/oase-gronau-losser.org\/de\/2012\/zum-schluss-ein-frchtefest-9\/#breadcrumb"},"inLanguage":"de","potentialAction":[{"@type":"ReadAction","target":["https:\/\/oase-gronau-losser.org\/de\/2012\/zum-schluss-ein-frchtefest-9\/"]}]},{"@type":"BreadcrumbList","@id":"https:\/\/oase-gronau-losser.org\/de\/2012\/zum-schluss-ein-frchtefest-9\/#breadcrumb","itemListElement":[{"@type":"ListItem","position":1,"name":"Home","item":"https:\/\/oase-gronau-losser.org\/de\/"},{"@type":"ListItem","position":2,"name":"Zum Schluss ein Fr&uuml;chtefest"}]},{"@type":"WebSite","@id":"https:\/\/oase-gronau-losser.org\/de\/#website","url":"https:\/\/oase-gronau-losser.org\/de\/","name":"\u00d6kumenischer Kirchengarten OASE","description":"Oecumenische Kerkentuin OASE \u2013 Christenen aan de grens","potentialAction":[{"@type":"SearchAction","target":{"@type":"EntryPoint","urlTemplate":"https:\/\/oase-gronau-losser.org\/de\/?s={search_term_string}"},"query-input":{"@type":"PropertyValueSpecification","valueRequired":true,"valueName":"search_term_string"}}],"inLanguage":"de"},{"@type":"Person","@id":"https:\/\/oase-gronau-losser.org\/de\/#\/schema\/person\/6d8d8eabb55d875999796f3bd3c77493","name":"te-online","image":{"@type":"ImageObject","inLanguage":"de","@id":"https:\/\/secure.gravatar.com\/avatar\/5843780f5450e62b7f15559a7c2ec410e45b8319ea58ac7f862616ac6da9e9bc?s=96&d=mm&r=g","url":"https:\/\/secure.gravatar.com\/avatar\/5843780f5450e62b7f15559a7c2ec410e45b8319ea58ac7f862616ac6da9e9bc?s=96&d=mm&r=g","contentUrl":"https:\/\/secure.gravatar.com\/avatar\/5843780f5450e62b7f15559a7c2ec410e45b8319ea58ac7f862616ac6da9e9bc?s=96&d=mm&r=g","caption":"te-online"},"url":"https:\/\/oase-gronau-losser.org\/de\/author\/te-online\/"}]}},"_links":{"self":[{"href":"https:\/\/oase-gronau-losser.org\/de\/wp-json\/wp\/v2\/posts\/2196","targetHints":{"allow":["GET"]}}],"collection":[{"href":"https:\/\/oase-gronau-losser.org\/de\/wp-json\/wp\/v2\/posts"}],"about":[{"href":"https:\/\/oase-gronau-losser.org\/de\/wp-json\/wp\/v2\/types\/post"}],"author":[{"embeddable":true,"href":"https:\/\/oase-gronau-losser.org\/de\/wp-json\/wp\/v2\/users\/1"}],"replies":[{"embeddable":true,"href":"https:\/\/oase-gronau-losser.org\/de\/wp-json\/wp\/v2\/comments?post=2196"}],"version-history":[{"count":0,"href":"https:\/\/oase-gronau-losser.org\/de\/wp-json\/wp\/v2\/posts\/2196\/revisions"}],"wp:attachment":[{"href":"https:\/\/oase-gronau-losser.org\/de\/wp-json\/wp\/v2\/media?parent=2196"}],"wp:term":[{"taxonomy":"category","embeddable":true,"href":"https:\/\/oase-gronau-losser.org\/de\/wp-json\/wp\/v2\/categories?post=2196"},{"taxonomy":"post_tag","embeddable":true,"href":"https:\/\/oase-gronau-losser.org\/de\/wp-json\/wp\/v2\/tags?post=2196"}],"curies":[{"name":"wp","href":"https:\/\/api.w.org\/{rel}","templated":true}]}}