{"id":2182,"date":"2011-05-19T12:00:00","date_gmt":"2011-05-19T10:00:00","guid":{"rendered":"\/\/oase-gronau-losser.org\/de\/die-botschaft-der-bume-oase-feuer-am-20-05-2011-13\/"},"modified":"2011-05-19T12:00:00","modified_gmt":"2011-05-19T10:00:00","slug":"die-botschaft-der-bume-oase-feuer-am-20-05-2011-13","status":"publish","type":"post","link":"https:\/\/oase-gronau-losser.org\/de\/2011\/die-botschaft-der-bume-oase-feuer-am-20-05-2011-13\/","title":{"rendered":"Die Botschaft der B&auml;ume  &#8211; Oase-Feuer am 20.05.2011"},"content":{"rendered":"<p><!DOCTYPE html PUBLIC \"-\/\/W3C\/\/DTD HTML 4.0 Transitional\/\/EN\" \"\/\/www.w3.org\/TR\/REC-html40\/loose.dtd\"><br \/>\n<html><head><meta http-equiv=\"content-type\" content=\"text\/html; charset=utf-8\"><\/head><body><\/p>\n<p>Am Freitag, den 20.05. dreht sich beim Feuerabend auf der Oase wieder alles um den \u201eBaum\u201c.<\/p>\n<p>Seit Jahrtausenden  spielen die B\u00e4ume in den Mythen der Religionen eine wichtige Rolle. Und auch aus den Erz\u00e4hlungen der Bibel kennen wir das Motiv des Baums als Symbol des Lebens. Pfarrerin Heike Bergmann wird mit der Auslegung einiger religi\u00f6ser Geschichten vom Baum und Beispiele aus anderen Kulturkreisen den Abend gestalten. Alle Interessierten sind herzlich eingeladen, um 19.00 Uhr auf das Gel\u00e4nde an der Dinkelstra\u00dfe zu kommen. Brot, Wein und andere Getr\u00e4nke stehen bereit.<\/p>\n<p><\/body><\/p>\n","protected":false},"excerpt":{"rendered":"<p>Am Freitag, den 20.05. dreht sich beim Feuerabend auf der Oase wieder alles um den \u201eBaum\u201c.<\/p>\n","protected":false},"author":1,"featured_media":0,"comment_status":"closed","ping_status":"open","sticky":false,"template":"","format":"standard","meta":{"_acf_changed":false,"footnotes":""},"categories":[1],"tags":[],"class_list":["post-2182","post","type-post","status-publish","format-standard","hentry","category-allgemein"],"acf":[],"yoast_head":"<!-- This site is optimized with the Yoast SEO plugin v27.5 - https:\/\/yoast.com\/product\/yoast-seo-wordpress\/ -->\n<title>Die Botschaft der B&auml;ume - Oase-Feuer am 20.05.2011 - \u00d6kumenischer Kirchengarten OASE<\/title>\n<meta name=\"robots\" content=\"index, follow, max-snippet:-1, max-image-preview:large, max-video-preview:-1\" \/>\n<link rel=\"canonical\" href=\"https:\/\/oase-gronau-losser.org\/de\/2011\/die-botschaft-der-bume-oase-feuer-am-20-05-2011-13\/\" \/>\n<meta property=\"og:locale\" content=\"de_DE\" \/>\n<meta property=\"og:type\" content=\"article\" \/>\n<meta property=\"og:title\" content=\"Die Botschaft der B&auml;ume - Oase-Feuer am 20.05.2011 - \u00d6kumenischer Kirchengarten OASE\" \/>\n<meta property=\"og:description\" content=\"Am Freitag, den 20.05. dreht sich beim Feuerabend auf der Oase wieder alles um den \u201eBaum\u201c.\" \/>\n<meta property=\"og:url\" content=\"https:\/\/oase-gronau-losser.org\/de\/2011\/die-botschaft-der-bume-oase-feuer-am-20-05-2011-13\/\" \/>\n<meta property=\"og:site_name\" content=\"\u00d6kumenischer Kirchengarten OASE\" \/>\n<meta property=\"article:published_time\" content=\"2011-05-19T10:00:00+00:00\" \/>\n<meta name=\"author\" content=\"te-online\" \/>\n<meta name=\"twitter:card\" content=\"summary_large_image\" \/>\n<meta name=\"twitter:label1\" content=\"Verfasst von\" \/>\n\t<meta name=\"twitter:data1\" content=\"te-online\" \/>\n<script type=\"application\/ld+json\" class=\"yoast-schema-graph\">{\"@context\":\"https:\\\/\\\/schema.org\",\"@graph\":[{\"@type\":\"Article\",\"@id\":\"https:\\\/\\\/oase-gronau-losser.org\\\/de\\\/2011\\\/die-botschaft-der-bume-oase-feuer-am-20-05-2011-13\\\/#article\",\"isPartOf\":{\"@id\":\"https:\\\/\\\/oase-gronau-losser.org\\\/de\\\/2011\\\/die-botschaft-der-bume-oase-feuer-am-20-05-2011-13\\\/\"},\"author\":{\"name\":\"te-online\",\"@id\":\"https:\\\/\\\/oase-gronau-losser.org\\\/de\\\/#\\\/schema\\\/person\\\/6d8d8eabb55d875999796f3bd3c77493\"},\"headline\":\"Die Botschaft der B&auml;ume &#8211; Oase-Feuer am 20.05.2011\",\"datePublished\":\"2011-05-19T10:00:00+00:00\",\"mainEntityOfPage\":{\"@id\":\"https:\\\/\\\/oase-gronau-losser.org\\\/de\\\/2011\\\/die-botschaft-der-bume-oase-feuer-am-20-05-2011-13\\\/\"},\"wordCount\":102,\"inLanguage\":\"de\"},{\"@type\":\"WebPage\",\"@id\":\"https:\\\/\\\/oase-gronau-losser.org\\\/de\\\/2011\\\/die-botschaft-der-bume-oase-feuer-am-20-05-2011-13\\\/\",\"url\":\"https:\\\/\\\/oase-gronau-losser.org\\\/de\\\/2011\\\/die-botschaft-der-bume-oase-feuer-am-20-05-2011-13\\\/\",\"name\":\"Die Botschaft der B&auml;ume - Oase-Feuer am 20.05.2011 - \u00d6kumenischer Kirchengarten OASE\",\"isPartOf\":{\"@id\":\"https:\\\/\\\/oase-gronau-losser.org\\\/de\\\/#website\"},\"datePublished\":\"2011-05-19T10:00:00+00:00\",\"author\":{\"@id\":\"https:\\\/\\\/oase-gronau-losser.org\\\/de\\\/#\\\/schema\\\/person\\\/6d8d8eabb55d875999796f3bd3c77493\"},\"breadcrumb\":{\"@id\":\"https:\\\/\\\/oase-gronau-losser.org\\\/de\\\/2011\\\/die-botschaft-der-bume-oase-feuer-am-20-05-2011-13\\\/#breadcrumb\"},\"inLanguage\":\"de\",\"potentialAction\":[{\"@type\":\"ReadAction\",\"target\":[\"https:\\\/\\\/oase-gronau-losser.org\\\/de\\\/2011\\\/die-botschaft-der-bume-oase-feuer-am-20-05-2011-13\\\/\"]}]},{\"@type\":\"BreadcrumbList\",\"@id\":\"https:\\\/\\\/oase-gronau-losser.org\\\/de\\\/2011\\\/die-botschaft-der-bume-oase-feuer-am-20-05-2011-13\\\/#breadcrumb\",\"itemListElement\":[{\"@type\":\"ListItem\",\"position\":1,\"name\":\"Home\",\"item\":\"https:\\\/\\\/oase-gronau-losser.org\\\/de\\\/\"},{\"@type\":\"ListItem\",\"position\":2,\"name\":\"Die Botschaft der B&auml;ume &#8211; Oase-Feuer am 20.05.2011\"}]},{\"@type\":\"WebSite\",\"@id\":\"https:\\\/\\\/oase-gronau-losser.org\\\/de\\\/#website\",\"url\":\"https:\\\/\\\/oase-gronau-losser.org\\\/de\\\/\",\"name\":\"\u00d6kumenischer Kirchengarten OASE\",\"description\":\"Oecumenische Kerkentuin OASE \u2013 Christenen aan de grens\",\"potentialAction\":[{\"@type\":\"SearchAction\",\"target\":{\"@type\":\"EntryPoint\",\"urlTemplate\":\"https:\\\/\\\/oase-gronau-losser.org\\\/de\\\/?s={search_term_string}\"},\"query-input\":{\"@type\":\"PropertyValueSpecification\",\"valueRequired\":true,\"valueName\":\"search_term_string\"}}],\"inLanguage\":\"de\"},{\"@type\":\"Person\",\"@id\":\"https:\\\/\\\/oase-gronau-losser.org\\\/de\\\/#\\\/schema\\\/person\\\/6d8d8eabb55d875999796f3bd3c77493\",\"name\":\"te-online\",\"image\":{\"@type\":\"ImageObject\",\"inLanguage\":\"de\",\"@id\":\"https:\\\/\\\/secure.gravatar.com\\\/avatar\\\/5843780f5450e62b7f15559a7c2ec410e45b8319ea58ac7f862616ac6da9e9bc?s=96&d=mm&r=g\",\"url\":\"https:\\\/\\\/secure.gravatar.com\\\/avatar\\\/5843780f5450e62b7f15559a7c2ec410e45b8319ea58ac7f862616ac6da9e9bc?s=96&d=mm&r=g\",\"contentUrl\":\"https:\\\/\\\/secure.gravatar.com\\\/avatar\\\/5843780f5450e62b7f15559a7c2ec410e45b8319ea58ac7f862616ac6da9e9bc?s=96&d=mm&r=g\",\"caption\":\"te-online\"},\"url\":\"https:\\\/\\\/oase-gronau-losser.org\\\/de\\\/author\\\/te-online\\\/\"}]}<\/script>\n<!-- \/ Yoast SEO plugin. -->","yoast_head_json":{"title":"Die Botschaft der B&auml;ume - Oase-Feuer am 20.05.2011 - \u00d6kumenischer Kirchengarten OASE","robots":{"index":"index","follow":"follow","max-snippet":"max-snippet:-1","max-image-preview":"max-image-preview:large","max-video-preview":"max-video-preview:-1"},"canonical":"https:\/\/oase-gronau-losser.org\/de\/2011\/die-botschaft-der-bume-oase-feuer-am-20-05-2011-13\/","og_locale":"de_DE","og_type":"article","og_title":"Die Botschaft der B&auml;ume - Oase-Feuer am 20.05.2011 - \u00d6kumenischer Kirchengarten OASE","og_description":"Am Freitag, den 20.05. dreht sich beim Feuerabend auf der Oase wieder alles um den \u201eBaum\u201c.","og_url":"https:\/\/oase-gronau-losser.org\/de\/2011\/die-botschaft-der-bume-oase-feuer-am-20-05-2011-13\/","og_site_name":"\u00d6kumenischer Kirchengarten OASE","article_published_time":"2011-05-19T10:00:00+00:00","author":"te-online","twitter_card":"summary_large_image","twitter_misc":{"Verfasst von":"te-online"},"schema":{"@context":"https:\/\/schema.org","@graph":[{"@type":"Article","@id":"https:\/\/oase-gronau-losser.org\/de\/2011\/die-botschaft-der-bume-oase-feuer-am-20-05-2011-13\/#article","isPartOf":{"@id":"https:\/\/oase-gronau-losser.org\/de\/2011\/die-botschaft-der-bume-oase-feuer-am-20-05-2011-13\/"},"author":{"name":"te-online","@id":"https:\/\/oase-gronau-losser.org\/de\/#\/schema\/person\/6d8d8eabb55d875999796f3bd3c77493"},"headline":"Die Botschaft der B&auml;ume &#8211; Oase-Feuer am 20.05.2011","datePublished":"2011-05-19T10:00:00+00:00","mainEntityOfPage":{"@id":"https:\/\/oase-gronau-losser.org\/de\/2011\/die-botschaft-der-bume-oase-feuer-am-20-05-2011-13\/"},"wordCount":102,"inLanguage":"de"},{"@type":"WebPage","@id":"https:\/\/oase-gronau-losser.org\/de\/2011\/die-botschaft-der-bume-oase-feuer-am-20-05-2011-13\/","url":"https:\/\/oase-gronau-losser.org\/de\/2011\/die-botschaft-der-bume-oase-feuer-am-20-05-2011-13\/","name":"Die Botschaft der B&auml;ume - Oase-Feuer am 20.05.2011 - \u00d6kumenischer Kirchengarten OASE","isPartOf":{"@id":"https:\/\/oase-gronau-losser.org\/de\/#website"},"datePublished":"2011-05-19T10:00:00+00:00","author":{"@id":"https:\/\/oase-gronau-losser.org\/de\/#\/schema\/person\/6d8d8eabb55d875999796f3bd3c77493"},"breadcrumb":{"@id":"https:\/\/oase-gronau-losser.org\/de\/2011\/die-botschaft-der-bume-oase-feuer-am-20-05-2011-13\/#breadcrumb"},"inLanguage":"de","potentialAction":[{"@type":"ReadAction","target":["https:\/\/oase-gronau-losser.org\/de\/2011\/die-botschaft-der-bume-oase-feuer-am-20-05-2011-13\/"]}]},{"@type":"BreadcrumbList","@id":"https:\/\/oase-gronau-losser.org\/de\/2011\/die-botschaft-der-bume-oase-feuer-am-20-05-2011-13\/#breadcrumb","itemListElement":[{"@type":"ListItem","position":1,"name":"Home","item":"https:\/\/oase-gronau-losser.org\/de\/"},{"@type":"ListItem","position":2,"name":"Die Botschaft der B&auml;ume &#8211; Oase-Feuer am 20.05.2011"}]},{"@type":"WebSite","@id":"https:\/\/oase-gronau-losser.org\/de\/#website","url":"https:\/\/oase-gronau-losser.org\/de\/","name":"\u00d6kumenischer Kirchengarten OASE","description":"Oecumenische Kerkentuin OASE \u2013 Christenen aan de grens","potentialAction":[{"@type":"SearchAction","target":{"@type":"EntryPoint","urlTemplate":"https:\/\/oase-gronau-losser.org\/de\/?s={search_term_string}"},"query-input":{"@type":"PropertyValueSpecification","valueRequired":true,"valueName":"search_term_string"}}],"inLanguage":"de"},{"@type":"Person","@id":"https:\/\/oase-gronau-losser.org\/de\/#\/schema\/person\/6d8d8eabb55d875999796f3bd3c77493","name":"te-online","image":{"@type":"ImageObject","inLanguage":"de","@id":"https:\/\/secure.gravatar.com\/avatar\/5843780f5450e62b7f15559a7c2ec410e45b8319ea58ac7f862616ac6da9e9bc?s=96&d=mm&r=g","url":"https:\/\/secure.gravatar.com\/avatar\/5843780f5450e62b7f15559a7c2ec410e45b8319ea58ac7f862616ac6da9e9bc?s=96&d=mm&r=g","contentUrl":"https:\/\/secure.gravatar.com\/avatar\/5843780f5450e62b7f15559a7c2ec410e45b8319ea58ac7f862616ac6da9e9bc?s=96&d=mm&r=g","caption":"te-online"},"url":"https:\/\/oase-gronau-losser.org\/de\/author\/te-online\/"}]}},"_links":{"self":[{"href":"https:\/\/oase-gronau-losser.org\/de\/wp-json\/wp\/v2\/posts\/2182","targetHints":{"allow":["GET"]}}],"collection":[{"href":"https:\/\/oase-gronau-losser.org\/de\/wp-json\/wp\/v2\/posts"}],"about":[{"href":"https:\/\/oase-gronau-losser.org\/de\/wp-json\/wp\/v2\/types\/post"}],"author":[{"embeddable":true,"href":"https:\/\/oase-gronau-losser.org\/de\/wp-json\/wp\/v2\/users\/1"}],"replies":[{"embeddable":true,"href":"https:\/\/oase-gronau-losser.org\/de\/wp-json\/wp\/v2\/comments?post=2182"}],"version-history":[{"count":0,"href":"https:\/\/oase-gronau-losser.org\/de\/wp-json\/wp\/v2\/posts\/2182\/revisions"}],"wp:attachment":[{"href":"https:\/\/oase-gronau-losser.org\/de\/wp-json\/wp\/v2\/media?parent=2182"}],"wp:term":[{"taxonomy":"category","embeddable":true,"href":"https:\/\/oase-gronau-losser.org\/de\/wp-json\/wp\/v2\/categories?post=2182"},{"taxonomy":"post_tag","embeddable":true,"href":"https:\/\/oase-gronau-losser.org\/de\/wp-json\/wp\/v2\/tags?post=2182"}],"curies":[{"name":"wp","href":"https:\/\/api.w.org\/{rel}","templated":true}]}}