{"id":2145,"date":"2010-02-15T12:00:00","date_gmt":"2010-02-15T11:00:00","guid":{"rendered":"\/\/oase-gronau-losser.org\/de\/deutschniederlndischer-seniorentag-auf-der-oase-28\/"},"modified":"2010-02-15T12:00:00","modified_gmt":"2010-02-15T11:00:00","slug":"deutschniederlndischer-seniorentag-auf-der-oase-28","status":"publish","type":"post","link":"https:\/\/oase-gronau-losser.org\/de\/2010\/deutschniederlndischer-seniorentag-auf-der-oase-28\/","title":{"rendered":"Deutsch\/Niederl&auml;ndischer Seniorentag auf der OASE"},"content":{"rendered":"<p><!DOCTYPE html PUBLIC \"-\/\/W3C\/\/DTD HTML 4.0 Transitional\/\/EN\" \"\/\/www.w3.org\/TR\/REC-html40\/loose.dtd\"><br \/>\n<html><head><meta http-equiv=\"content-type\" content=\"text\/html; charset=utf-8\"><\/head><body><\/p>\n<p>Bereits zum 4. Mal findet am<strong> Samstag, 19.09.09 ab 15.00 Uhr<\/strong> der  grenz\u00fcberschreitende Seniorennachmittag auf dem Gel\u00e4nde der OASE  zwischen Gronau und Losser statt.<\/p>\n<p><img decoding=\"async\" src=\"\/\/oase-gronau-losser.org\/de\/wp-content\/uploads\/sites\/2\/2014\/12\/senioren09.jpg\" alt=\"Seniorentag\"><\/p>\n<p>Bereits zum 4. Mal findet am Samstag, 19.09.09 ab 15.00 h der  grenz\u00fcberschreitende Seniorennachmittag auf dem Gel\u00e4nde der OASE  zwischen Gronau und Losser statt. Ziel der Veranstaltung ist es den  anwesenden Besuchern ein buntes Programm mit Geschichten, Sketchen,  Liedern und T\u00e4nzen aus der Grenzregion zu unterhalten. In einer  Gemeinschaftsaktion wird anl\u00e4\u00dflich dieses Tages ein Baum gepflanzt. <\/p>\n<p>Erwartet werden in diesem Jahr auch einige Delegationen von  Senioren aus Overdinkel, Losser und Glanerbr\u00fcck. <\/p>\n<p>Enden wird der Nachmittag traditionell mit einem 2 sprachigen  \u00f6kumenischen Gottesdienst. Alle Interessiert sind herzlich hierzu  eingeladen. Der Eintritt von 3 Euro beinhaltet Kaffee &amp; Kuchen<\/p>\n<p><strong>Programmablauf<\/strong> <\/p>\n<p><strong>Samstag, 19.Sept. 2009<\/strong> <\/p>\n<p><strong>Beginn um 15.00 h<\/strong> <br \/><strong>Begr\u00fc\u00dfung durch die Initiatoren<\/strong> Ank van Rykom. Reinhard van Loh und Bernd Baumgartner                   <\/p>\n<p><strong>Live Musik<\/strong> <\/p>\n<p><strong>Sketche und Erz\u00e4hlungen aus dem Grenzgebiet<\/strong> <br \/>Dhr. Cor Lem und sein Freund Fritz                   <br \/>Mevr. Meyering (Losser) und Herr Lippert  (Stadtarchivar Gronau)                   <\/p>\n<p><strong>gemeinsames Pflanzen eines Baumes<\/strong> <\/p>\n<p><strong>2 &#8211; sprachige Erz\u00e4hlungen<\/strong> <\/p>\n<p><strong>17.00 h  2 &#8211; sprachiger \u00f6kumenischer  Gottesdienst<\/strong><\/p>\n<hr>\n<p><strong>V.i.S.d.P.<\/strong> <\/p>\n<p> Reinhard van Loh<br \/> Bethesda-Seniorenzentrum<br \/> Zum Lukaskrankenhaus 7<br \/> 48599 Gronau<\/p>\n<p><\/body><\/p>\n","protected":false},"excerpt":{"rendered":"<p>Bereits zum 4. Mal findet am<strong> Samstag, 19.09.09 ab 15.00 Uhr<\/strong> der  grenz&uuml;berschreitende Seniorennachmittag auf dem Gel&auml;nde der OASE  zwischen Gronau und Losser statt.<\/p>\n","protected":false},"author":1,"featured_media":0,"comment_status":"closed","ping_status":"open","sticky":false,"template":"","format":"standard","meta":{"_acf_changed":false,"footnotes":""},"categories":[1],"tags":[],"class_list":["post-2145","post","type-post","status-publish","format-standard","hentry","category-allgemein"],"acf":[],"yoast_head":"<!-- This site is optimized with the Yoast SEO plugin v27.5 - https:\/\/yoast.com\/product\/yoast-seo-wordpress\/ -->\n<title>Deutsch\/Niederl&auml;ndischer Seniorentag auf der OASE - \u00d6kumenischer Kirchengarten OASE<\/title>\n<meta name=\"robots\" content=\"index, follow, max-snippet:-1, max-image-preview:large, max-video-preview:-1\" \/>\n<link rel=\"canonical\" href=\"https:\/\/oase-gronau-losser.org\/de\/2010\/deutschniederlndischer-seniorentag-auf-der-oase-28\/\" \/>\n<meta property=\"og:locale\" content=\"de_DE\" \/>\n<meta property=\"og:type\" content=\"article\" \/>\n<meta property=\"og:title\" content=\"Deutsch\/Niederl&auml;ndischer Seniorentag auf der OASE - \u00d6kumenischer Kirchengarten OASE\" \/>\n<meta property=\"og:description\" content=\"Bereits zum 4. Mal findet am Samstag, 19.09.09 ab 15.00 Uhr der grenz&uuml;berschreitende Seniorennachmittag auf dem Gel&auml;nde der OASE zwischen Gronau und Losser statt.\" \/>\n<meta property=\"og:url\" content=\"https:\/\/oase-gronau-losser.org\/de\/2010\/deutschniederlndischer-seniorentag-auf-der-oase-28\/\" \/>\n<meta property=\"og:site_name\" content=\"\u00d6kumenischer Kirchengarten OASE\" \/>\n<meta property=\"article:published_time\" content=\"2010-02-15T11:00:00+00:00\" \/>\n<meta property=\"og:image\" content=\"\/\/oase-gronau-losser.org\/de\/wp-content\/uploads\/sites\/2\/2014\/12\/senioren09.jpg\" \/>\n<meta name=\"author\" content=\"te-online\" \/>\n<meta name=\"twitter:card\" content=\"summary_large_image\" \/>\n<meta name=\"twitter:label1\" content=\"Verfasst von\" \/>\n\t<meta name=\"twitter:data1\" content=\"te-online\" \/>\n\t<meta name=\"twitter:label2\" content=\"Gesch\u00e4tzte Lesezeit\" \/>\n\t<meta name=\"twitter:data2\" content=\"1\u00a0Minute\" \/>\n<script type=\"application\/ld+json\" class=\"yoast-schema-graph\">{\"@context\":\"https:\\\/\\\/schema.org\",\"@graph\":[{\"@type\":\"Article\",\"@id\":\"https:\\\/\\\/oase-gronau-losser.org\\\/de\\\/2010\\\/deutschniederlndischer-seniorentag-auf-der-oase-28\\\/#article\",\"isPartOf\":{\"@id\":\"https:\\\/\\\/oase-gronau-losser.org\\\/de\\\/2010\\\/deutschniederlndischer-seniorentag-auf-der-oase-28\\\/\"},\"author\":{\"name\":\"te-online\",\"@id\":\"https:\\\/\\\/oase-gronau-losser.org\\\/de\\\/#\\\/schema\\\/person\\\/6d8d8eabb55d875999796f3bd3c77493\"},\"headline\":\"Deutsch\\\/Niederl&auml;ndischer Seniorentag auf der OASE\",\"datePublished\":\"2010-02-15T11:00:00+00:00\",\"mainEntityOfPage\":{\"@id\":\"https:\\\/\\\/oase-gronau-losser.org\\\/de\\\/2010\\\/deutschniederlndischer-seniorentag-auf-der-oase-28\\\/\"},\"wordCount\":197,\"inLanguage\":\"de\"},{\"@type\":\"WebPage\",\"@id\":\"https:\\\/\\\/oase-gronau-losser.org\\\/de\\\/2010\\\/deutschniederlndischer-seniorentag-auf-der-oase-28\\\/\",\"url\":\"https:\\\/\\\/oase-gronau-losser.org\\\/de\\\/2010\\\/deutschniederlndischer-seniorentag-auf-der-oase-28\\\/\",\"name\":\"Deutsch\\\/Niederl&auml;ndischer Seniorentag auf der OASE - \u00d6kumenischer Kirchengarten OASE\",\"isPartOf\":{\"@id\":\"https:\\\/\\\/oase-gronau-losser.org\\\/de\\\/#website\"},\"datePublished\":\"2010-02-15T11:00:00+00:00\",\"author\":{\"@id\":\"https:\\\/\\\/oase-gronau-losser.org\\\/de\\\/#\\\/schema\\\/person\\\/6d8d8eabb55d875999796f3bd3c77493\"},\"breadcrumb\":{\"@id\":\"https:\\\/\\\/oase-gronau-losser.org\\\/de\\\/2010\\\/deutschniederlndischer-seniorentag-auf-der-oase-28\\\/#breadcrumb\"},\"inLanguage\":\"de\",\"potentialAction\":[{\"@type\":\"ReadAction\",\"target\":[\"https:\\\/\\\/oase-gronau-losser.org\\\/de\\\/2010\\\/deutschniederlndischer-seniorentag-auf-der-oase-28\\\/\"]}]},{\"@type\":\"BreadcrumbList\",\"@id\":\"https:\\\/\\\/oase-gronau-losser.org\\\/de\\\/2010\\\/deutschniederlndischer-seniorentag-auf-der-oase-28\\\/#breadcrumb\",\"itemListElement\":[{\"@type\":\"ListItem\",\"position\":1,\"name\":\"Home\",\"item\":\"https:\\\/\\\/oase-gronau-losser.org\\\/de\\\/\"},{\"@type\":\"ListItem\",\"position\":2,\"name\":\"Deutsch\\\/Niederl&auml;ndischer Seniorentag auf der OASE\"}]},{\"@type\":\"WebSite\",\"@id\":\"https:\\\/\\\/oase-gronau-losser.org\\\/de\\\/#website\",\"url\":\"https:\\\/\\\/oase-gronau-losser.org\\\/de\\\/\",\"name\":\"\u00d6kumenischer Kirchengarten OASE\",\"description\":\"Oecumenische Kerkentuin OASE \u2013 Christenen aan de grens\",\"potentialAction\":[{\"@type\":\"SearchAction\",\"target\":{\"@type\":\"EntryPoint\",\"urlTemplate\":\"https:\\\/\\\/oase-gronau-losser.org\\\/de\\\/?s={search_term_string}\"},\"query-input\":{\"@type\":\"PropertyValueSpecification\",\"valueRequired\":true,\"valueName\":\"search_term_string\"}}],\"inLanguage\":\"de\"},{\"@type\":\"Person\",\"@id\":\"https:\\\/\\\/oase-gronau-losser.org\\\/de\\\/#\\\/schema\\\/person\\\/6d8d8eabb55d875999796f3bd3c77493\",\"name\":\"te-online\",\"image\":{\"@type\":\"ImageObject\",\"inLanguage\":\"de\",\"@id\":\"https:\\\/\\\/secure.gravatar.com\\\/avatar\\\/5843780f5450e62b7f15559a7c2ec410e45b8319ea58ac7f862616ac6da9e9bc?s=96&d=mm&r=g\",\"url\":\"https:\\\/\\\/secure.gravatar.com\\\/avatar\\\/5843780f5450e62b7f15559a7c2ec410e45b8319ea58ac7f862616ac6da9e9bc?s=96&d=mm&r=g\",\"contentUrl\":\"https:\\\/\\\/secure.gravatar.com\\\/avatar\\\/5843780f5450e62b7f15559a7c2ec410e45b8319ea58ac7f862616ac6da9e9bc?s=96&d=mm&r=g\",\"caption\":\"te-online\"},\"url\":\"https:\\\/\\\/oase-gronau-losser.org\\\/de\\\/author\\\/te-online\\\/\"}]}<\/script>\n<!-- \/ Yoast SEO plugin. -->","yoast_head_json":{"title":"Deutsch\/Niederl&auml;ndischer Seniorentag auf der OASE - \u00d6kumenischer Kirchengarten OASE","robots":{"index":"index","follow":"follow","max-snippet":"max-snippet:-1","max-image-preview":"max-image-preview:large","max-video-preview":"max-video-preview:-1"},"canonical":"https:\/\/oase-gronau-losser.org\/de\/2010\/deutschniederlndischer-seniorentag-auf-der-oase-28\/","og_locale":"de_DE","og_type":"article","og_title":"Deutsch\/Niederl&auml;ndischer Seniorentag auf der OASE - \u00d6kumenischer Kirchengarten OASE","og_description":"Bereits zum 4. Mal findet am Samstag, 19.09.09 ab 15.00 Uhr der grenz&uuml;berschreitende Seniorennachmittag auf dem Gel&auml;nde der OASE zwischen Gronau und Losser statt.","og_url":"https:\/\/oase-gronau-losser.org\/de\/2010\/deutschniederlndischer-seniorentag-auf-der-oase-28\/","og_site_name":"\u00d6kumenischer Kirchengarten OASE","article_published_time":"2010-02-15T11:00:00+00:00","og_image":[{"url":"\/\/oase-gronau-losser.org\/de\/wp-content\/uploads\/sites\/2\/2014\/12\/senioren09.jpg","type":"","width":"","height":""}],"author":"te-online","twitter_card":"summary_large_image","twitter_misc":{"Verfasst von":"te-online","Gesch\u00e4tzte Lesezeit":"1\u00a0Minute"},"schema":{"@context":"https:\/\/schema.org","@graph":[{"@type":"Article","@id":"https:\/\/oase-gronau-losser.org\/de\/2010\/deutschniederlndischer-seniorentag-auf-der-oase-28\/#article","isPartOf":{"@id":"https:\/\/oase-gronau-losser.org\/de\/2010\/deutschniederlndischer-seniorentag-auf-der-oase-28\/"},"author":{"name":"te-online","@id":"https:\/\/oase-gronau-losser.org\/de\/#\/schema\/person\/6d8d8eabb55d875999796f3bd3c77493"},"headline":"Deutsch\/Niederl&auml;ndischer Seniorentag auf der OASE","datePublished":"2010-02-15T11:00:00+00:00","mainEntityOfPage":{"@id":"https:\/\/oase-gronau-losser.org\/de\/2010\/deutschniederlndischer-seniorentag-auf-der-oase-28\/"},"wordCount":197,"inLanguage":"de"},{"@type":"WebPage","@id":"https:\/\/oase-gronau-losser.org\/de\/2010\/deutschniederlndischer-seniorentag-auf-der-oase-28\/","url":"https:\/\/oase-gronau-losser.org\/de\/2010\/deutschniederlndischer-seniorentag-auf-der-oase-28\/","name":"Deutsch\/Niederl&auml;ndischer Seniorentag auf der OASE - \u00d6kumenischer Kirchengarten OASE","isPartOf":{"@id":"https:\/\/oase-gronau-losser.org\/de\/#website"},"datePublished":"2010-02-15T11:00:00+00:00","author":{"@id":"https:\/\/oase-gronau-losser.org\/de\/#\/schema\/person\/6d8d8eabb55d875999796f3bd3c77493"},"breadcrumb":{"@id":"https:\/\/oase-gronau-losser.org\/de\/2010\/deutschniederlndischer-seniorentag-auf-der-oase-28\/#breadcrumb"},"inLanguage":"de","potentialAction":[{"@type":"ReadAction","target":["https:\/\/oase-gronau-losser.org\/de\/2010\/deutschniederlndischer-seniorentag-auf-der-oase-28\/"]}]},{"@type":"BreadcrumbList","@id":"https:\/\/oase-gronau-losser.org\/de\/2010\/deutschniederlndischer-seniorentag-auf-der-oase-28\/#breadcrumb","itemListElement":[{"@type":"ListItem","position":1,"name":"Home","item":"https:\/\/oase-gronau-losser.org\/de\/"},{"@type":"ListItem","position":2,"name":"Deutsch\/Niederl&auml;ndischer Seniorentag auf der OASE"}]},{"@type":"WebSite","@id":"https:\/\/oase-gronau-losser.org\/de\/#website","url":"https:\/\/oase-gronau-losser.org\/de\/","name":"\u00d6kumenischer Kirchengarten OASE","description":"Oecumenische Kerkentuin OASE \u2013 Christenen aan de grens","potentialAction":[{"@type":"SearchAction","target":{"@type":"EntryPoint","urlTemplate":"https:\/\/oase-gronau-losser.org\/de\/?s={search_term_string}"},"query-input":{"@type":"PropertyValueSpecification","valueRequired":true,"valueName":"search_term_string"}}],"inLanguage":"de"},{"@type":"Person","@id":"https:\/\/oase-gronau-losser.org\/de\/#\/schema\/person\/6d8d8eabb55d875999796f3bd3c77493","name":"te-online","image":{"@type":"ImageObject","inLanguage":"de","@id":"https:\/\/secure.gravatar.com\/avatar\/5843780f5450e62b7f15559a7c2ec410e45b8319ea58ac7f862616ac6da9e9bc?s=96&d=mm&r=g","url":"https:\/\/secure.gravatar.com\/avatar\/5843780f5450e62b7f15559a7c2ec410e45b8319ea58ac7f862616ac6da9e9bc?s=96&d=mm&r=g","contentUrl":"https:\/\/secure.gravatar.com\/avatar\/5843780f5450e62b7f15559a7c2ec410e45b8319ea58ac7f862616ac6da9e9bc?s=96&d=mm&r=g","caption":"te-online"},"url":"https:\/\/oase-gronau-losser.org\/de\/author\/te-online\/"}]}},"_links":{"self":[{"href":"https:\/\/oase-gronau-losser.org\/de\/wp-json\/wp\/v2\/posts\/2145","targetHints":{"allow":["GET"]}}],"collection":[{"href":"https:\/\/oase-gronau-losser.org\/de\/wp-json\/wp\/v2\/posts"}],"about":[{"href":"https:\/\/oase-gronau-losser.org\/de\/wp-json\/wp\/v2\/types\/post"}],"author":[{"embeddable":true,"href":"https:\/\/oase-gronau-losser.org\/de\/wp-json\/wp\/v2\/users\/1"}],"replies":[{"embeddable":true,"href":"https:\/\/oase-gronau-losser.org\/de\/wp-json\/wp\/v2\/comments?post=2145"}],"version-history":[{"count":0,"href":"https:\/\/oase-gronau-losser.org\/de\/wp-json\/wp\/v2\/posts\/2145\/revisions"}],"wp:attachment":[{"href":"https:\/\/oase-gronau-losser.org\/de\/wp-json\/wp\/v2\/media?parent=2145"}],"wp:term":[{"taxonomy":"category","embeddable":true,"href":"https:\/\/oase-gronau-losser.org\/de\/wp-json\/wp\/v2\/categories?post=2145"},{"taxonomy":"post_tag","embeddable":true,"href":"https:\/\/oase-gronau-losser.org\/de\/wp-json\/wp\/v2\/tags?post=2145"}],"curies":[{"name":"wp","href":"https:\/\/api.w.org\/{rel}","templated":true}]}}