{"id":2143,"date":"2010-02-11T12:00:00","date_gmt":"2010-02-11T11:00:00","guid":{"rendered":"\/\/oase-gronau-losser.org\/de\/gallierfest-auf-der-oase-28\/"},"modified":"2010-02-11T12:00:00","modified_gmt":"2010-02-11T11:00:00","slug":"gallierfest-auf-der-oase-28","status":"publish","type":"post","link":"https:\/\/oase-gronau-losser.org\/de\/2010\/gallierfest-auf-der-oase-28\/","title":{"rendered":"GALLIERFEST auf der Oase"},"content":{"rendered":"<p><!DOCTYPE html PUBLIC \"-\/\/W3C\/\/DTD HTML 4.0 Transitional\/\/EN\" \"\/\/www.w3.org\/TR\/REC-html40\/loose.dtd\"><br \/>\n<html><head><meta http-equiv=\"content-type\" content=\"text\/html; charset=utf-8\"><\/head><body><\/p>\n<p>Wir befinden uns im Jahr 2009 nach Christus. Ganz Gronum ist von einer  m\u00e4chtigen politischen Gruppe beherrscht. Ganz Gronum?<\/p>\n<table style=\"width: 100%;\">\n<tbody>\n<tr>\n<td>Wir befinden uns im Jahr 2009 nach  Christus. Ganz Gronum ist von einer m\u00e4chtigen politischen Gruppe  beherrscht. Ganz Gronum? Nein!!! <\/p>\n<p> Ein von unbeugsamen GALliern bev\u00f6lkertes \u00d6rtchen an der Dinkel &#8211; nennen  wir es mal Kleingronum &#8211; h\u00f6rt nicht damit auf, den Herrschenden  Widerstand zu leisten. <\/p>\n<p> Um den Widerstand zu verst\u00e4rken ist nun f\u00fcr den Samstag, den 22.08.2009  um 17.00Uhr auf der OASE in Gronau (Dinkelstra\u00dfe) ein gro\u00dfe\u00dfs  Gallierfest mit Zaubertrank und gegrilltem Wildschwein geplant. <\/p>\n<p> Aufgeregt laufen jetzt schon Majestix, Asterix und Udofix durch die  Gassen um die letzten Vorbereitungen zu treffen. W\u00e4hrend der Druide  Miraculix mit seiner goldenen Sichel die Kr\u00e4uter f\u00fcr den Zaubertrank  sammelt, suchen Fragblosnix und Tutnienix nach Holz f\u00fcr den Grill und  das Stockbrot. Wildschweine m\u00fcssen gejagt und vorbereitet werden, auch  das Dinkelkorn muss gemahlen und der Teig f\u00fcr das Brot will geknetet  werden. Kosmetix und Kost\u00fcmix besch\u00e4ftigen sich aufgeregt mit dem Outfit  von Gutemine, Dreesine und den anderen Frauen und Jungfrauen von  Kleingronum. <\/p>\n<p> Neben den kulinarischen Spezialit\u00e4ten und kulturellen Spots sind viele  gallische Spiele, wie Dinkelsteinweitwurf und Tauziehen vorgesehen.  Unter der bew\u00e4hrten Regie von Kosmetix und Kost\u00fcmix wird nach dem  reichlichen Genu\u00df des Zaubertranks noch vor Einbruch der D\u00e4mmerung eine  gallonische Kost\u00fcmpreisverleihung stattfinden. <\/p>\n<p> Also, liebe Menschen von Gronau, sucht Euch gallische Klamotten und  macht Euch am Samstagabend auf den Weg zur OASE.<\/td>\n<td width=\"2%\">\u00a0<\/td>\n<td width=\"49%\"><img decoding=\"async\" src=\"\/\/oase-gronau-losser.org\/de\/wp-content\/uploads\/sites\/2\/2014\/12\/gallier09.jpg\" alt=\"Gallierfest\"><\/p>\n<p style=\"text-align: center; font-size: 10pt;\">Zum Foto:<br \/> W\u00e4hrend Dreesine (Gabi Drees) mit Vorfreude die Vorbereitung des  Zaubertranks durch den Druiden Miraculix (Bernd Baumgartner)verfolgt,  blickt Udofix mit, wie immer, kritischem Blick auf das Treiben.<\/p>\n<p><\/td>\n<\/tr>\n<\/tbody>\n<\/table>\n<h2><a href=\"\/\/oase-gronau-losser.org\/de\/wp-content\/uploads\/sites\/2\/2014\/12\/sept09gallierflyer.pdf\" target=\"_blank\">Irische Livemusik<\/a> beim Gallierfest<\/h2>\n<p>Beim Gallierfest am Samstagabend auf der Oase tritt \u00fcberraschend eine  Gruppe mit Musik von der Gr\u00fcnen Insel auf. Die Gruppe &#8222;INNISFREE&#8220; bringt  die typisch irische Lebensfreude mit eigenen Arangements alter  Balladen, Rebellenliedern und Singalongs mitten ins Gallierdorf. Dabei  hat der mehrstimmige Gesang ein besonderes Gewicht. Der weit \u00fcber Gronau  hinaus bekannte Musiker Reinhold Leusing spielt mit seinen Kollegen  J\u00f6rg Eibner, Roland Noak und Martin Wiesel mitrei\u00dfende Jigs, Reels und  Polkas. Die Musik verf\u00fchrt zum Tanz oder zum Zuh\u00f6ren bei Zaubertrank und  Schwein vom Spie\u00df und die Veranstalter (GAL) versprechen, den Barden  nicht geknebelt in den Baum zu h\u00e4ngen.<\/p>\n<p><\/body><\/p>\n","protected":false},"excerpt":{"rendered":"<p>Wir befinden uns im Jahr 2009 nach Christus. Ganz Gronum ist von einer  m&auml;chtigen politischen Gruppe beherrscht. Ganz Gronum?<\/p>\n","protected":false},"author":1,"featured_media":0,"comment_status":"closed","ping_status":"open","sticky":false,"template":"","format":"standard","meta":{"_acf_changed":false,"footnotes":""},"categories":[1],"tags":[],"class_list":["post-2143","post","type-post","status-publish","format-standard","hentry","category-allgemein"],"acf":[],"yoast_head":"<!-- This site is optimized with the Yoast SEO plugin v27.5 - https:\/\/yoast.com\/product\/yoast-seo-wordpress\/ -->\n<title>GALLIERFEST auf der Oase - \u00d6kumenischer Kirchengarten OASE<\/title>\n<meta name=\"robots\" content=\"index, follow, max-snippet:-1, max-image-preview:large, max-video-preview:-1\" \/>\n<link rel=\"canonical\" href=\"https:\/\/oase-gronau-losser.org\/de\/2010\/gallierfest-auf-der-oase-28\/\" \/>\n<meta property=\"og:locale\" content=\"de_DE\" \/>\n<meta property=\"og:type\" content=\"article\" \/>\n<meta property=\"og:title\" content=\"GALLIERFEST auf der Oase - \u00d6kumenischer Kirchengarten OASE\" \/>\n<meta property=\"og:description\" content=\"Wir befinden uns im Jahr 2009 nach Christus. Ganz Gronum ist von einer m&auml;chtigen politischen Gruppe beherrscht. Ganz Gronum?\" \/>\n<meta property=\"og:url\" content=\"https:\/\/oase-gronau-losser.org\/de\/2010\/gallierfest-auf-der-oase-28\/\" \/>\n<meta property=\"og:site_name\" content=\"\u00d6kumenischer Kirchengarten OASE\" \/>\n<meta property=\"article:published_time\" content=\"2010-02-11T11:00:00+00:00\" \/>\n<meta property=\"og:image\" content=\"\/\/oase-gronau-losser.org\/de\/wp-content\/uploads\/sites\/2\/2014\/12\/gallier09.jpg\" \/>\n<meta name=\"author\" content=\"te-online\" \/>\n<meta name=\"twitter:card\" content=\"summary_large_image\" \/>\n<meta name=\"twitter:label1\" content=\"Verfasst von\" \/>\n\t<meta name=\"twitter:data1\" content=\"te-online\" \/>\n\t<meta name=\"twitter:label2\" content=\"Gesch\u00e4tzte Lesezeit\" \/>\n\t<meta name=\"twitter:data2\" content=\"2\u00a0Minuten\" \/>\n<script type=\"application\/ld+json\" class=\"yoast-schema-graph\">{\"@context\":\"https:\\\/\\\/schema.org\",\"@graph\":[{\"@type\":\"Article\",\"@id\":\"https:\\\/\\\/oase-gronau-losser.org\\\/de\\\/2010\\\/gallierfest-auf-der-oase-28\\\/#article\",\"isPartOf\":{\"@id\":\"https:\\\/\\\/oase-gronau-losser.org\\\/de\\\/2010\\\/gallierfest-auf-der-oase-28\\\/\"},\"author\":{\"name\":\"te-online\",\"@id\":\"https:\\\/\\\/oase-gronau-losser.org\\\/de\\\/#\\\/schema\\\/person\\\/6d8d8eabb55d875999796f3bd3c77493\"},\"headline\":\"GALLIERFEST auf der Oase\",\"datePublished\":\"2010-02-11T11:00:00+00:00\",\"mainEntityOfPage\":{\"@id\":\"https:\\\/\\\/oase-gronau-losser.org\\\/de\\\/2010\\\/gallierfest-auf-der-oase-28\\\/\"},\"wordCount\":396,\"inLanguage\":\"de\"},{\"@type\":\"WebPage\",\"@id\":\"https:\\\/\\\/oase-gronau-losser.org\\\/de\\\/2010\\\/gallierfest-auf-der-oase-28\\\/\",\"url\":\"https:\\\/\\\/oase-gronau-losser.org\\\/de\\\/2010\\\/gallierfest-auf-der-oase-28\\\/\",\"name\":\"GALLIERFEST auf der Oase - \u00d6kumenischer Kirchengarten OASE\",\"isPartOf\":{\"@id\":\"https:\\\/\\\/oase-gronau-losser.org\\\/de\\\/#website\"},\"datePublished\":\"2010-02-11T11:00:00+00:00\",\"author\":{\"@id\":\"https:\\\/\\\/oase-gronau-losser.org\\\/de\\\/#\\\/schema\\\/person\\\/6d8d8eabb55d875999796f3bd3c77493\"},\"breadcrumb\":{\"@id\":\"https:\\\/\\\/oase-gronau-losser.org\\\/de\\\/2010\\\/gallierfest-auf-der-oase-28\\\/#breadcrumb\"},\"inLanguage\":\"de\",\"potentialAction\":[{\"@type\":\"ReadAction\",\"target\":[\"https:\\\/\\\/oase-gronau-losser.org\\\/de\\\/2010\\\/gallierfest-auf-der-oase-28\\\/\"]}]},{\"@type\":\"BreadcrumbList\",\"@id\":\"https:\\\/\\\/oase-gronau-losser.org\\\/de\\\/2010\\\/gallierfest-auf-der-oase-28\\\/#breadcrumb\",\"itemListElement\":[{\"@type\":\"ListItem\",\"position\":1,\"name\":\"Home\",\"item\":\"https:\\\/\\\/oase-gronau-losser.org\\\/de\\\/\"},{\"@type\":\"ListItem\",\"position\":2,\"name\":\"GALLIERFEST auf der Oase\"}]},{\"@type\":\"WebSite\",\"@id\":\"https:\\\/\\\/oase-gronau-losser.org\\\/de\\\/#website\",\"url\":\"https:\\\/\\\/oase-gronau-losser.org\\\/de\\\/\",\"name\":\"\u00d6kumenischer Kirchengarten OASE\",\"description\":\"Oecumenische Kerkentuin OASE \u2013 Christenen aan de grens\",\"potentialAction\":[{\"@type\":\"SearchAction\",\"target\":{\"@type\":\"EntryPoint\",\"urlTemplate\":\"https:\\\/\\\/oase-gronau-losser.org\\\/de\\\/?s={search_term_string}\"},\"query-input\":{\"@type\":\"PropertyValueSpecification\",\"valueRequired\":true,\"valueName\":\"search_term_string\"}}],\"inLanguage\":\"de\"},{\"@type\":\"Person\",\"@id\":\"https:\\\/\\\/oase-gronau-losser.org\\\/de\\\/#\\\/schema\\\/person\\\/6d8d8eabb55d875999796f3bd3c77493\",\"name\":\"te-online\",\"image\":{\"@type\":\"ImageObject\",\"inLanguage\":\"de\",\"@id\":\"https:\\\/\\\/secure.gravatar.com\\\/avatar\\\/5843780f5450e62b7f15559a7c2ec410e45b8319ea58ac7f862616ac6da9e9bc?s=96&d=mm&r=g\",\"url\":\"https:\\\/\\\/secure.gravatar.com\\\/avatar\\\/5843780f5450e62b7f15559a7c2ec410e45b8319ea58ac7f862616ac6da9e9bc?s=96&d=mm&r=g\",\"contentUrl\":\"https:\\\/\\\/secure.gravatar.com\\\/avatar\\\/5843780f5450e62b7f15559a7c2ec410e45b8319ea58ac7f862616ac6da9e9bc?s=96&d=mm&r=g\",\"caption\":\"te-online\"},\"url\":\"https:\\\/\\\/oase-gronau-losser.org\\\/de\\\/author\\\/te-online\\\/\"}]}<\/script>\n<!-- \/ Yoast SEO plugin. -->","yoast_head_json":{"title":"GALLIERFEST auf der Oase - \u00d6kumenischer Kirchengarten OASE","robots":{"index":"index","follow":"follow","max-snippet":"max-snippet:-1","max-image-preview":"max-image-preview:large","max-video-preview":"max-video-preview:-1"},"canonical":"https:\/\/oase-gronau-losser.org\/de\/2010\/gallierfest-auf-der-oase-28\/","og_locale":"de_DE","og_type":"article","og_title":"GALLIERFEST auf der Oase - \u00d6kumenischer Kirchengarten OASE","og_description":"Wir befinden uns im Jahr 2009 nach Christus. Ganz Gronum ist von einer m&auml;chtigen politischen Gruppe beherrscht. Ganz Gronum?","og_url":"https:\/\/oase-gronau-losser.org\/de\/2010\/gallierfest-auf-der-oase-28\/","og_site_name":"\u00d6kumenischer Kirchengarten OASE","article_published_time":"2010-02-11T11:00:00+00:00","og_image":[{"url":"\/\/oase-gronau-losser.org\/de\/wp-content\/uploads\/sites\/2\/2014\/12\/gallier09.jpg","type":"","width":"","height":""}],"author":"te-online","twitter_card":"summary_large_image","twitter_misc":{"Verfasst von":"te-online","Gesch\u00e4tzte Lesezeit":"2\u00a0Minuten"},"schema":{"@context":"https:\/\/schema.org","@graph":[{"@type":"Article","@id":"https:\/\/oase-gronau-losser.org\/de\/2010\/gallierfest-auf-der-oase-28\/#article","isPartOf":{"@id":"https:\/\/oase-gronau-losser.org\/de\/2010\/gallierfest-auf-der-oase-28\/"},"author":{"name":"te-online","@id":"https:\/\/oase-gronau-losser.org\/de\/#\/schema\/person\/6d8d8eabb55d875999796f3bd3c77493"},"headline":"GALLIERFEST auf der Oase","datePublished":"2010-02-11T11:00:00+00:00","mainEntityOfPage":{"@id":"https:\/\/oase-gronau-losser.org\/de\/2010\/gallierfest-auf-der-oase-28\/"},"wordCount":396,"inLanguage":"de"},{"@type":"WebPage","@id":"https:\/\/oase-gronau-losser.org\/de\/2010\/gallierfest-auf-der-oase-28\/","url":"https:\/\/oase-gronau-losser.org\/de\/2010\/gallierfest-auf-der-oase-28\/","name":"GALLIERFEST auf der Oase - \u00d6kumenischer Kirchengarten OASE","isPartOf":{"@id":"https:\/\/oase-gronau-losser.org\/de\/#website"},"datePublished":"2010-02-11T11:00:00+00:00","author":{"@id":"https:\/\/oase-gronau-losser.org\/de\/#\/schema\/person\/6d8d8eabb55d875999796f3bd3c77493"},"breadcrumb":{"@id":"https:\/\/oase-gronau-losser.org\/de\/2010\/gallierfest-auf-der-oase-28\/#breadcrumb"},"inLanguage":"de","potentialAction":[{"@type":"ReadAction","target":["https:\/\/oase-gronau-losser.org\/de\/2010\/gallierfest-auf-der-oase-28\/"]}]},{"@type":"BreadcrumbList","@id":"https:\/\/oase-gronau-losser.org\/de\/2010\/gallierfest-auf-der-oase-28\/#breadcrumb","itemListElement":[{"@type":"ListItem","position":1,"name":"Home","item":"https:\/\/oase-gronau-losser.org\/de\/"},{"@type":"ListItem","position":2,"name":"GALLIERFEST auf der Oase"}]},{"@type":"WebSite","@id":"https:\/\/oase-gronau-losser.org\/de\/#website","url":"https:\/\/oase-gronau-losser.org\/de\/","name":"\u00d6kumenischer Kirchengarten OASE","description":"Oecumenische Kerkentuin OASE \u2013 Christenen aan de grens","potentialAction":[{"@type":"SearchAction","target":{"@type":"EntryPoint","urlTemplate":"https:\/\/oase-gronau-losser.org\/de\/?s={search_term_string}"},"query-input":{"@type":"PropertyValueSpecification","valueRequired":true,"valueName":"search_term_string"}}],"inLanguage":"de"},{"@type":"Person","@id":"https:\/\/oase-gronau-losser.org\/de\/#\/schema\/person\/6d8d8eabb55d875999796f3bd3c77493","name":"te-online","image":{"@type":"ImageObject","inLanguage":"de","@id":"https:\/\/secure.gravatar.com\/avatar\/5843780f5450e62b7f15559a7c2ec410e45b8319ea58ac7f862616ac6da9e9bc?s=96&d=mm&r=g","url":"https:\/\/secure.gravatar.com\/avatar\/5843780f5450e62b7f15559a7c2ec410e45b8319ea58ac7f862616ac6da9e9bc?s=96&d=mm&r=g","contentUrl":"https:\/\/secure.gravatar.com\/avatar\/5843780f5450e62b7f15559a7c2ec410e45b8319ea58ac7f862616ac6da9e9bc?s=96&d=mm&r=g","caption":"te-online"},"url":"https:\/\/oase-gronau-losser.org\/de\/author\/te-online\/"}]}},"_links":{"self":[{"href":"https:\/\/oase-gronau-losser.org\/de\/wp-json\/wp\/v2\/posts\/2143","targetHints":{"allow":["GET"]}}],"collection":[{"href":"https:\/\/oase-gronau-losser.org\/de\/wp-json\/wp\/v2\/posts"}],"about":[{"href":"https:\/\/oase-gronau-losser.org\/de\/wp-json\/wp\/v2\/types\/post"}],"author":[{"embeddable":true,"href":"https:\/\/oase-gronau-losser.org\/de\/wp-json\/wp\/v2\/users\/1"}],"replies":[{"embeddable":true,"href":"https:\/\/oase-gronau-losser.org\/de\/wp-json\/wp\/v2\/comments?post=2143"}],"version-history":[{"count":0,"href":"https:\/\/oase-gronau-losser.org\/de\/wp-json\/wp\/v2\/posts\/2143\/revisions"}],"wp:attachment":[{"href":"https:\/\/oase-gronau-losser.org\/de\/wp-json\/wp\/v2\/media?parent=2143"}],"wp:term":[{"taxonomy":"category","embeddable":true,"href":"https:\/\/oase-gronau-losser.org\/de\/wp-json\/wp\/v2\/categories?post=2143"},{"taxonomy":"post_tag","embeddable":true,"href":"https:\/\/oase-gronau-losser.org\/de\/wp-json\/wp\/v2\/tags?post=2143"}],"curies":[{"name":"wp","href":"https:\/\/api.w.org\/{rel}","templated":true}]}}